{"id":409295,"date":"2026-02-11T10:33:29","date_gmt":"2026-02-11T09:33:29","guid":{"rendered":"https:\/\/allflamenco.net\/?p=409295"},"modified":"2026-02-27T18:38:19","modified_gmt":"2026-02-27T17:38:19","slug":"xxiv-bienal-de-flamenco-de-sevilla-2026-full-official-program","status":"publish","type":"post","link":"https:\/\/allflamenco.net\/en\/blog\/xxiv-bienal-de-flamenco-de-sevilla-2026-full-official-program\/","title":{"rendered":"XXIV Bienal de Flamenco de Sevilla 2026: Full Official Program"},"content":{"rendered":"<p data-pm-slice=\"1 1 []\">From September 9 to October 3, Seville becomes the world capital of flamenco with the 24th Bienal de Flamenco\u2014a landmark edition marked by the return to the Teatro Lope de Vega, a strong commitment to contemporary creation, and a diverse, rigorous, and thrilling program.<\/p>\n<p>More than 70 performances in 11 historic venues throughout the city, featuring 52 new productions, 22 world premieres, and the participation of top-tier flamenco artists in song, dance, and guitar. From intimate recitals in baroque churches to grand galas at the Maestranza and family shows at Caixaforum, the Bienal offers a rich and emotional experience for all audiences.<\/p>\n<p>This post provides a <strong>day-by-day agenda<\/strong> with all the practical details: dates, times, venues, artists, and a direct link to book your tickets.<\/p>\n<p>\ud83d\uddd3\ufe0f <strong>Official Agenda: XXIV Bienal de Flamenco de Sevilla<\/strong> \ud83d\udccd Seville (Andalusia, Spain)<br \/>\n\ud83d\udcc5 September 9 \u2013 October 3, 2026<br \/>\n\ud83c\udfad 72 shows \u00b7 52 new productions \u00b7 22 world premieres \u00b7 24 one-night-only events \u00b7 6 exclusive matinees across 11 iconic venues<\/p>\n<h3 data-start=\"491\" data-end=\"519\">THURSDAY, SEPTEMBER 10<\/h3>\n<p data-start=\"520\" data-end=\"784\"><strong data-start=\"520\" data-end=\"531\">9:30 PM<\/strong> \u00b7 Plaza de Toros de la Real Maestranza<br data-start=\"570\" data-end=\"573\" \/><em data-start=\"576\" data-end=\"598\">El mundo por montera<\/em> \u2014 Opening Gala with Jos\u00e9 Merc\u00e9, Jos\u00e9 de la Tomasa, Martirio, Arc\u00e1ngel, La Tremendita, Ballet Flamenco de Andaluc\u00eda (Patricia Guerrero), \u00c1ngeles Toledano, El Perrete, Manuel de la Tomasa<\/p>\n<p data-start=\"520\" data-end=\"784\"><img loading=\"lazy\" decoding=\"async\" class=\"alignnone size-full wp-image-409269\" src=\"https:\/\/allflamenco.net\/wp-content\/uploads\/2026\/02\/Diapositiva1-1.png\" alt=\"\" width=\"1280\" height=\"720\" srcset=\"https:\/\/allflamenco.net\/wp-content\/uploads\/2026\/02\/Diapositiva1-1.png 1280w, https:\/\/allflamenco.net\/wp-content\/uploads\/2026\/02\/Diapositiva1-1-980x551.png 980w, https:\/\/allflamenco.net\/wp-content\/uploads\/2026\/02\/Diapositiva1-1-480x270.png 480w\" sizes=\"(min-width: 0px) and (max-width: 480px) 480px, (min-width: 481px) and (max-width: 980px) 980px, (min-width: 981px) 1280px, 100vw\" \/><\/p>\n<h3 data-start=\"786\" data-end=\"812\">FRIDAY, SEPTEMBER 11<\/h3>\n<p data-start=\"813\" data-end=\"1125\"><strong data-start=\"813\" data-end=\"829\">5:30\u20138:00 PM<\/strong> \u00b7 Caixaforum \u2014 <em data-start=\"845\" data-end=\"857\">Tirititr\u00e1n<\/em> (Family flamenco \u2013 World premiere)<br data-start=\"892\" data-end=\"895\" \/><strong data-start=\"895\" data-end=\"906\">7:00 PM<\/strong> \u00b7 Espacio Turina \u2014 <em data-start=\"926\" data-end=\"962\">Antonio Rey: Stories of a Flamenco<\/em><br data-start=\"962\" data-end=\"965\" \/><strong data-start=\"965\" data-end=\"976\">8:00 PM<\/strong> \u00b7 Teatro de la Maestranza \u2014 <em data-start=\"1005\" data-end=\"1027\">Sara Baras: Infinita<\/em> (World premiere)<br data-start=\"1044\" data-end=\"1047\" \/><strong data-start=\"1047\" data-end=\"1059\">10:30 PM<\/strong> \u00b7 Teatro Central \u2014 <em data-start=\"1079\" data-end=\"1108\">La Tremendita: Less is More<\/em> (World premiere)<\/p>\n<h3 data-start=\"1127\" data-end=\"1155\">SATURDAY, SEPTEMBER 12<\/h3>\n<p data-start=\"1156\" data-end=\"1686\"><strong data-start=\"1156\" data-end=\"1191\">11:30 AM\u20132:30 PM \/ 4:00\u20138:00 PM<\/strong> \u00b7 Caixaforum \u2014 <em data-start=\"1207\" data-end=\"1219\">Tirititr\u00e1n<\/em><br data-start=\"1219\" data-end=\"1222\" \/><strong data-start=\"1222\" data-end=\"1234\">12:00 PM<\/strong> \u00b7 Church of San Luis de los Franceses \u2014 <em data-start=\"1275\" data-end=\"1325\">Pedro el Grana\u00edno &amp; Daniel Oyarz\u00e1bal: Pan de oro<\/em> (Exclusive matin\u00e9e)<br data-start=\"1345\" data-end=\"1348\" \/><strong data-start=\"1348\" data-end=\"1359\">7:00 PM<\/strong> \u00b7 Espacio Turina \u2014 <em data-start=\"1379\" data-end=\"1423\">Canito &amp; Ra\u00fal Rodr\u00edguez: La cuerda al aire<\/em><br data-start=\"1423\" data-end=\"1426\" \/><strong data-start=\"1426\" data-end=\"1437\">8:00 PM<\/strong> \u00b7 Teatro Lope de Vega \u2014 <em data-start=\"1462\" data-end=\"1488\">Dorantes: Fractal Arcano<\/em> (World premiere)<br data-start=\"1505\" data-end=\"1508\" \/><strong data-start=\"1508\" data-end=\"1519\">8:00 PM<\/strong> \u00b7 Teatro de la Maestranza \u2014 <em data-start=\"1548\" data-end=\"1570\">Sara Baras: Infinita<\/em> (2nd performance)<br data-start=\"1588\" data-end=\"1591\" \/><strong data-start=\"1591\" data-end=\"1603\">10:30 PM<\/strong> \u00b7 Teatro Alameda \u2014 <em data-start=\"1623\" data-end=\"1669\">\u00c1ngeles Toledano: The Same Blood of the Body<\/em> (World premiere)<\/p>\n<h3 data-start=\"1688\" data-end=\"1714\">SUNDAY, SEPTEMBER 13<\/h3>\n<p data-start=\"1715\" data-end=\"2201\"><strong data-start=\"1715\" data-end=\"1727\">12:00 PM<\/strong> \u00b7 Church of San Luis \u2014 <em data-start=\"1751\" data-end=\"1801\">Pedro el Grana\u00edno &amp; Daniel Oyarz\u00e1bal: Pan de oro<\/em> (2nd performance)<br data-start=\"1819\" data-end=\"1822\" \/><strong data-start=\"1822\" data-end=\"1857\">11:30 AM\u20132:30 PM \/ 4:00\u20138:00 PM<\/strong> \u00b7 Caixaforum \u2014 <em data-start=\"1873\" data-end=\"1885\">Tirititr\u00e1n<\/em><br data-start=\"1885\" data-end=\"1888\" \/><strong data-start=\"1888\" data-end=\"1899\">7:00 PM<\/strong> \u00b7 Espacio Turina \u2014 <em data-start=\"1919\" data-end=\"1956\">Jos\u00e9 Ferm\u00edn Fern\u00e1ndez: Naked Guitar<\/em><br data-start=\"1956\" data-end=\"1959\" \/><strong data-start=\"1959\" data-end=\"1970\">8:00 PM<\/strong> \u00b7 Teatro de la Maestranza \u2014 <em data-start=\"1999\" data-end=\"2021\">Sara Baras: Infinita<\/em> (3rd performance)<br data-start=\"2039\" data-end=\"2042\" \/><strong data-start=\"2042\" data-end=\"2053\">9:00 PM<\/strong> \u00b7 Real F\u00e1brica de Artiller\u00eda \u2014 <em data-start=\"2085\" data-end=\"2129\">Ana Morales: Rhapsody. Underground Fantasy<\/em> (World premiere)<br data-start=\"2146\" data-end=\"2149\" \/><strong data-start=\"2149\" data-end=\"2161\">10:30 PM<\/strong> \u00b7 Teatro Central \u2014 <em data-start=\"2181\" data-end=\"2201\">Jos\u00e9 Maya: Distant<\/em><\/p>\n<p data-start=\"1715\" data-end=\"2201\"><img loading=\"lazy\" decoding=\"async\" class=\"alignnone size-full wp-image-409278\" src=\"https:\/\/allflamenco.net\/wp-content\/uploads\/2026\/02\/Diapositiva3.png\" alt=\"\" width=\"1280\" height=\"720\" srcset=\"https:\/\/allflamenco.net\/wp-content\/uploads\/2026\/02\/Diapositiva3.png 1280w, https:\/\/allflamenco.net\/wp-content\/uploads\/2026\/02\/Diapositiva3-980x551.png 980w, https:\/\/allflamenco.net\/wp-content\/uploads\/2026\/02\/Diapositiva3-480x270.png 480w\" sizes=\"(min-width: 0px) and (max-width: 480px) 480px, (min-width: 481px) and (max-width: 980px) 980px, (min-width: 981px) 1280px, 100vw\" \/><\/p>\n<h3 data-start=\"2203\" data-end=\"2229\">MONDAY, SEPTEMBER 14<\/h3>\n<p data-start=\"2230\" data-end=\"2459\"><strong data-start=\"2230\" data-end=\"2241\">9:00 PM<\/strong> \u00b7 Real F\u00e1brica de Artiller\u00eda \u2014 <em data-start=\"2273\" data-end=\"2286\">Ana Morales<\/em> (2nd performance)<br data-start=\"2304\" data-end=\"2307\" \/><strong data-start=\"2307\" data-end=\"2318\">9:30 PM<\/strong> \u00b7 Real Alc\u00e1zar \u2014 <em data-start=\"2336\" data-end=\"2373\">Israel Fern\u00e1ndez: Of Gold and Ivory<\/em><br data-start=\"2373\" data-end=\"2376\" \/><strong data-start=\"2376\" data-end=\"2388\">10:30 PM<\/strong> \u00b7 Teatro Alameda \u2014 <em data-start=\"2408\" data-end=\"2442\">Macarena L\u00f3pez: Above All Things<\/em> (World premiere)<\/p>\n<h3 data-start=\"2461\" data-end=\"2488\">TUESDAY, SEPTEMBER 15<\/h3>\n<p data-start=\"2489\" data-end=\"2651\"><strong data-start=\"2489\" data-end=\"2500\">9:30 PM<\/strong> \u00b7 Real Alc\u00e1zar \u2014 <em data-start=\"2518\" data-end=\"2544\">Rancapino Chico: Pizarra<\/em> (World premiere)<br data-start=\"2561\" data-end=\"2564\" \/><strong data-start=\"2564\" data-end=\"2576\">10:30 PM<\/strong> \u00b7 Teatro Central \u2014 <em data-start=\"2596\" data-end=\"2651\">To Isabel Bay\u00f3n: Epilogue of a Song That Became Dance<\/em><\/p>\n<p data-start=\"2489\" data-end=\"2651\"><img loading=\"lazy\" decoding=\"async\" class=\"alignnone size-full wp-image-409275\" src=\"https:\/\/allflamenco.net\/wp-content\/uploads\/2026\/02\/Diapositiva4.png\" alt=\"\" width=\"1280\" height=\"720\" srcset=\"https:\/\/allflamenco.net\/wp-content\/uploads\/2026\/02\/Diapositiva4.png 1280w, https:\/\/allflamenco.net\/wp-content\/uploads\/2026\/02\/Diapositiva4-980x551.png 980w, https:\/\/allflamenco.net\/wp-content\/uploads\/2026\/02\/Diapositiva4-480x270.png 480w\" sizes=\"(min-width: 0px) and (max-width: 480px) 480px, (min-width: 481px) and (max-width: 980px) 980px, (min-width: 981px) 1280px, 100vw\" \/><\/p>\n<h3 data-start=\"2653\" data-end=\"2682\">WEDNESDAY, SEPTEMBER 16<\/h3>\n<p data-start=\"2683\" data-end=\"2851\"><strong data-start=\"2683\" data-end=\"2694\">9:30 PM<\/strong> \u00b7 Real Alc\u00e1zar \u2014 <em data-start=\"2712\" data-end=\"2724\">Xerezan\u00edas<\/em> (Luis El Zambo, Dolores Agujetas, Antonio de la Malena, etc.)<br data-start=\"2786\" data-end=\"2789\" \/><strong data-start=\"2789\" data-end=\"2801\">10:30 PM<\/strong> \u00b7 Teatro Alameda \u2014 <em data-start=\"2821\" data-end=\"2851\">Jos\u00e9 del Tomate: Sonanta 3.0<\/em><\/p>\n<h3 data-start=\"2853\" data-end=\"2881\">THURSDAY, SEPTEMBER 17<\/h3>\n<p data-start=\"2882\" data-end=\"3041\"><strong data-start=\"2882\" data-end=\"2893\">8:00 PM<\/strong> \u00b7 Teatro Lope de Vega \u2014 <em data-start=\"2918\" data-end=\"2951\">Arc\u00e1ngel: The Song of the Copla<\/em><br data-start=\"2951\" data-end=\"2954\" \/><strong data-start=\"2954\" data-end=\"2966\">11:00 PM<\/strong> \u00b7 Hotel Triana \u2014 <em data-start=\"2984\" data-end=\"2997\">Gypsy Women<\/em> (Remedios Amaya, Montse Cort\u00e9s, La Fabi&#8230;)<\/p>\n<h3 data-start=\"3043\" data-end=\"3069\">FRIDAY, SEPTEMBER 18<\/h3>\n<p data-start=\"3070\" data-end=\"3310\"><strong data-start=\"3070\" data-end=\"3081\">7:00 PM<\/strong> \u00b7 Espacio Turina \u2014 <em data-start=\"3101\" data-end=\"3128\">Juan Requena: Requeneando<\/em> (World premiere)<br data-start=\"3145\" data-end=\"3148\" \/><strong data-start=\"3148\" data-end=\"3159\">8:00 PM<\/strong> \u00b7 Teatro Lope de Vega \u2014 <em data-start=\"3184\" data-end=\"3217\">Antonio Reyes: Six Strings, Six<\/em><br data-start=\"3217\" data-end=\"3220\" \/><strong data-start=\"3220\" data-end=\"3232\">11:00 PM<\/strong> \u00b7 Hotel Triana \u2014 <em data-start=\"3250\" data-end=\"3265\">Uvitas Negras<\/em> (75th Anniversary Pe\u00f1a El Pozo de las Penas)<\/p>\n<h3 data-start=\"3312\" data-end=\"3340\">SATURDAY, SEPTEMBER 19<\/h3>\n<p data-start=\"3341\" data-end=\"3651\"><strong data-start=\"3341\" data-end=\"3353\">12:00 PM<\/strong> \u00b7 Church of San Luis \u2014 <em data-start=\"3377\" data-end=\"3431\">Alejandro Hurtado &amp; Enrique Solin\u00eds: Becoming Guitar<\/em><br data-start=\"3431\" data-end=\"3434\" \/><strong data-start=\"3434\" data-end=\"3445\">7:00 PM<\/strong> \u00b7 Espacio Turina \u2014 <em data-start=\"3465\" data-end=\"3495\">Mar\u00eda Mar\u00edn: Las tres Mar\u00edas<\/em> (World premiere)<br data-start=\"3512\" data-end=\"3515\" \/><strong data-start=\"3515\" data-end=\"3526\">8:00 PM<\/strong> \u00b7 Teatro de la Maestranza \u2014 <em data-start=\"3555\" data-end=\"3594\">Ca\u00f1izares &amp; ROSS: Symphonic Ca\u00f1izares<\/em><br data-start=\"3594\" data-end=\"3597\" \/><strong data-start=\"3597\" data-end=\"3609\">11:00 PM<\/strong> \u00b7 Hotel Triana \u2014 <em data-start=\"3627\" data-end=\"3651\">Andaluc\u00eda en el tiempo<\/em><\/p>\n<h3 data-start=\"3653\" data-end=\"3679\">SUNDAY, SEPTEMBER 20<\/h3>\n<p data-start=\"3680\" data-end=\"3996\"><strong data-start=\"3680\" data-end=\"3692\">12:00 PM<\/strong> \u00b7 Church of San Luis \u2014 <em data-start=\"3716\" data-end=\"3753\">Alejandro Hurtado &amp; Enrique Solin\u00eds<\/em> (2nd performance)<br data-start=\"3771\" data-end=\"3774\" \/><strong data-start=\"3774\" data-end=\"3785\">7:00 PM<\/strong> \u00b7 Espacio Turina \u2014 <em data-start=\"3805\" data-end=\"3855\">Manuel de la Luz &amp; Manuel Im\u00e1n: Hands that Speak<\/em><br data-start=\"3855\" data-end=\"3858\" \/><strong data-start=\"3858\" data-end=\"3869\">8:00 PM<\/strong> \u00b7 Teatro de la Maestranza \u2014 <em data-start=\"3898\" data-end=\"3927\">Jos\u00e9 Merc\u00e9: Sound the Alarm<\/em><br data-start=\"3927\" data-end=\"3930\" \/><strong data-start=\"3930\" data-end=\"3942\">10:30 PM<\/strong> \u00b7 Teatro Alameda \u2014 <em data-start=\"3962\" data-end=\"3996\">IAJ Gala: Young Flamenco Circuit<\/em><\/p>\n<h3 data-start=\"113\" data-end=\"139\">MONDAY, SEPTEMBER 21<\/h3>\n<p data-start=\"140\" data-end=\"325\"><strong data-start=\"140\" data-end=\"151\">8:00 PM<\/strong> \u00b7 Teatro Lope de Vega \u2014 <em data-start=\"176\" data-end=\"212\">Rafael Riqueni &amp; Tim Ries: Tunisia<\/em> (World premiere)<br data-start=\"229\" data-end=\"232\" \/><strong data-start=\"232\" data-end=\"244\">10:30 PM<\/strong> \u00b7 Teatro Central \u2014 <em data-start=\"264\" data-end=\"308\">Olga Pericet: Perspective on a Sound Dance<\/em> (World premiere)<\/p>\n<h3 data-start=\"327\" data-end=\"354\">TUESDAY, SEPTEMBER 22<\/h3>\n<p data-start=\"355\" data-end=\"598\"><strong data-start=\"355\" data-end=\"366\">8:00 PM<\/strong> \u00b7 Teatro de la Maestranza \u2014 <em data-start=\"395\" data-end=\"418\">Manuel Li\u00f1\u00e1n: Baila@r<\/em><br data-start=\"418\" data-end=\"421\" \/><strong data-start=\"421\" data-end=\"432\">9:00 PM<\/strong> \u00b7 Real F\u00e1brica de Artiller\u00eda \u2014 <em data-start=\"464\" data-end=\"506\">Pablo Mart\u00edn Caminero: Trilogy. Al toque<\/em> (World premiere)<br data-start=\"523\" data-end=\"526\" \/><strong data-start=\"526\" data-end=\"538\">10:30 PM<\/strong> \u00b7 Teatro Alameda \u2014 <em data-start=\"558\" data-end=\"581\">Joselito Acedo: Patio<\/em> (One-night-only)<\/p>\n<h3 data-start=\"600\" data-end=\"629\">WEDNESDAY, SEPTEMBER 23<\/h3>\n<p data-start=\"630\" data-end=\"852\"><strong data-start=\"630\" data-end=\"641\">9:00 PM<\/strong> \u00b7 Real F\u00e1brica de Artiller\u00eda \u2014 <em data-start=\"673\" data-end=\"730\">Pablo Mart\u00edn Caminero &amp; Mar\u00eda Moreno: Trilogy. Al baile<\/em> (World premiere)<br data-start=\"747\" data-end=\"750\" \/><strong data-start=\"750\" data-end=\"762\">10:30 PM<\/strong> \u00b7 Teatro Central \u2014 <em data-start=\"782\" data-end=\"835\">Juan Tom\u00e1s de la Mol\u00eda &amp; \u00c1gueda Saavedra: Te atrevo<\/em> (World premiere)<\/p>\n<h3 data-start=\"854\" data-end=\"882\">THURSDAY, SEPTEMBER 24<\/h3>\n<p data-start=\"883\" data-end=\"1168\"><strong data-start=\"883\" data-end=\"894\">8:00 PM<\/strong> \u00b7 Teatro de la Maestranza \u2014 <em data-start=\"923\" data-end=\"941\">A canela y clavo<\/em> (Esperanza Fern\u00e1ndez, Duquende, Jos\u00e9 Valencia, etc.)<br data-start=\"994\" data-end=\"997\" \/><strong data-start=\"997\" data-end=\"1008\">9:00 PM<\/strong> \u00b7 Real F\u00e1brica de Artiller\u00eda \u2014 <em data-start=\"1040\" data-end=\"1097\">Pablo Mart\u00edn Caminero &amp; David Carpio: Trilogy. Al cante<\/em><br data-start=\"1097\" data-end=\"1100\" \/><strong data-start=\"1100\" data-end=\"1112\">10:30 PM<\/strong> \u00b7 Teatro Alameda \u2014 <em data-start=\"1132\" data-end=\"1168\">Ezequiel Ben\u00edtez: What No One Sees<\/em><\/p>\n<h3 data-start=\"1170\" data-end=\"1196\">FRIDAY, SEPTEMBER 25<\/h3>\n<p data-start=\"1197\" data-end=\"1422\"><strong data-start=\"1197\" data-end=\"1208\">7:00 PM<\/strong> \u00b7 Espacio Turina \u2014 <em data-start=\"1228\" data-end=\"1256\">Diego del Morao: M\u00e1s Morao<\/em><br data-start=\"1256\" data-end=\"1259\" \/><strong data-start=\"1259\" data-end=\"1270\">8:00 PM<\/strong> \u00b7 Teatro Lope de Vega \u2014 <em data-start=\"1295\" data-end=\"1348\">Aurora Vargas &amp; Juana Amaya: Tell Me with Your Eyes<\/em><br data-start=\"1348\" data-end=\"1351\" \/><strong data-start=\"1351\" data-end=\"1363\">10:30 PM<\/strong> \u00b7 Teatro Central \u2014 <em data-start=\"1383\" data-end=\"1405\">Andr\u00e9s Mar\u00edn: Desert<\/em> (World premiere)<\/p>\n<h3 data-start=\"1424\" data-end=\"1452\">SATURDAY, SEPTEMBER 26<\/h3>\n<p data-start=\"1453\" data-end=\"1811\"><strong data-start=\"1453\" data-end=\"1465\">12:00 PM<\/strong> \u00b7 Church of San Luis de los Franceses \u2014 <em data-start=\"1506\" data-end=\"1555\">Encarna Anillo &amp; Miguel Rinc\u00f3n: Path of Flowers<\/em> (Exclusive matinee)<br data-start=\"1575\" data-end=\"1578\" \/><strong data-start=\"1578\" data-end=\"1589\">7:00 PM<\/strong> \u00b7 Espacio Turina \u2014 <em data-start=\"1609\" data-end=\"1632\">Juan Medina: Fleeting<\/em><br data-start=\"1632\" data-end=\"1635\" \/><strong data-start=\"1635\" data-end=\"1646\">8:00 PM<\/strong> \u00b7 Teatro de la Maestranza \u2014 <em data-start=\"1675\" data-end=\"1714\">Israel Galv\u00e1n: Black-and-White Bolero<\/em> (World premiere)<br data-start=\"1731\" data-end=\"1734\" \/><strong data-start=\"1734\" data-end=\"1746\">10:30 PM<\/strong> \u00b7 Teatro Alameda \u2014 <em data-start=\"1766\" data-end=\"1794\">Pastora Galv\u00e1n: Tribusssh!<\/em> (World premiere)<\/p>\n<h3 data-start=\"1813\" data-end=\"1839\">SUNDAY, SEPTEMBER 27<\/h3>\n<p data-start=\"1840\" data-end=\"2193\"><strong data-start=\"1840\" data-end=\"1852\">12:00 PM<\/strong> \u00b7 Church of San Luis \u2014 <em data-start=\"1876\" data-end=\"1908\">Encarna Anillo &amp; Miguel Rinc\u00f3n<\/em> (2nd performance)<br data-start=\"1926\" data-end=\"1929\" \/><strong data-start=\"1929\" data-end=\"1940\">7:00 PM<\/strong> \u00b7 Espacio Turina \u2014 <em data-start=\"1960\" data-end=\"1983\">Dani de Mor\u00f3n: Cuadro<\/em><br data-start=\"1983\" data-end=\"1986\" \/><strong data-start=\"1986\" data-end=\"1997\">8:00 PM<\/strong> \u00b7 Teatro Lope de Vega \u2014 <em data-start=\"2022\" data-end=\"2037\">Fue tu querer<\/em> (Macarena de la Torre, Juan de Mairena, Lidia Hern\u00e1ndez, etc.)<br data-start=\"2100\" data-end=\"2103\" \/><strong data-start=\"2103\" data-end=\"2115\">10:30 PM<\/strong> \u00b7 Teatro Central \u2014 <em data-start=\"2135\" data-end=\"2193\">Est\u00e9vez \/ Pa\u00f1os y Compa\u00f1\u00eda: Doncellas (Perpetual Juerga)<\/em><\/p>\n<h3 data-start=\"2195\" data-end=\"2221\">MONDAY, SEPTEMBER 28<\/h3>\n<p data-start=\"2222\" data-end=\"2395\"><strong data-start=\"2222\" data-end=\"2233\">8:00 PM<\/strong> \u00b7 Teatro de la Maestranza \u2014 <em data-start=\"2262\" data-end=\"2298\">Farruquito: You Will Be Farruquito<\/em> (World premiere)<br data-start=\"2315\" data-end=\"2318\" \/><strong data-start=\"2318\" data-end=\"2330\">10:30 PM<\/strong> \u00b7 Teatro Alameda \u2014 <em data-start=\"2350\" data-end=\"2395\">Manuel Cuevas &amp; Miguel de Tena: Por Vallejo<\/em><\/p>\n<p data-start=\"2222\" data-end=\"2395\"><img loading=\"lazy\" decoding=\"async\" class=\"alignnone size-full wp-image-409289\" src=\"https:\/\/allflamenco.net\/wp-content\/uploads\/2026\/02\/Diapositiva7.png\" alt=\"\" width=\"1280\" height=\"720\" srcset=\"https:\/\/allflamenco.net\/wp-content\/uploads\/2026\/02\/Diapositiva7.png 1280w, https:\/\/allflamenco.net\/wp-content\/uploads\/2026\/02\/Diapositiva7-980x551.png 980w, https:\/\/allflamenco.net\/wp-content\/uploads\/2026\/02\/Diapositiva7-480x270.png 480w\" sizes=\"(min-width: 0px) and (max-width: 480px) 480px, (min-width: 481px) and (max-width: 980px) 980px, (min-width: 981px) 1280px, 100vw\" \/><\/p>\n<h3 data-start=\"2397\" data-end=\"2424\">TUESDAY, SEPTEMBER 29<\/h3>\n<p data-start=\"2425\" data-end=\"2612\"><strong data-start=\"2425\" data-end=\"2436\">8:00 PM<\/strong> \u00b7 Teatro Lope de Vega \u2014 <em data-start=\"2461\" data-end=\"2503\">David Coria Company: Babel. Living Tower<\/em> (National premiere)<br data-start=\"2523\" data-end=\"2526\" \/><strong data-start=\"2526\" data-end=\"2538\">10:30 PM<\/strong> \u00b7 Teatro Central \u2014 <em data-start=\"2558\" data-end=\"2595\">Sara Jim\u00e9nez &amp; Company: La Compa\u00f1\u00eda<\/em> (World premiere)<\/p>\n<h3 data-start=\"2614\" data-end=\"2643\">WEDNESDAY, SEPTEMBER 30<\/h3>\n<p data-start=\"2644\" data-end=\"2851\"><strong data-start=\"2644\" data-end=\"2655\">8:00 PM<\/strong> \u00b7 Teatro Lope de Vega \u2014 <em data-start=\"2680\" data-end=\"2719\">Mayte Mart\u00edn: Archaeology of the Pure<\/em><br data-start=\"2719\" data-end=\"2722\" \/><strong data-start=\"2722\" data-end=\"2734\">10:30 PM<\/strong> \u00b7 Teatro Alameda \u2014 <em data-start=\"2754\" data-end=\"2834\">Capullo de Jerez &amp; Jos\u00e9 de los Camarones: Flamencos Don\u2019t Go to the Barbershop<\/em> (World premiere)<\/p>\n<p data-start=\"2644\" data-end=\"2851\"><img loading=\"lazy\" decoding=\"async\" class=\"alignnone size-full wp-image-409286\" src=\"https:\/\/allflamenco.net\/wp-content\/uploads\/2026\/02\/Diapositiva5.png\" alt=\"\" width=\"1280\" height=\"720\" srcset=\"https:\/\/allflamenco.net\/wp-content\/uploads\/2026\/02\/Diapositiva5.png 1280w, https:\/\/allflamenco.net\/wp-content\/uploads\/2026\/02\/Diapositiva5-980x551.png 980w, https:\/\/allflamenco.net\/wp-content\/uploads\/2026\/02\/Diapositiva5-480x270.png 480w\" sizes=\"(min-width: 0px) and (max-width: 480px) 480px, (min-width: 481px) and (max-width: 980px) 980px, (min-width: 981px) 1280px, 100vw\" \/><\/p>\n<h3 data-start=\"2853\" data-end=\"2878\">THURSDAY, OCTOBER 1<\/h3>\n<p data-start=\"2879\" data-end=\"3072\"><strong data-start=\"2879\" data-end=\"2890\">8:00 PM<\/strong> \u00b7 Teatro de la Maestranza \u2014 <em data-start=\"2919\" data-end=\"2973\">Marina Heredia &amp; ROSS: In Freedom! The Gypsy Journey<\/em><br data-start=\"2973\" data-end=\"2976\" \/><strong data-start=\"2976\" data-end=\"2988\">10:30 PM<\/strong> \u00b7 Teatro Alameda \u2014 <em data-start=\"3008\" data-end=\"3072\">Los Parrilla with Diego Carrasco &amp; Carrete de M\u00e1laga: Heritage<\/em><\/p>\n<h3 data-start=\"3074\" data-end=\"3097\">FRIDAY, OCTOBER 2<\/h3>\n<p data-start=\"3098\" data-end=\"3269\"><strong data-start=\"3098\" data-end=\"3109\">8:00 PM<\/strong> \u00b7 Teatro Lope de Vega \u2014 <em data-start=\"3134\" data-end=\"3148\">Alfonso Losa<\/em> (World premiere)<br data-start=\"3165\" data-end=\"3168\" \/><strong data-start=\"3168\" data-end=\"3180\">10:30 PM<\/strong> \u00b7 Teatro Central \u2014 <em data-start=\"3200\" data-end=\"3252\">Sandra Carrasco &amp; David de Arahal: Poem of Freedom<\/em> (World premiere)<\/p>\n<p data-start=\"3098\" data-end=\"3269\"><img loading=\"lazy\" decoding=\"async\" class=\"alignnone size-full wp-image-409292\" src=\"https:\/\/allflamenco.net\/wp-content\/uploads\/2026\/02\/Diapositiva6.png\" alt=\"\" width=\"1280\" height=\"720\" srcset=\"https:\/\/allflamenco.net\/wp-content\/uploads\/2026\/02\/Diapositiva6.png 1280w, https:\/\/allflamenco.net\/wp-content\/uploads\/2026\/02\/Diapositiva6-980x551.png 980w, https:\/\/allflamenco.net\/wp-content\/uploads\/2026\/02\/Diapositiva6-480x270.png 480w\" sizes=\"(min-width: 0px) and (max-width: 480px) 480px, (min-width: 481px) and (max-width: 980px) 980px, (min-width: 981px) 1280px, 100vw\" \/><\/p>\n<h3 data-start=\"3271\" data-end=\"3296\">SATURDAY, OCTOBER 3<\/h3>\n<p data-start=\"3297\" data-end=\"3515\"><strong data-start=\"3297\" data-end=\"3308\">8:00 PM<\/strong> \u00b7 Teatro de la Maestranza<br data-start=\"3334\" data-end=\"3337\" \/>\ud83c\udfa4 <em data-start=\"3340\" data-end=\"3356\">Carmen Linares<\/em> with Marina Heredia, Mar\u00eda Terremoto, Rafaela Carrasco and more \u2014<br data-start=\"3422\" data-end=\"3425\" \/><strong data-start=\"3425\" data-end=\"3448\">Pearls by the Dozen<\/strong> <em data-start=\"3449\" data-end=\"3515\">(30th Anniversary of the Anthology of Women in Flamenco Singing)<\/em><\/p>\n<p data-start=\"3297\" data-end=\"3515\"><img loading=\"lazy\" decoding=\"async\" class=\"alignnone size-full wp-image-409283\" src=\"https:\/\/allflamenco.net\/wp-content\/uploads\/2026\/02\/Diapositiva8.png\" alt=\"\" width=\"1280\" height=\"720\" srcset=\"https:\/\/allflamenco.net\/wp-content\/uploads\/2026\/02\/Diapositiva8.png 1280w, https:\/\/allflamenco.net\/wp-content\/uploads\/2026\/02\/Diapositiva8-980x551.png 980w, https:\/\/allflamenco.net\/wp-content\/uploads\/2026\/02\/Diapositiva8-480x270.png 480w\" sizes=\"(min-width: 0px) and (max-width: 480px) 480px, (min-width: 481px) and (max-width: 980px) 980px, (min-width: 981px) 1280px, 100vw\" \/><\/p>\n<p>\ud83c\udf9f\ufe0f Tickets available at: <a href=\"https:\/\/www.labienal.com\/venta-de-entradas-xxiv-bienal-de-flamenco-sevilla-2026\">www.labienal.com\/entradas<\/a><\/p>\n","protected":false},"excerpt":{"rendered":"<p>From September 9 to October 3, Seville becomes the world capital of flamenco with the 24th Bienal de Flamenco\u2014a landmark edition marked by the return to the Teatro Lope de Vega, a strong commitment to contemporary creation, and a diverse, rigorous, and thrilling program. More than 70 performances in 11 historic venues throughout the city, [&hellip;]<\/p>\n","protected":false},"author":7,"featured_media":409272,"comment_status":"closed","ping_status":"closed","sticky":false,"template":"","format":"standard","meta":{"_et_pb_use_builder":"","_et_pb_old_content":"","_et_gb_content_width":"","footnotes":""},"categories":[130,146,166,170,148,156],"tags":[1064,948,1586,1585,576,1221,1570,1575,1571,587,1583,457,352,1582,1580,1576,1574,1572,577,1584,1577,628,1710,1581,1569,549,1578,1573,1579],"class_list":["post-409295","post","type-post","status-publish","format-standard","has-post-thumbnail","hentry","category-culture","category-directory","category-festivals","category-festivals-spain","category-flamenco-destinations","category-whats-new","tag-andalusian-culture","tag-baile-flamenco-en","tag-bienal-de-flamenco-en","tag-book-flamenco-tickets","tag-contemporary-flamenco","tag-dorantes-en","tag-flamenco-agenda-2026","tag-flamenco-calendar","tag-flamenco-events-spain","tag-flamenco-festival-en","tag-flamenco-for-families","tag-flamenco-guitar","tag-flamenco-heritage","tag-flamenco-in-andalusia","tag-flamenco-performances","tag-flamenco-premieres","tag-flamenco-program-2026","tag-flamenco-shows-seville","tag-flamenco-singing","tag-flamenco-venues-seville","tag-international-flamenco-artists","tag-live-flamenco","tag-sara-baras-en","tag-seville-2026-events","tag-seville-flamenco","tag-spanish-dance","tag-spanish-flamenco-festival","tag-world-flamenco-festival","tag-xxiv-bienal"],"yoast_head":"<!-- This site is optimized with the Yoast SEO plugin v26.8 - https:\/\/yoast.com\/product\/yoast-seo-wordpress\/ -->\n<title>XXIV Bienal de Flamenco de Sevilla 2026: Full Official Program - ALL FLAMENCO<\/title>\n<meta name=\"description\" content=\"Discover the full official program of the XXIV Bienal de Flamenco de Sevilla 2026, featuring 72 performances, 22 world premieres, and top flamenco artists across 11 iconic venues from September 9 to October 3. Plan your visit and book your tickets now.\" \/>\n<meta name=\"robots\" content=\"index, follow, max-snippet:-1, max-image-preview:large, max-video-preview:-1\" \/>\n<link rel=\"canonical\" href=\"https:\/\/allflamenco.net\/en\/blog\/xxiv-bienal-de-flamenco-de-sevilla-2026-full-official-program\/\" \/>\n<meta property=\"og:locale\" content=\"en_US\" \/>\n<meta property=\"og:type\" content=\"article\" \/>\n<meta property=\"og:title\" content=\"XXIV Bienal de Flamenco de Sevilla 2026: Full Official Program - ALL FLAMENCO\" \/>\n<meta property=\"og:description\" content=\"Discover the full official program of the XXIV Bienal de Flamenco de Sevilla 2026, featuring 72 performances, 22 world premieres, and top flamenco artists across 11 iconic venues from September 9 to October 3. Plan your visit and book your tickets now.\" \/>\n<meta property=\"og:url\" content=\"https:\/\/allflamenco.net\/en\/blog\/xxiv-bienal-de-flamenco-de-sevilla-2026-full-official-program\/\" \/>\n<meta property=\"og:site_name\" content=\"ALL FLAMENCO\" \/>\n<meta property=\"article:publisher\" content=\"https:\/\/www.facebook.com\/allflamenco\" \/>\n<meta property=\"article:published_time\" content=\"2026-02-11T09:33:29+00:00\" \/>\n<meta property=\"article:modified_time\" content=\"2026-02-27T17:38:19+00:00\" \/>\n<meta property=\"og:image\" content=\"https:\/\/allflamenco.net\/wp-content\/uploads\/2026\/02\/Diapositiva2.png\" \/>\n\t<meta property=\"og:image:width\" content=\"1280\" \/>\n\t<meta property=\"og:image:height\" content=\"720\" \/>\n\t<meta property=\"og:image:type\" content=\"image\/png\" \/>\n<meta name=\"author\" content=\"Javier Fernandez\" \/>\n<meta name=\"twitter:card\" content=\"summary_large_image\" \/>\n<meta name=\"twitter:creator\" content=\"@all_flamenco\" \/>\n<meta name=\"twitter:site\" content=\"@all_flamenco\" \/>\n<meta name=\"twitter:label1\" content=\"Written by\" \/>\n\t<meta name=\"twitter:data1\" content=\"Javier Fernandez\" \/>\n\t<meta name=\"twitter:label2\" content=\"Est. reading time\" \/>\n\t<meta name=\"twitter:data2\" content=\"7 minutes\" \/>\n<script type=\"application\/ld+json\" class=\"yoast-schema-graph\">{\"@context\":\"https:\/\/schema.org\",\"@graph\":[{\"@type\":\"Article\",\"@id\":\"https:\/\/allflamenco.net\/en\/blog\/xxiv-bienal-de-flamenco-de-sevilla-2026-full-official-program\/#article\",\"isPartOf\":{\"@id\":\"https:\/\/allflamenco.net\/en\/blog\/xxiv-bienal-de-flamenco-de-sevilla-2026-full-official-program\/\"},\"author\":{\"name\":\"Javier Fernandez\",\"@id\":\"https:\/\/allflamenco.net\/en\/#\/schema\/person\/b6222dd5a6fcd015535fbe437ced9666\"},\"headline\":\"XXIV Bienal de Flamenco de Sevilla 2026: Full Official Program\",\"datePublished\":\"2026-02-11T09:33:29+00:00\",\"dateModified\":\"2026-02-27T17:38:19+00:00\",\"mainEntityOfPage\":{\"@id\":\"https:\/\/allflamenco.net\/en\/blog\/xxiv-bienal-de-flamenco-de-sevilla-2026-full-official-program\/\"},\"wordCount\":1085,\"publisher\":{\"@id\":\"https:\/\/allflamenco.net\/en\/#organization\"},\"image\":{\"@id\":\"https:\/\/allflamenco.net\/en\/blog\/xxiv-bienal-de-flamenco-de-sevilla-2026-full-official-program\/#primaryimage\"},\"thumbnailUrl\":\"https:\/\/allflamenco.net\/wp-content\/uploads\/2026\/02\/Diapositiva2.png\",\"keywords\":[\"Andalusian culture\",\"baile flamenco\",\"Bienal de Flamenco\",\"Book Flamenco Tickets\",\"Contemporary flamenco\",\"Dorantes\",\"Flamenco Agenda 2026\",\"Flamenco Calendar\",\"Flamenco Events Spain\",\"flamenco festival\",\"Flamenco for Families\",\"flamenco guitar\",\"flamenco heritage\",\"Flamenco in Andalusia\",\"Flamenco Performances\",\"Flamenco Premieres\",\"Flamenco Program 2026\",\"Flamenco Shows Seville\",\"Flamenco singing\",\"Flamenco Venues Seville\",\"International Flamenco Artists\",\"live flamenco\",\"sara baras\",\"Seville 2026 Events\",\"Seville Flamenco\",\"Spanish dance\",\"Spanish Flamenco Festival\",\"World Flamenco Festival\",\"XXIV Bienal\"],\"articleSection\":[\"Culture+\",\"Directory\",\"Festivals\",\"Festivals in Spain\",\"Flamenco destinations\",\"What's New\"],\"inLanguage\":\"en-US\"},{\"@type\":\"WebPage\",\"@id\":\"https:\/\/allflamenco.net\/en\/blog\/xxiv-bienal-de-flamenco-de-sevilla-2026-full-official-program\/\",\"url\":\"https:\/\/allflamenco.net\/en\/blog\/xxiv-bienal-de-flamenco-de-sevilla-2026-full-official-program\/\",\"name\":\"XXIV Bienal de Flamenco de Sevilla 2026: Full Official Program - ALL FLAMENCO\",\"isPartOf\":{\"@id\":\"https:\/\/allflamenco.net\/en\/#website\"},\"primaryImageOfPage\":{\"@id\":\"https:\/\/allflamenco.net\/en\/blog\/xxiv-bienal-de-flamenco-de-sevilla-2026-full-official-program\/#primaryimage\"},\"image\":{\"@id\":\"https:\/\/allflamenco.net\/en\/blog\/xxiv-bienal-de-flamenco-de-sevilla-2026-full-official-program\/#primaryimage\"},\"thumbnailUrl\":\"https:\/\/allflamenco.net\/wp-content\/uploads\/2026\/02\/Diapositiva2.png\",\"datePublished\":\"2026-02-11T09:33:29+00:00\",\"dateModified\":\"2026-02-27T17:38:19+00:00\",\"description\":\"Discover the full official program of the XXIV Bienal de Flamenco de Sevilla 2026, featuring 72 performances, 22 world premieres, and top flamenco artists across 11 iconic venues from September 9 to October 3. Plan your visit and book your tickets now.\",\"breadcrumb\":{\"@id\":\"https:\/\/allflamenco.net\/en\/blog\/xxiv-bienal-de-flamenco-de-sevilla-2026-full-official-program\/#breadcrumb\"},\"inLanguage\":\"en-US\",\"potentialAction\":[{\"@type\":\"ReadAction\",\"target\":[\"https:\/\/allflamenco.net\/en\/blog\/xxiv-bienal-de-flamenco-de-sevilla-2026-full-official-program\/\"]}]},{\"@type\":\"ImageObject\",\"inLanguage\":\"en-US\",\"@id\":\"https:\/\/allflamenco.net\/en\/blog\/xxiv-bienal-de-flamenco-de-sevilla-2026-full-official-program\/#primaryimage\",\"url\":\"https:\/\/allflamenco.net\/wp-content\/uploads\/2026\/02\/Diapositiva2.png\",\"contentUrl\":\"https:\/\/allflamenco.net\/wp-content\/uploads\/2026\/02\/Diapositiva2.png\",\"width\":1280,\"height\":720},{\"@type\":\"BreadcrumbList\",\"@id\":\"https:\/\/allflamenco.net\/en\/blog\/xxiv-bienal-de-flamenco-de-sevilla-2026-full-official-program\/#breadcrumb\",\"itemListElement\":[{\"@type\":\"ListItem\",\"position\":1,\"name\":\"Home\",\"item\":\"https:\/\/allflamenco.net\/en\/\"},{\"@type\":\"ListItem\",\"position\":2,\"name\":\"XXIV Bienal de Flamenco de Sevilla 2026: Full Official Program\"}]},{\"@type\":\"WebSite\",\"@id\":\"https:\/\/allflamenco.net\/en\/#website\",\"url\":\"https:\/\/allflamenco.net\/en\/\",\"name\":\"ALL FLAMENCO\",\"description\":\"El canal para los amantes del flamenco\",\"publisher\":{\"@id\":\"https:\/\/allflamenco.net\/en\/#organization\"},\"potentialAction\":[{\"@type\":\"SearchAction\",\"target\":{\"@type\":\"EntryPoint\",\"urlTemplate\":\"https:\/\/allflamenco.net\/en\/?s={search_term_string}\"},\"query-input\":{\"@type\":\"PropertyValueSpecification\",\"valueRequired\":true,\"valueName\":\"search_term_string\"}}],\"inLanguage\":\"en-US\"},{\"@type\":\"Organization\",\"@id\":\"https:\/\/allflamenco.net\/en\/#organization\",\"name\":\"ALL FLAMENCO\",\"alternateName\":\"AF\",\"url\":\"https:\/\/allflamenco.net\/en\/\",\"logo\":{\"@type\":\"ImageObject\",\"inLanguage\":\"en-US\",\"@id\":\"https:\/\/allflamenco.net\/en\/#\/schema\/logo\/image\/\",\"url\":\"https:\/\/allflamenco.net\/wp-content\/uploads\/2023\/09\/logo-allflamenco.jpg\",\"contentUrl\":\"https:\/\/allflamenco.net\/wp-content\/uploads\/2023\/09\/logo-allflamenco.jpg\",\"width\":696,\"height\":696,\"caption\":\"ALL FLAMENCO\"},\"image\":{\"@id\":\"https:\/\/allflamenco.net\/en\/#\/schema\/logo\/image\/\"},\"sameAs\":[\"https:\/\/www.facebook.com\/allflamenco\",\"https:\/\/x.com\/all_flamenco\",\"https:\/\/www.instagram.com\/allflamenco\",\"https:\/\/www.pinterest.es\/allflamenco\/\",\"https:\/\/www.youtube.com\/@ALLFLAMENCO\",\"https:\/\/www.tiktok.com\/@allflamenco\"]},{\"@type\":\"Person\",\"@id\":\"https:\/\/allflamenco.net\/en\/#\/schema\/person\/b6222dd5a6fcd015535fbe437ced9666\",\"name\":\"Javier Fernandez\"}]}<\/script>\n<!-- \/ Yoast SEO plugin. -->","yoast_head_json":{"title":"XXIV Bienal de Flamenco de Sevilla 2026: Full Official Program - ALL FLAMENCO","description":"Discover the full official program of the XXIV Bienal de Flamenco de Sevilla 2026, featuring 72 performances, 22 world premieres, and top flamenco artists across 11 iconic venues from September 9 to October 3. Plan your visit and book your tickets now.","robots":{"index":"index","follow":"follow","max-snippet":"max-snippet:-1","max-image-preview":"max-image-preview:large","max-video-preview":"max-video-preview:-1"},"canonical":"https:\/\/allflamenco.net\/en\/blog\/xxiv-bienal-de-flamenco-de-sevilla-2026-full-official-program\/","og_locale":"en_US","og_type":"article","og_title":"XXIV Bienal de Flamenco de Sevilla 2026: Full Official Program - ALL FLAMENCO","og_description":"Discover the full official program of the XXIV Bienal de Flamenco de Sevilla 2026, featuring 72 performances, 22 world premieres, and top flamenco artists across 11 iconic venues from September 9 to October 3. Plan your visit and book your tickets now.","og_url":"https:\/\/allflamenco.net\/en\/blog\/xxiv-bienal-de-flamenco-de-sevilla-2026-full-official-program\/","og_site_name":"ALL FLAMENCO","article_publisher":"https:\/\/www.facebook.com\/allflamenco","article_published_time":"2026-02-11T09:33:29+00:00","article_modified_time":"2026-02-27T17:38:19+00:00","og_image":[{"width":1280,"height":720,"url":"https:\/\/allflamenco.net\/wp-content\/uploads\/2026\/02\/Diapositiva2.png","type":"image\/png"}],"author":"Javier Fernandez","twitter_card":"summary_large_image","twitter_creator":"@all_flamenco","twitter_site":"@all_flamenco","twitter_misc":{"Written by":"Javier Fernandez","Est. reading time":"7 minutes"},"schema":{"@context":"https:\/\/schema.org","@graph":[{"@type":"Article","@id":"https:\/\/allflamenco.net\/en\/blog\/xxiv-bienal-de-flamenco-de-sevilla-2026-full-official-program\/#article","isPartOf":{"@id":"https:\/\/allflamenco.net\/en\/blog\/xxiv-bienal-de-flamenco-de-sevilla-2026-full-official-program\/"},"author":{"name":"Javier Fernandez","@id":"https:\/\/allflamenco.net\/en\/#\/schema\/person\/b6222dd5a6fcd015535fbe437ced9666"},"headline":"XXIV Bienal de Flamenco de Sevilla 2026: Full Official Program","datePublished":"2026-02-11T09:33:29+00:00","dateModified":"2026-02-27T17:38:19+00:00","mainEntityOfPage":{"@id":"https:\/\/allflamenco.net\/en\/blog\/xxiv-bienal-de-flamenco-de-sevilla-2026-full-official-program\/"},"wordCount":1085,"publisher":{"@id":"https:\/\/allflamenco.net\/en\/#organization"},"image":{"@id":"https:\/\/allflamenco.net\/en\/blog\/xxiv-bienal-de-flamenco-de-sevilla-2026-full-official-program\/#primaryimage"},"thumbnailUrl":"https:\/\/allflamenco.net\/wp-content\/uploads\/2026\/02\/Diapositiva2.png","keywords":["Andalusian culture","baile flamenco","Bienal de Flamenco","Book Flamenco Tickets","Contemporary flamenco","Dorantes","Flamenco Agenda 2026","Flamenco Calendar","Flamenco Events Spain","flamenco festival","Flamenco for Families","flamenco guitar","flamenco heritage","Flamenco in Andalusia","Flamenco Performances","Flamenco Premieres","Flamenco Program 2026","Flamenco Shows Seville","Flamenco singing","Flamenco Venues Seville","International Flamenco Artists","live flamenco","sara baras","Seville 2026 Events","Seville Flamenco","Spanish dance","Spanish Flamenco Festival","World Flamenco Festival","XXIV Bienal"],"articleSection":["Culture+","Directory","Festivals","Festivals in Spain","Flamenco destinations","What's New"],"inLanguage":"en-US"},{"@type":"WebPage","@id":"https:\/\/allflamenco.net\/en\/blog\/xxiv-bienal-de-flamenco-de-sevilla-2026-full-official-program\/","url":"https:\/\/allflamenco.net\/en\/blog\/xxiv-bienal-de-flamenco-de-sevilla-2026-full-official-program\/","name":"XXIV Bienal de Flamenco de Sevilla 2026: Full Official Program - ALL FLAMENCO","isPartOf":{"@id":"https:\/\/allflamenco.net\/en\/#website"},"primaryImageOfPage":{"@id":"https:\/\/allflamenco.net\/en\/blog\/xxiv-bienal-de-flamenco-de-sevilla-2026-full-official-program\/#primaryimage"},"image":{"@id":"https:\/\/allflamenco.net\/en\/blog\/xxiv-bienal-de-flamenco-de-sevilla-2026-full-official-program\/#primaryimage"},"thumbnailUrl":"https:\/\/allflamenco.net\/wp-content\/uploads\/2026\/02\/Diapositiva2.png","datePublished":"2026-02-11T09:33:29+00:00","dateModified":"2026-02-27T17:38:19+00:00","description":"Discover the full official program of the XXIV Bienal de Flamenco de Sevilla 2026, featuring 72 performances, 22 world premieres, and top flamenco artists across 11 iconic venues from September 9 to October 3. Plan your visit and book your tickets now.","breadcrumb":{"@id":"https:\/\/allflamenco.net\/en\/blog\/xxiv-bienal-de-flamenco-de-sevilla-2026-full-official-program\/#breadcrumb"},"inLanguage":"en-US","potentialAction":[{"@type":"ReadAction","target":["https:\/\/allflamenco.net\/en\/blog\/xxiv-bienal-de-flamenco-de-sevilla-2026-full-official-program\/"]}]},{"@type":"ImageObject","inLanguage":"en-US","@id":"https:\/\/allflamenco.net\/en\/blog\/xxiv-bienal-de-flamenco-de-sevilla-2026-full-official-program\/#primaryimage","url":"https:\/\/allflamenco.net\/wp-content\/uploads\/2026\/02\/Diapositiva2.png","contentUrl":"https:\/\/allflamenco.net\/wp-content\/uploads\/2026\/02\/Diapositiva2.png","width":1280,"height":720},{"@type":"BreadcrumbList","@id":"https:\/\/allflamenco.net\/en\/blog\/xxiv-bienal-de-flamenco-de-sevilla-2026-full-official-program\/#breadcrumb","itemListElement":[{"@type":"ListItem","position":1,"name":"Home","item":"https:\/\/allflamenco.net\/en\/"},{"@type":"ListItem","position":2,"name":"XXIV Bienal de Flamenco de Sevilla 2026: Full Official Program"}]},{"@type":"WebSite","@id":"https:\/\/allflamenco.net\/en\/#website","url":"https:\/\/allflamenco.net\/en\/","name":"ALL FLAMENCO","description":"El canal para los amantes del flamenco","publisher":{"@id":"https:\/\/allflamenco.net\/en\/#organization"},"potentialAction":[{"@type":"SearchAction","target":{"@type":"EntryPoint","urlTemplate":"https:\/\/allflamenco.net\/en\/?s={search_term_string}"},"query-input":{"@type":"PropertyValueSpecification","valueRequired":true,"valueName":"search_term_string"}}],"inLanguage":"en-US"},{"@type":"Organization","@id":"https:\/\/allflamenco.net\/en\/#organization","name":"ALL FLAMENCO","alternateName":"AF","url":"https:\/\/allflamenco.net\/en\/","logo":{"@type":"ImageObject","inLanguage":"en-US","@id":"https:\/\/allflamenco.net\/en\/#\/schema\/logo\/image\/","url":"https:\/\/allflamenco.net\/wp-content\/uploads\/2023\/09\/logo-allflamenco.jpg","contentUrl":"https:\/\/allflamenco.net\/wp-content\/uploads\/2023\/09\/logo-allflamenco.jpg","width":696,"height":696,"caption":"ALL FLAMENCO"},"image":{"@id":"https:\/\/allflamenco.net\/en\/#\/schema\/logo\/image\/"},"sameAs":["https:\/\/www.facebook.com\/allflamenco","https:\/\/x.com\/all_flamenco","https:\/\/www.instagram.com\/allflamenco","https:\/\/www.pinterest.es\/allflamenco\/","https:\/\/www.youtube.com\/@ALLFLAMENCO","https:\/\/www.tiktok.com\/@allflamenco"]},{"@type":"Person","@id":"https:\/\/allflamenco.net\/en\/#\/schema\/person\/b6222dd5a6fcd015535fbe437ced9666","name":"Javier Fernandez"}]}},"_links":{"self":[{"href":"https:\/\/allflamenco.net\/en\/wp-json\/wp\/v2\/posts\/409295","targetHints":{"allow":["GET"]}}],"collection":[{"href":"https:\/\/allflamenco.net\/en\/wp-json\/wp\/v2\/posts"}],"about":[{"href":"https:\/\/allflamenco.net\/en\/wp-json\/wp\/v2\/types\/post"}],"author":[{"embeddable":true,"href":"https:\/\/allflamenco.net\/en\/wp-json\/wp\/v2\/users\/7"}],"replies":[{"embeddable":true,"href":"https:\/\/allflamenco.net\/en\/wp-json\/wp\/v2\/comments?post=409295"}],"version-history":[{"count":1,"href":"https:\/\/allflamenco.net\/en\/wp-json\/wp\/v2\/posts\/409295\/revisions"}],"predecessor-version":[{"id":409296,"href":"https:\/\/allflamenco.net\/en\/wp-json\/wp\/v2\/posts\/409295\/revisions\/409296"}],"wp:featuredmedia":[{"embeddable":true,"href":"https:\/\/allflamenco.net\/en\/wp-json\/wp\/v2\/media\/409272"}],"wp:attachment":[{"href":"https:\/\/allflamenco.net\/en\/wp-json\/wp\/v2\/media?parent=409295"}],"wp:term":[{"taxonomy":"category","embeddable":true,"href":"https:\/\/allflamenco.net\/en\/wp-json\/wp\/v2\/categories?post=409295"},{"taxonomy":"post_tag","embeddable":true,"href":"https:\/\/allflamenco.net\/en\/wp-json\/wp\/v2\/tags?post=409295"}],"curies":[{"name":"wp","href":"https:\/\/api.w.org\/{rel}","templated":true}]}}