{"id":407995,"date":"2025-06-10T10:07:22","date_gmt":"2025-06-10T08:07:22","guid":{"rendered":"https:\/\/allflamenco.net\/?p=407995"},"modified":"2025-06-10T10:22:08","modified_gmt":"2025-06-10T08:22:08","slug":"merida-flamenco-festival-announces-its-4th-edition-with-pedro-el-granaino-venta-de-vargas-flamenco-musical-and-a-tribute-to-el-lebrijano","status":"publish","type":"post","link":"https:\/\/allflamenco.net\/en\/blog\/merida-flamenco-festival-announces-its-4th-edition-with-pedro-el-granaino-venta-de-vargas-flamenco-musical-and-a-tribute-to-el-lebrijano\/","title":{"rendered":"M\u00e9rida Flamenco Festival Announces Its 4th Edition with Pedro El Grana\u00edno, Venta de Vargas \u2013 Flamenco Musical, and a Tribute to El Lebrijano."},"content":{"rendered":"<p>Pedro El Grana\u00edno, Jes\u00fas M\u00e9ndez, Antonio Reyes and the flamenco musical <em data-start=\"458\" data-end=\"475\">Venta de Vargas<\/em> lead the lineup for the 4th edition of the M\u00e9rida Flamenco Festival, which this year pays tribute to flamenco legend Juan Pe\u00f1a &#8220;El Lebrijano&#8221;. From October 18 to November 8, the Teatro Mar\u00eda Luisa will host this essential celebration of flamenco art in Extremadura.<\/p>\n<p data-start=\"759\" data-end=\"1046\">The M\u00e9rida Flamenco Festival returns in 2025, firmly established as one of the key flamenco events in western Spain. Its fourth edition will take place entirely at the Teatro Mar\u00eda Luisa from October 18 to November 8, showcasing major names in both traditional and contemporary flamenco.<\/p>\n<p data-start=\"1048\" data-end=\"1455\">This year&#8217;s edition pays tribute to <strong data-start=\"1084\" data-end=\"1112\">Juan Pe\u00f1a &#8220;El Lebrijano&#8221;<\/strong>, recipient of the Festival Honorary Award, accepted by his daughter at the official presentation. A key figure in 20th-century flamenco, El Lebrijano was known for his groundbreaking approach, blending deep traditional roots with Arab-Andalusian and symphonic elements, and for his lifelong advocacy of the Romani people and flamenco culture.<\/p>\n<p data-start=\"1048\" data-end=\"1455\"><img loading=\"lazy\" decoding=\"async\" class=\"wp-image-407987 aligncenter\" src=\"https:\/\/allflamenco.net\/wp-content\/uploads\/2025\/06\/CARTEL.jpg\" alt=\"\" width=\"834\" height=\"1180\" \/><\/p>\n<p data-start=\"1457\" data-end=\"1851\">The lineup promises unforgettable nights: <strong data-start=\"1499\" data-end=\"1520\">Pedro El Grana\u00edno<\/strong>, with his raw, expressive voice that transcends borders; <strong data-start=\"1578\" data-end=\"1594\">Jes\u00fas M\u00e9ndez<\/strong>, a powerful singer from the heart of Jerez; and <strong data-start=\"1643\" data-end=\"1660\">Antonio Reyes<\/strong>, a refined artist from C\u00e1diz known for his elegant phrasing. The festival opens with \u201cLos Magn\u00edficos,\u201d a showcase featuring Sandra Carrasco, La Talegona, Andr\u00e9s Barrios, and David de Arahal.<\/p>\n<p data-start=\"1853\" data-end=\"2285\">One of the most anticipated moments will be the performance of <em data-start=\"1916\" data-end=\"1956\"><strong data-start=\"1917\" data-end=\"1955\">Venta de Vargas \u2013 Flamenco Musical<\/strong><\/em> on Saturday, October 25, starring Antonio Canales, Macarena Ram\u00edrez, Carlos Carbonell, and Antonio Lizana. This show pays tribute to the iconic flamenco venue in San Fernando, blending music, dance, and storytelling to recreate its legacy. It is also available to stream on ALL FLAMENCO as a high-quality audiovisual experience.<\/p>\n<p data-start=\"2287\" data-end=\"2544\">The program continues on November 1 with Juan and Bernardo Parrilla joined by guest artist Tomasito; on November 7 with the much-awaited duet of Antonio Reyes and Pedro El Grana\u00edno; and concludes on November 8 with <em data-start=\"2502\" data-end=\"2519\">Quiero Cantarte<\/em>, a show by Jes\u00fas M\u00e9ndez.<\/p>\n<p data-start=\"2287\" data-end=\"2544\"><img loading=\"lazy\" decoding=\"async\" class=\"alignnone size-full wp-image-407984\" src=\"https:\/\/allflamenco.net\/wp-content\/uploads\/2025\/06\/foto-final.jpg\" alt=\"\" width=\"2048\" height=\"1042\" srcset=\"https:\/\/allflamenco.net\/wp-content\/uploads\/2025\/06\/foto-final.jpg 2048w, https:\/\/allflamenco.net\/wp-content\/uploads\/2025\/06\/foto-final-1280x651.jpg 1280w, https:\/\/allflamenco.net\/wp-content\/uploads\/2025\/06\/foto-final-980x499.jpg 980w, https:\/\/allflamenco.net\/wp-content\/uploads\/2025\/06\/foto-final-480x244.jpg 480w\" sizes=\"(min-width: 0px) and (max-width: 480px) 480px, (min-width: 481px) and (max-width: 980px) 980px, (min-width: 981px) and (max-width: 1280px) 1280px, (min-width: 1281px) 2048px, 100vw\" \/><\/p>\n<p data-start=\"2546\" data-end=\"2761\">Organized by Mericars Tours and sponsored by the M\u00e9rida City Council, this festival aims to reinforce M\u00e9rida&#8217;s status as a global flamenco destination. Tickets will be available soon through official sales channels.<\/p>\n<p data-start=\"2763\" data-end=\"2995\">At ALL FLAMENCO, we celebrate and support this unique event. Our platform features live performances by the main artists and the complete <em data-start=\"2901\" data-end=\"2918\">Venta de Vargas<\/em> musical, so you can enjoy the spirit of flamenco from anywhere in the world.<\/p>\n<p><strong>PROGRAMACI\u00d3N IV FESTIVAL FLAMENCO DE M\u00c9RIDA<\/strong><\/p>\n<ul>\n<li>S\u00e1bado 18 de octubre: \u2018Los Magn\u00edficos\u2019 con \ud835\udc12\ud835\udc1a\ud835\udc27\ud835\udc1d\ud835\udc2b\ud835\udc1a \ud835\udc02\ud835\udc1a\ud835\udc2b\ud835\udc2b\ud835\udc1a\ud835\udc2c\ud835\udc1c\ud835\udc28, \ud835\udc0b\ud835\udc1a \ud835\udc13\ud835\udc1a\ud835\udc25\ud835\udc1e\ud835\udc20\ud835\udc28\ud835\udc27\ud835\udc1a, \ud835\udc00\ud835\udc27\ud835\udc1d\ud835\udc2b\u00e9\ud835\udc2c \ud835\udc01\ud835\udc1a\ud835\udc2b\ud835\udc2b\ud835\udc22\ud835\udc28\ud835\udc2c \ud835\udc32 \ud835\udc03\ud835\udc1a\ud835\udc2f\ud835\udc22\ud835\udc1d \ud835\udc1d\ud835\udc1e \ud835\udc00\ud835\udc2b\ud835\udc1a\ud835\udc21\ud835\udc1a\ud835\udc25<\/li>\n<li>S\u00e1bado 25 de octubre: \u2018Musical Flamenco Venta de Vargas\u2019 con bailaores como \ud835\udc00\ud835\udc27\ud835\udc2d\ud835\udc28\ud835\udc27\ud835\udc22\ud835\udc28 \ud835\udc02\ud835\udc1a\ud835\udc27\ud835\udc1a\ud835\udc25\ud835\udc1e\ud835\udc2c, \ud835\udc0c\ud835\udc1a\ud835\udc1c\ud835\udc1a\ud835\udc2b\ud835\udc1e\ud835\udc27\ud835\udc1a \ud835\udc11\ud835\udc1a\ud835\udc26\u00ed\ud835\udc2b\ud835\udc1e\ud835\udc33, \ud835\udc02\ud835\udc1a\ud835\udc2b\ud835\udc25\ud835\udc28\ud835\udc2c \ud835\udc02\ud835\udc1a\ud835\udc2b\ud835\udc1b\ud835\udc28\ud835\udc27\ud835\udc1e\ud835\udc25\ud835\udc25 \ud835\udc32 \ud835\udc00\ud835\udc27\ud835\udc2d\ud835\udc28\ud835\udc27\ud835\udc22\ud835\udc28 \ud835\udc0b\ud835\udc22\ud835\udc33\ud835\udc1a\ud835\udc27\ud835\udc1a, entre otros muchos m\u00e1s<\/li>\n<li>S\u00e1bado 1 de noviembre: \ud835\udc09\ud835\udc2e\ud835\udc1a\ud835\udc27 \ud835\udc32 \ud835\udc01\ud835\udc1e\ud835\udc2b\ud835\udc27\ud835\udc1a\ud835\udc2b\ud835\udc1d\ud835\udc28 \ud835\udc0f\ud835\udc1a\ud835\udc2b\ud835\udc2b\ud835\udc22\ud835\udc25\ud835\udc25\ud835\udc1a nos traen su espect\u00e1culo \u2018De Jerez a Extremadura\u2019 junto a su artista invitado \ud835\udc13\ud835\udc28\ud835\udc26\ud835\udc1a\ud835\udc2c\ud835\udc22\ud835\udc2d\ud835\udc28<\/li>\n<li>Viernes 7 de noviembre: El \u00abmano a mano\u00bb m\u00e1s esperado de \ud835\udc00\ud835\udc27\ud835\udc2d\ud835\udc28\ud835\udc27\ud835\udc22\ud835\udc28 \ud835\udc11\ud835\udc1e\ud835\udc32\ud835\udc1e\ud835\udc2c \ud835\udc32 \ud835\udc0f\ud835\udc1e\ud835\udc1d\ud835\udc2b\ud835\udc28 \ud835\udc06\ud835\udc2b\ud835\udc1a\ud835\udc27\ud835\udc1a\ud835\udc22\ud835\udc27\ud835\udc28<\/li>\n<li>S\u00e1bado 8 de noviembre: \u2018Quiero Cantarte\u2019 de \ud835\udc09\ud835\udc1e\ud835\udc2c\ud835\udc2e\ud835\udc2c \ud835\udc0c\ud835\udc1e\ud835\udc27\ud835\udc1d\ud835\udc1e\ud835\udc33<\/li>\n<\/ul>\n<p>Las entradas se pondr\u00e1n a la venta el 16 de Junio en El Corte Ingl\u00e9s<\/p>\n<p>Una oportunidad \u00fanica para disfrutar del mejor flamenco del panorama nacional<\/p>\n<p>Web oficial:\u00a0<a href=\"https:\/\/festivalflamencomerida.es\/\">https:\/\/festivalflamencomerida.es\/<\/a><\/p>\n<p>&nbsp;<\/p>\n<p>Watch shows on ALL FLAMENCO<\/p>\n<p><a href=\"https:\/\/allflamenco.vhx.tv\/videos\/venta-de-vargas-musical-flamenco\">VENTA DE VARGAS MUSICAL FLAMENCO<\/a> in <a href=\"https:\/\/allflamenco.vhx.tv\/videos\/venta-de-vargas-musical-flamenco\">ALL FLAMENCO<\/a> o <a href=\"https:\/\/www.primevideo.com\/-\/es\/detail\/0G887O6CVQQFJSRIBB90T4JUOF\/ref=atv_sr_fle_c_Tn74RA_1_1_1?sr=1-1&amp;pageTypeIdSource=ASIN&amp;pageTypeId=B0DRF2PLQV&amp;qid=1749541461072\">PRIME VIDEO<\/a><\/p>\n<p>PEDRO EL GRANAINO in <a href=\"https:\/\/allflamenco.vhx.tv\/videos\/pedro-el-granaino-festival-la-isla-ciudad-flamenca\">ALL FLAMENCO<\/a> o <a href=\"https:\/\/www.primevideo.com\/-\/es\/detail\/0PBVUUW94QL6R5X8VO4EQAE338\/ref=atv_sr_fle_c_Tn74RA_4_1_4?sr=1-4&amp;pageTypeIdSource=ASIN&amp;pageTypeId=B0BX23SDH4&amp;qid=1749541611376\">PRIME VIDEO<\/a><\/p>\n<p><a href=\"https:\/\/allflamenco.vhx.tv\/videos\/jesus-mendez-recital-ii-bienal-de-flamenco-cadiz-jerez-y-los-puertos\">JES\u00daS M\u00c9NDEZ in ALL FLAMENCO<\/a> o <a href=\"https:\/\/www.primevideo.com\/-\/es\/detail\/0RDTQ25QVZNT2WFKVMUHAS7B1F\/ref=atv_sr_fle_c_Tn74RA_1_1_1?sr=1-1&amp;pageTypeIdSource=ASIN&amp;pageTypeId=B09NW2RFCB&amp;qid=1749542210284\">PRIME VIDEO<\/a><\/p>\n<p>ANTONIO REYES in <a href=\"https:\/\/allflamenco.vhx.tv\/videos\/antonio-reyes-recital-de-cante\">ALL FLAMENCO<\/a> o <a href=\"https:\/\/www.primevideo.com\/-\/es\/detail\/0MFJ0PDIY9Z5FI3TF7UUKUMA8U\/ref=atv_sr_fle_c_Tn74RA_24_1_24?sr=1-24&amp;pageTypeIdSource=ASIN&amp;pageTypeId=B0CH5JP5RW&amp;qid=1749542119744\">PRIME VIDEO<\/a><\/p>\n<p>&nbsp;<\/p>\n<p data-start=\"2763\" data-end=\"2995\">\n","protected":false},"excerpt":{"rendered":"<p>Pedro El Grana\u00edno, Jes\u00fas M\u00e9ndez, Antonio Reyes and the flamenco musical Venta de Vargas lead the lineup for the 4th edition of the M\u00e9rida Flamenco Festival, which this year pays tribute to flamenco legend Juan Pe\u00f1a &#8220;El Lebrijano&#8221;. From October 18 to November 8, the Teatro Mar\u00eda Luisa will host this essential celebration of flamenco [&hellip;]<\/p>\n","protected":false},"author":7,"featured_media":407999,"comment_status":"closed","ping_status":"closed","sticky":false,"template":"","format":"standard","meta":{"_et_pb_use_builder":"","_et_pb_old_content":"","_et_gb_content_width":"","footnotes":""},"categories":[166,156],"tags":[376,394,395,396],"class_list":["post-407995","post","type-post","status-publish","format-standard","has-post-thumbnail","hentry","category-festivals","category-whats-new","tag-flamenco","tag-merida-flamenco-festival","tag-pedro-el-granaino-en","tag-venta-de-vargas-en"],"yoast_head":"<!-- This site is optimized with the Yoast SEO plugin v26.8 - https:\/\/yoast.com\/product\/yoast-seo-wordpress\/ -->\n<title>M\u00e9rida Flamenco Festival Announces Its 4th Edition with Pedro El Grana\u00edno, Venta de Vargas \u2013 Flamenco Musical, and a Tribute to El Lebrijano. - ALL FLAMENCO<\/title>\n<meta name=\"description\" content=\"Pedro El Grana\u00edno, Jes\u00fas M\u00e9ndez, Antonio Reyes and the flamenco musical Venta de Vargas lead the lineup for the 4th edition of the M\u00e9rida Flamenco Festival, which this year pays tribute to flamenco legend Juan Pe\u00f1a &quot;El Lebrijano&quot;. From October 18 to November 8, the Teatro Mar\u00eda Luisa will host this essential celebration of flamenco art in Extremadura.\" \/>\n<meta name=\"robots\" content=\"index, follow, max-snippet:-1, max-image-preview:large, max-video-preview:-1\" \/>\n<link rel=\"canonical\" href=\"https:\/\/allflamenco.net\/en\/blog\/merida-flamenco-festival-announces-its-4th-edition-with-pedro-el-granaino-venta-de-vargas-flamenco-musical-and-a-tribute-to-el-lebrijano\/\" \/>\n<meta property=\"og:locale\" content=\"en_US\" \/>\n<meta property=\"og:type\" content=\"article\" \/>\n<meta property=\"og:title\" content=\"M\u00e9rida Flamenco Festival Announces Its 4th Edition with Pedro El Grana\u00edno, Venta de Vargas \u2013 Flamenco Musical, and a Tribute to El Lebrijano. - ALL FLAMENCO\" \/>\n<meta property=\"og:description\" content=\"Pedro El Grana\u00edno, Jes\u00fas M\u00e9ndez, Antonio Reyes and the flamenco musical Venta de Vargas lead the lineup for the 4th edition of the M\u00e9rida Flamenco Festival, which this year pays tribute to flamenco legend Juan Pe\u00f1a &quot;El Lebrijano&quot;. From October 18 to November 8, the Teatro Mar\u00eda Luisa will host this essential celebration of flamenco art in Extremadura.\" \/>\n<meta property=\"og:url\" content=\"https:\/\/allflamenco.net\/en\/blog\/merida-flamenco-festival-announces-its-4th-edition-with-pedro-el-granaino-venta-de-vargas-flamenco-musical-and-a-tribute-to-el-lebrijano\/\" \/>\n<meta property=\"og:site_name\" content=\"ALL FLAMENCO\" \/>\n<meta property=\"article:publisher\" content=\"https:\/\/www.facebook.com\/allflamenco\" \/>\n<meta property=\"article:published_time\" content=\"2025-06-10T08:07:22+00:00\" \/>\n<meta property=\"article:modified_time\" content=\"2025-06-10T08:22:08+00:00\" \/>\n<meta property=\"og:image\" content=\"https:\/\/allflamenco.net\/wp-content\/uploads\/2025\/06\/alcalde-1.jpg\" \/>\n\t<meta property=\"og:image:width\" content=\"1024\" \/>\n\t<meta property=\"og:image:height\" content=\"576\" \/>\n\t<meta property=\"og:image:type\" content=\"image\/jpeg\" \/>\n<meta name=\"author\" content=\"Javier Fernandez\" \/>\n<meta name=\"twitter:card\" content=\"summary_large_image\" \/>\n<meta name=\"twitter:creator\" content=\"@all_flamenco\" \/>\n<meta name=\"twitter:site\" content=\"@all_flamenco\" \/>\n<meta name=\"twitter:label1\" content=\"Written by\" \/>\n\t<meta name=\"twitter:data1\" content=\"Javier Fernandez\" \/>\n\t<meta name=\"twitter:label2\" content=\"Est. reading time\" \/>\n\t<meta name=\"twitter:data2\" content=\"4 minutes\" \/>\n<script type=\"application\/ld+json\" class=\"yoast-schema-graph\">{\"@context\":\"https:\/\/schema.org\",\"@graph\":[{\"@type\":\"Article\",\"@id\":\"https:\/\/allflamenco.net\/en\/blog\/merida-flamenco-festival-announces-its-4th-edition-with-pedro-el-granaino-venta-de-vargas-flamenco-musical-and-a-tribute-to-el-lebrijano\/#article\",\"isPartOf\":{\"@id\":\"https:\/\/allflamenco.net\/en\/blog\/merida-flamenco-festival-announces-its-4th-edition-with-pedro-el-granaino-venta-de-vargas-flamenco-musical-and-a-tribute-to-el-lebrijano\/\"},\"author\":{\"name\":\"Javier Fernandez\",\"@id\":\"https:\/\/allflamenco.net\/en\/#\/schema\/person\/b6222dd5a6fcd015535fbe437ced9666\"},\"headline\":\"M\u00e9rida Flamenco Festival Announces Its 4th Edition with Pedro El Grana\u00edno, Venta de Vargas \u2013 Flamenco Musical, and a Tribute to El Lebrijano.\",\"datePublished\":\"2025-06-10T08:07:22+00:00\",\"dateModified\":\"2025-06-10T08:22:08+00:00\",\"mainEntityOfPage\":{\"@id\":\"https:\/\/allflamenco.net\/en\/blog\/merida-flamenco-festival-announces-its-4th-edition-with-pedro-el-granaino-venta-de-vargas-flamenco-musical-and-a-tribute-to-el-lebrijano\/\"},\"wordCount\":584,\"publisher\":{\"@id\":\"https:\/\/allflamenco.net\/en\/#organization\"},\"image\":{\"@id\":\"https:\/\/allflamenco.net\/en\/blog\/merida-flamenco-festival-announces-its-4th-edition-with-pedro-el-granaino-venta-de-vargas-flamenco-musical-and-a-tribute-to-el-lebrijano\/#primaryimage\"},\"thumbnailUrl\":\"https:\/\/allflamenco.net\/wp-content\/uploads\/2025\/06\/alcalde-1.jpg\",\"keywords\":[\"flamenco\",\"M\u00e9rida Flamenco Festival\",\"Pedro El Granaino\",\"Venta de Vargas\"],\"articleSection\":[\"Festivals\",\"What's New\"],\"inLanguage\":\"en-US\"},{\"@type\":\"WebPage\",\"@id\":\"https:\/\/allflamenco.net\/en\/blog\/merida-flamenco-festival-announces-its-4th-edition-with-pedro-el-granaino-venta-de-vargas-flamenco-musical-and-a-tribute-to-el-lebrijano\/\",\"url\":\"https:\/\/allflamenco.net\/en\/blog\/merida-flamenco-festival-announces-its-4th-edition-with-pedro-el-granaino-venta-de-vargas-flamenco-musical-and-a-tribute-to-el-lebrijano\/\",\"name\":\"M\u00e9rida Flamenco Festival Announces Its 4th Edition with Pedro El Grana\u00edno, Venta de Vargas \u2013 Flamenco Musical, and a Tribute to El Lebrijano. - ALL FLAMENCO\",\"isPartOf\":{\"@id\":\"https:\/\/allflamenco.net\/en\/#website\"},\"primaryImageOfPage\":{\"@id\":\"https:\/\/allflamenco.net\/en\/blog\/merida-flamenco-festival-announces-its-4th-edition-with-pedro-el-granaino-venta-de-vargas-flamenco-musical-and-a-tribute-to-el-lebrijano\/#primaryimage\"},\"image\":{\"@id\":\"https:\/\/allflamenco.net\/en\/blog\/merida-flamenco-festival-announces-its-4th-edition-with-pedro-el-granaino-venta-de-vargas-flamenco-musical-and-a-tribute-to-el-lebrijano\/#primaryimage\"},\"thumbnailUrl\":\"https:\/\/allflamenco.net\/wp-content\/uploads\/2025\/06\/alcalde-1.jpg\",\"datePublished\":\"2025-06-10T08:07:22+00:00\",\"dateModified\":\"2025-06-10T08:22:08+00:00\",\"description\":\"Pedro El Grana\u00edno, Jes\u00fas M\u00e9ndez, Antonio Reyes and the flamenco musical Venta de Vargas lead the lineup for the 4th edition of the M\u00e9rida Flamenco Festival, which this year pays tribute to flamenco legend Juan Pe\u00f1a \\\"El Lebrijano\\\". From October 18 to November 8, the Teatro Mar\u00eda Luisa will host this essential celebration of flamenco art in Extremadura.\",\"breadcrumb\":{\"@id\":\"https:\/\/allflamenco.net\/en\/blog\/merida-flamenco-festival-announces-its-4th-edition-with-pedro-el-granaino-venta-de-vargas-flamenco-musical-and-a-tribute-to-el-lebrijano\/#breadcrumb\"},\"inLanguage\":\"en-US\",\"potentialAction\":[{\"@type\":\"ReadAction\",\"target\":[\"https:\/\/allflamenco.net\/en\/blog\/merida-flamenco-festival-announces-its-4th-edition-with-pedro-el-granaino-venta-de-vargas-flamenco-musical-and-a-tribute-to-el-lebrijano\/\"]}]},{\"@type\":\"ImageObject\",\"inLanguage\":\"en-US\",\"@id\":\"https:\/\/allflamenco.net\/en\/blog\/merida-flamenco-festival-announces-its-4th-edition-with-pedro-el-granaino-venta-de-vargas-flamenco-musical-and-a-tribute-to-el-lebrijano\/#primaryimage\",\"url\":\"https:\/\/allflamenco.net\/wp-content\/uploads\/2025\/06\/alcalde-1.jpg\",\"contentUrl\":\"https:\/\/allflamenco.net\/wp-content\/uploads\/2025\/06\/alcalde-1.jpg\",\"width\":1024,\"height\":576},{\"@type\":\"BreadcrumbList\",\"@id\":\"https:\/\/allflamenco.net\/en\/blog\/merida-flamenco-festival-announces-its-4th-edition-with-pedro-el-granaino-venta-de-vargas-flamenco-musical-and-a-tribute-to-el-lebrijano\/#breadcrumb\",\"itemListElement\":[{\"@type\":\"ListItem\",\"position\":1,\"name\":\"Home\",\"item\":\"https:\/\/allflamenco.net\/en\/\"},{\"@type\":\"ListItem\",\"position\":2,\"name\":\"M\u00e9rida Flamenco Festival Announces Its 4th Edition with Pedro El Grana\u00edno, Venta de Vargas \u2013 Flamenco Musical, and a Tribute to El Lebrijano.\"}]},{\"@type\":\"WebSite\",\"@id\":\"https:\/\/allflamenco.net\/en\/#website\",\"url\":\"https:\/\/allflamenco.net\/en\/\",\"name\":\"ALL FLAMENCO\",\"description\":\"El canal para los amantes del flamenco\",\"publisher\":{\"@id\":\"https:\/\/allflamenco.net\/en\/#organization\"},\"potentialAction\":[{\"@type\":\"SearchAction\",\"target\":{\"@type\":\"EntryPoint\",\"urlTemplate\":\"https:\/\/allflamenco.net\/en\/?s={search_term_string}\"},\"query-input\":{\"@type\":\"PropertyValueSpecification\",\"valueRequired\":true,\"valueName\":\"search_term_string\"}}],\"inLanguage\":\"en-US\"},{\"@type\":\"Organization\",\"@id\":\"https:\/\/allflamenco.net\/en\/#organization\",\"name\":\"ALL FLAMENCO\",\"alternateName\":\"AF\",\"url\":\"https:\/\/allflamenco.net\/en\/\",\"logo\":{\"@type\":\"ImageObject\",\"inLanguage\":\"en-US\",\"@id\":\"https:\/\/allflamenco.net\/en\/#\/schema\/logo\/image\/\",\"url\":\"https:\/\/allflamenco.net\/wp-content\/uploads\/2023\/09\/logo-allflamenco.jpg\",\"contentUrl\":\"https:\/\/allflamenco.net\/wp-content\/uploads\/2023\/09\/logo-allflamenco.jpg\",\"width\":696,\"height\":696,\"caption\":\"ALL FLAMENCO\"},\"image\":{\"@id\":\"https:\/\/allflamenco.net\/en\/#\/schema\/logo\/image\/\"},\"sameAs\":[\"https:\/\/www.facebook.com\/allflamenco\",\"https:\/\/x.com\/all_flamenco\",\"https:\/\/www.instagram.com\/allflamenco\",\"https:\/\/www.pinterest.es\/allflamenco\/\",\"https:\/\/www.youtube.com\/@ALLFLAMENCO\",\"https:\/\/www.tiktok.com\/@allflamenco\"]},{\"@type\":\"Person\",\"@id\":\"https:\/\/allflamenco.net\/en\/#\/schema\/person\/b6222dd5a6fcd015535fbe437ced9666\",\"name\":\"Javier Fernandez\"}]}<\/script>\n<!-- \/ Yoast SEO plugin. -->","yoast_head_json":{"title":"M\u00e9rida Flamenco Festival Announces Its 4th Edition with Pedro El Grana\u00edno, Venta de Vargas \u2013 Flamenco Musical, and a Tribute to El Lebrijano. - ALL FLAMENCO","description":"Pedro El Grana\u00edno, Jes\u00fas M\u00e9ndez, Antonio Reyes and the flamenco musical Venta de Vargas lead the lineup for the 4th edition of the M\u00e9rida Flamenco Festival, which this year pays tribute to flamenco legend Juan Pe\u00f1a \"El Lebrijano\". From October 18 to November 8, the Teatro Mar\u00eda Luisa will host this essential celebration of flamenco art in Extremadura.","robots":{"index":"index","follow":"follow","max-snippet":"max-snippet:-1","max-image-preview":"max-image-preview:large","max-video-preview":"max-video-preview:-1"},"canonical":"https:\/\/allflamenco.net\/en\/blog\/merida-flamenco-festival-announces-its-4th-edition-with-pedro-el-granaino-venta-de-vargas-flamenco-musical-and-a-tribute-to-el-lebrijano\/","og_locale":"en_US","og_type":"article","og_title":"M\u00e9rida Flamenco Festival Announces Its 4th Edition with Pedro El Grana\u00edno, Venta de Vargas \u2013 Flamenco Musical, and a Tribute to El Lebrijano. - ALL FLAMENCO","og_description":"Pedro El Grana\u00edno, Jes\u00fas M\u00e9ndez, Antonio Reyes and the flamenco musical Venta de Vargas lead the lineup for the 4th edition of the M\u00e9rida Flamenco Festival, which this year pays tribute to flamenco legend Juan Pe\u00f1a \"El Lebrijano\". From October 18 to November 8, the Teatro Mar\u00eda Luisa will host this essential celebration of flamenco art in Extremadura.","og_url":"https:\/\/allflamenco.net\/en\/blog\/merida-flamenco-festival-announces-its-4th-edition-with-pedro-el-granaino-venta-de-vargas-flamenco-musical-and-a-tribute-to-el-lebrijano\/","og_site_name":"ALL FLAMENCO","article_publisher":"https:\/\/www.facebook.com\/allflamenco","article_published_time":"2025-06-10T08:07:22+00:00","article_modified_time":"2025-06-10T08:22:08+00:00","og_image":[{"width":1024,"height":576,"url":"https:\/\/allflamenco.net\/wp-content\/uploads\/2025\/06\/alcalde-1.jpg","type":"image\/jpeg"}],"author":"Javier Fernandez","twitter_card":"summary_large_image","twitter_creator":"@all_flamenco","twitter_site":"@all_flamenco","twitter_misc":{"Written by":"Javier Fernandez","Est. reading time":"4 minutes"},"schema":{"@context":"https:\/\/schema.org","@graph":[{"@type":"Article","@id":"https:\/\/allflamenco.net\/en\/blog\/merida-flamenco-festival-announces-its-4th-edition-with-pedro-el-granaino-venta-de-vargas-flamenco-musical-and-a-tribute-to-el-lebrijano\/#article","isPartOf":{"@id":"https:\/\/allflamenco.net\/en\/blog\/merida-flamenco-festival-announces-its-4th-edition-with-pedro-el-granaino-venta-de-vargas-flamenco-musical-and-a-tribute-to-el-lebrijano\/"},"author":{"name":"Javier Fernandez","@id":"https:\/\/allflamenco.net\/en\/#\/schema\/person\/b6222dd5a6fcd015535fbe437ced9666"},"headline":"M\u00e9rida Flamenco Festival Announces Its 4th Edition with Pedro El Grana\u00edno, Venta de Vargas \u2013 Flamenco Musical, and a Tribute to El Lebrijano.","datePublished":"2025-06-10T08:07:22+00:00","dateModified":"2025-06-10T08:22:08+00:00","mainEntityOfPage":{"@id":"https:\/\/allflamenco.net\/en\/blog\/merida-flamenco-festival-announces-its-4th-edition-with-pedro-el-granaino-venta-de-vargas-flamenco-musical-and-a-tribute-to-el-lebrijano\/"},"wordCount":584,"publisher":{"@id":"https:\/\/allflamenco.net\/en\/#organization"},"image":{"@id":"https:\/\/allflamenco.net\/en\/blog\/merida-flamenco-festival-announces-its-4th-edition-with-pedro-el-granaino-venta-de-vargas-flamenco-musical-and-a-tribute-to-el-lebrijano\/#primaryimage"},"thumbnailUrl":"https:\/\/allflamenco.net\/wp-content\/uploads\/2025\/06\/alcalde-1.jpg","keywords":["flamenco","M\u00e9rida Flamenco Festival","Pedro El Granaino","Venta de Vargas"],"articleSection":["Festivals","What's New"],"inLanguage":"en-US"},{"@type":"WebPage","@id":"https:\/\/allflamenco.net\/en\/blog\/merida-flamenco-festival-announces-its-4th-edition-with-pedro-el-granaino-venta-de-vargas-flamenco-musical-and-a-tribute-to-el-lebrijano\/","url":"https:\/\/allflamenco.net\/en\/blog\/merida-flamenco-festival-announces-its-4th-edition-with-pedro-el-granaino-venta-de-vargas-flamenco-musical-and-a-tribute-to-el-lebrijano\/","name":"M\u00e9rida Flamenco Festival Announces Its 4th Edition with Pedro El Grana\u00edno, Venta de Vargas \u2013 Flamenco Musical, and a Tribute to El Lebrijano. - ALL FLAMENCO","isPartOf":{"@id":"https:\/\/allflamenco.net\/en\/#website"},"primaryImageOfPage":{"@id":"https:\/\/allflamenco.net\/en\/blog\/merida-flamenco-festival-announces-its-4th-edition-with-pedro-el-granaino-venta-de-vargas-flamenco-musical-and-a-tribute-to-el-lebrijano\/#primaryimage"},"image":{"@id":"https:\/\/allflamenco.net\/en\/blog\/merida-flamenco-festival-announces-its-4th-edition-with-pedro-el-granaino-venta-de-vargas-flamenco-musical-and-a-tribute-to-el-lebrijano\/#primaryimage"},"thumbnailUrl":"https:\/\/allflamenco.net\/wp-content\/uploads\/2025\/06\/alcalde-1.jpg","datePublished":"2025-06-10T08:07:22+00:00","dateModified":"2025-06-10T08:22:08+00:00","description":"Pedro El Grana\u00edno, Jes\u00fas M\u00e9ndez, Antonio Reyes and the flamenco musical Venta de Vargas lead the lineup for the 4th edition of the M\u00e9rida Flamenco Festival, which this year pays tribute to flamenco legend Juan Pe\u00f1a \"El Lebrijano\". From October 18 to November 8, the Teatro Mar\u00eda Luisa will host this essential celebration of flamenco art in Extremadura.","breadcrumb":{"@id":"https:\/\/allflamenco.net\/en\/blog\/merida-flamenco-festival-announces-its-4th-edition-with-pedro-el-granaino-venta-de-vargas-flamenco-musical-and-a-tribute-to-el-lebrijano\/#breadcrumb"},"inLanguage":"en-US","potentialAction":[{"@type":"ReadAction","target":["https:\/\/allflamenco.net\/en\/blog\/merida-flamenco-festival-announces-its-4th-edition-with-pedro-el-granaino-venta-de-vargas-flamenco-musical-and-a-tribute-to-el-lebrijano\/"]}]},{"@type":"ImageObject","inLanguage":"en-US","@id":"https:\/\/allflamenco.net\/en\/blog\/merida-flamenco-festival-announces-its-4th-edition-with-pedro-el-granaino-venta-de-vargas-flamenco-musical-and-a-tribute-to-el-lebrijano\/#primaryimage","url":"https:\/\/allflamenco.net\/wp-content\/uploads\/2025\/06\/alcalde-1.jpg","contentUrl":"https:\/\/allflamenco.net\/wp-content\/uploads\/2025\/06\/alcalde-1.jpg","width":1024,"height":576},{"@type":"BreadcrumbList","@id":"https:\/\/allflamenco.net\/en\/blog\/merida-flamenco-festival-announces-its-4th-edition-with-pedro-el-granaino-venta-de-vargas-flamenco-musical-and-a-tribute-to-el-lebrijano\/#breadcrumb","itemListElement":[{"@type":"ListItem","position":1,"name":"Home","item":"https:\/\/allflamenco.net\/en\/"},{"@type":"ListItem","position":2,"name":"M\u00e9rida Flamenco Festival Announces Its 4th Edition with Pedro El Grana\u00edno, Venta de Vargas \u2013 Flamenco Musical, and a Tribute to El Lebrijano."}]},{"@type":"WebSite","@id":"https:\/\/allflamenco.net\/en\/#website","url":"https:\/\/allflamenco.net\/en\/","name":"ALL FLAMENCO","description":"El canal para los amantes del flamenco","publisher":{"@id":"https:\/\/allflamenco.net\/en\/#organization"},"potentialAction":[{"@type":"SearchAction","target":{"@type":"EntryPoint","urlTemplate":"https:\/\/allflamenco.net\/en\/?s={search_term_string}"},"query-input":{"@type":"PropertyValueSpecification","valueRequired":true,"valueName":"search_term_string"}}],"inLanguage":"en-US"},{"@type":"Organization","@id":"https:\/\/allflamenco.net\/en\/#organization","name":"ALL FLAMENCO","alternateName":"AF","url":"https:\/\/allflamenco.net\/en\/","logo":{"@type":"ImageObject","inLanguage":"en-US","@id":"https:\/\/allflamenco.net\/en\/#\/schema\/logo\/image\/","url":"https:\/\/allflamenco.net\/wp-content\/uploads\/2023\/09\/logo-allflamenco.jpg","contentUrl":"https:\/\/allflamenco.net\/wp-content\/uploads\/2023\/09\/logo-allflamenco.jpg","width":696,"height":696,"caption":"ALL FLAMENCO"},"image":{"@id":"https:\/\/allflamenco.net\/en\/#\/schema\/logo\/image\/"},"sameAs":["https:\/\/www.facebook.com\/allflamenco","https:\/\/x.com\/all_flamenco","https:\/\/www.instagram.com\/allflamenco","https:\/\/www.pinterest.es\/allflamenco\/","https:\/\/www.youtube.com\/@ALLFLAMENCO","https:\/\/www.tiktok.com\/@allflamenco"]},{"@type":"Person","@id":"https:\/\/allflamenco.net\/en\/#\/schema\/person\/b6222dd5a6fcd015535fbe437ced9666","name":"Javier Fernandez"}]}},"_links":{"self":[{"href":"https:\/\/allflamenco.net\/en\/wp-json\/wp\/v2\/posts\/407995","targetHints":{"allow":["GET"]}}],"collection":[{"href":"https:\/\/allflamenco.net\/en\/wp-json\/wp\/v2\/posts"}],"about":[{"href":"https:\/\/allflamenco.net\/en\/wp-json\/wp\/v2\/types\/post"}],"author":[{"embeddable":true,"href":"https:\/\/allflamenco.net\/en\/wp-json\/wp\/v2\/users\/7"}],"replies":[{"embeddable":true,"href":"https:\/\/allflamenco.net\/en\/wp-json\/wp\/v2\/comments?post=407995"}],"version-history":[{"count":2,"href":"https:\/\/allflamenco.net\/en\/wp-json\/wp\/v2\/posts\/407995\/revisions"}],"predecessor-version":[{"id":408003,"href":"https:\/\/allflamenco.net\/en\/wp-json\/wp\/v2\/posts\/407995\/revisions\/408003"}],"wp:featuredmedia":[{"embeddable":true,"href":"https:\/\/allflamenco.net\/en\/wp-json\/wp\/v2\/media\/407999"}],"wp:attachment":[{"href":"https:\/\/allflamenco.net\/en\/wp-json\/wp\/v2\/media?parent=407995"}],"wp:term":[{"taxonomy":"category","embeddable":true,"href":"https:\/\/allflamenco.net\/en\/wp-json\/wp\/v2\/categories?post=407995"},{"taxonomy":"post_tag","embeddable":true,"href":"https:\/\/allflamenco.net\/en\/wp-json\/wp\/v2\/tags?post=407995"}],"curies":[{"name":"wp","href":"https:\/\/api.w.org\/{rel}","templated":true}]}}