{"id":407966,"date":"2025-06-04T08:06:47","date_gmt":"2025-06-04T06:06:47","guid":{"rendered":"https:\/\/allflamenco.net\/?p=407966"},"modified":"2025-06-04T08:33:37","modified_gmt":"2025-06-04T06:33:37","slug":"the-4th-flamenco-biennial-of-cadiz-jerez-and-los-puertos-honors-maria-vargas","status":"publish","type":"post","link":"https:\/\/allflamenco.net\/en\/blog\/the-4th-flamenco-biennial-of-cadiz-jerez-and-los-puertos-honors-maria-vargas\/","title":{"rendered":"The 4th Flamenco Biennial of C\u00e1diz, Jerez, and Los Puertos Honors Mar\u00eda Vargas"},"content":{"rendered":"<p>From October 1st to November 30th, 2025, nine cities in C\u00e1diz will host over thirty flamenco performances and cultural events as part of the IV Flamenco Biennial of C\u00e1diz, Jerez and Los Puertos. This year&#8217;s edition honors legendary flamenco singer Mar\u00eda Vargas and features top-tier artists such as Pedro El Grana\u00edno, Macarena Ram\u00edrez, Sandra Carrasco, David de Arahal, and Jos\u00e9 de los Camarones.<\/p>\n<h3 data-start=\"752\" data-end=\"815\">A Tribute to Mar\u00eda Vargas at the Heart of the 2025 Biennial<\/h3>\n<p data-start=\"817\" data-end=\"1105\">The IV Flamenco Biennial of C\u00e1diz, Jerez and Los Puertos was officially presented on June 3rd at the Palacio Provincial of C\u00e1diz. Directed by Mario Gonz\u00e1lez, the event pays tribute to Mar\u00eda Vargas, one of the great voices of the flamenco golden era, born in Sanl\u00facar de Barrameda in 1947.<\/p>\n<p data-start=\"1107\" data-end=\"1337\">Gonz\u00e1lez, founder of the iconic flamenco venue La Guarida del \u00c1ngel, celebrated the festival\u2019s growth since 2019 and reaffirmed its commitment to preserving and showcasing the art of flamenco. \u201cThe Biennial came to stay,\u201d he said.<\/p>\n<p data-start=\"1107\" data-end=\"1337\"><img loading=\"lazy\" decoding=\"async\" class=\" wp-image-407960 aligncenter\" src=\"https:\/\/allflamenco.net\/wp-content\/uploads\/2025\/06\/Presentacion-Bienal-6.png\" alt=\"\" width=\"1062\" height=\"796\" srcset=\"https:\/\/allflamenco.net\/wp-content\/uploads\/2025\/06\/Presentacion-Bienal-6.png 1062w, https:\/\/allflamenco.net\/wp-content\/uploads\/2025\/06\/Presentacion-Bienal-6-480x360.png 480w\" sizes=\"(min-width: 0px) and (max-width: 480px) 480px, (min-width: 481px) 1062px, 100vw\" \/><\/p>\n<h3 data-start=\"1339\" data-end=\"1369\">30+ Events Across 9 Cities<\/h3>\n<p data-start=\"1371\" data-end=\"1626\">This year\u2019s edition includes a rich mix of concerts, tributes, exhibitions, lectures, and workshops. The nine participating cities are C\u00e1diz, Jerez, San Fernando, Puerto Real, El Puerto de Santa Mar\u00eda, Sanl\u00facar, Chiclana, Algeciras, and newcomer Chipiona.<\/p>\n<p data-start=\"1628\" data-end=\"1982\">Confirmed artists include Pedro El Grana\u00edno, Macarena Ram\u00edrez (premiering her new show \u201cEspina\u201d), Sandra Carrasco, David de Arahal, Anabel Rivera, Encarna Anillo, Alba Espert, Jos\u00e9 de los Camarones, Jos\u00e9 M\u00e9ndez, El Mijita, among many others. A special dinner in honor of Mar\u00eda Vargas at the historic Venta de Vargas will be one of the event\u2019s highlights.<\/p>\n<p data-start=\"1628\" data-end=\"1982\"><img loading=\"lazy\" decoding=\"async\" class=\"alignnone size-full wp-image-407963\" src=\"https:\/\/allflamenco.net\/wp-content\/uploads\/2025\/06\/pedro-.jpg\" alt=\"\" width=\"1600\" height=\"1066\" srcset=\"https:\/\/allflamenco.net\/wp-content\/uploads\/2025\/06\/pedro-.jpg 1600w, https:\/\/allflamenco.net\/wp-content\/uploads\/2025\/06\/pedro--1280x853.jpg 1280w, https:\/\/allflamenco.net\/wp-content\/uploads\/2025\/06\/pedro--980x653.jpg 980w, https:\/\/allflamenco.net\/wp-content\/uploads\/2025\/06\/pedro--480x320.jpg 480w\" sizes=\"(min-width: 0px) and (max-width: 480px) 480px, (min-width: 481px) and (max-width: 980px) 980px, (min-width: 981px) and (max-width: 1280px) 1280px, (min-width: 1281px) 1600px, 100vw\" \/><\/p>\n<h3 data-start=\"1984\" data-end=\"2020\">Mar\u00eda Vargas: A Life in Flamenco<\/h3>\n<p data-start=\"2022\" data-end=\"2452\">Mar\u00eda Vargas began singing at the age of nine and won acclaim at the National Flamenco Art Competition in C\u00f3rdoba in 1959. She shared the stage with legends such as Paco de Luc\u00eda and Manolo Sanl\u00facar and received the Gold Medal of Merit in Fine Arts in 2019. \u201cI\u2019m grateful to be honored while still alive,\u201d she shared, encouraging young artists to preserve flamenco\u2019s cultural legacy: \u201cWhen I\u2019m gone, may flamenco live on forever.\u201d<\/p>\n<h3 data-start=\"2454\" data-end=\"2494\">Women and Flamenco Take Center Stage<\/h3>\n<p data-start=\"2496\" data-end=\"2750\">The Biennial also reaffirms the crucial role of women in flamenco. Tania Barcelona, regional delegate for the Andalusian government, highlighted how \u201cwomen and flamenco have always walked hand in hand\u2014and once again, they take the lead in this Biennial.\u201d<\/p>\n<p data-start=\"2752\" data-end=\"2916\">Educational talks by flamenco scholars such as Manuel Mart\u00edn Mart\u00edn, Jos\u00e9 Mar\u00eda Casta\u00f1o, and Juan Garrido will enrich the festival with cultural and academic depth.<\/p>\n<p data-start=\"2752\" data-end=\"2916\"><img loading=\"lazy\" decoding=\"async\" class=\"alignnone size-full wp-image-407957\" src=\"https:\/\/allflamenco.net\/wp-content\/uploads\/2025\/06\/AF_PR00371_01_04_landscape.jpg\" alt=\"\" width=\"1920\" height=\"1080\" srcset=\"https:\/\/allflamenco.net\/wp-content\/uploads\/2025\/06\/AF_PR00371_01_04_landscape.jpg 1920w, https:\/\/allflamenco.net\/wp-content\/uploads\/2025\/06\/AF_PR00371_01_04_landscape-1280x720.jpg 1280w, https:\/\/allflamenco.net\/wp-content\/uploads\/2025\/06\/AF_PR00371_01_04_landscape-980x551.jpg 980w, https:\/\/allflamenco.net\/wp-content\/uploads\/2025\/06\/AF_PR00371_01_04_landscape-480x270.jpg 480w\" sizes=\"(min-width: 0px) and (max-width: 480px) 480px, (min-width: 481px) and (max-width: 980px) 980px, (min-width: 981px) and (max-width: 1280px) 1280px, (min-width: 1281px) 1920px, 100vw\" \/><\/p>\n<h3 data-start=\"2918\" data-end=\"2958\">ALL FLAMENCO: Official Media Partner<\/h3>\n<p data-start=\"2960\" data-end=\"3210\">ALL FLAMENCO is proud to join the IV Biennial as an <strong data-start=\"3012\" data-end=\"3038\">official media partner<\/strong>, reinforcing our commitment to global flamenco culture. During the event, we\u2019ll offer exclusive content, artist interviews, themed playlists, and behind-the-scenes access.<\/p>\n<p data-start=\"3212\" data-end=\"3374\">\ud83d\udd17 <em data-start=\"3215\" data-end=\"3374\">Follow the Biennial with us on <a class=\"\" href=\"https:\/\/www.allflamenco.net\" target=\"_new\" rel=\"noopener\" data-start=\"3247\" data-end=\"3293\">allflamenco.net<\/a> and explore our extensive <a class=\"\" href=\"https:\/\/allflamenco.vhx.tv\/browse\" target=\"_new\" rel=\"noopener\" data-start=\"3320\" data-end=\"3372\">concert catalog<\/a>.<\/em><\/p>\n","protected":false},"excerpt":{"rendered":"<p>From October 1st to November 30th, 2025, nine cities in C\u00e1diz will host over thirty flamenco performances and cultural events as part of the IV Flamenco Biennial of C\u00e1diz, Jerez and Los Puertos. This year&#8217;s edition honors legendary flamenco singer Mar\u00eda Vargas and features top-tier artists such as Pedro El Grana\u00edno, Macarena Ram\u00edrez, Sandra Carrasco, [&hellip;]<\/p>\n","protected":false},"author":7,"featured_media":407954,"comment_status":"closed","ping_status":"closed","sticky":false,"template":"","format":"standard","meta":{"_et_pb_use_builder":"","_et_pb_old_content":"","_et_gb_content_width":"","footnotes":""},"categories":[166,170,156],"tags":[383,382,376,384],"class_list":["post-407966","post","type-post","status-publish","format-standard","has-post-thumbnail","hentry","category-festivals","category-festivals-spain","category-whats-new","tag-all-flamenco","tag-bienal-de-flameenco","tag-flamenco","tag-macarena-ramirez-en"],"yoast_head":"<!-- This site is optimized with the Yoast SEO plugin v26.8 - https:\/\/yoast.com\/product\/yoast-seo-wordpress\/ -->\n<title>The 4th Flamenco Biennial of C\u00e1diz, Jerez, and Los Puertos Honors Mar\u00eda Vargas - ALL FLAMENCO<\/title>\n<meta name=\"description\" content=\"The IV Flamenco Biennial of C\u00e1diz, Jerez and Los Puertos will take place in autumn 2025, honoring Mar\u00eda Vargas. Over 30 events in 9 cities, with ALL FLAMENCO as an official media partner.\" \/>\n<meta name=\"robots\" content=\"index, follow, max-snippet:-1, max-image-preview:large, max-video-preview:-1\" \/>\n<link rel=\"canonical\" href=\"https:\/\/allflamenco.net\/en\/blog\/the-4th-flamenco-biennial-of-cadiz-jerez-and-los-puertos-honors-maria-vargas\/\" \/>\n<meta property=\"og:locale\" content=\"en_US\" \/>\n<meta property=\"og:type\" content=\"article\" \/>\n<meta property=\"og:title\" content=\"The 4th Flamenco Biennial of C\u00e1diz, Jerez, and Los Puertos Honors Mar\u00eda Vargas - ALL FLAMENCO\" \/>\n<meta property=\"og:description\" content=\"The IV Flamenco Biennial of C\u00e1diz, Jerez and Los Puertos will take place in autumn 2025, honoring Mar\u00eda Vargas. Over 30 events in 9 cities, with ALL FLAMENCO as an official media partner.\" \/>\n<meta property=\"og:url\" content=\"https:\/\/allflamenco.net\/en\/blog\/the-4th-flamenco-biennial-of-cadiz-jerez-and-los-puertos-honors-maria-vargas\/\" \/>\n<meta property=\"og:site_name\" content=\"ALL FLAMENCO\" \/>\n<meta property=\"article:publisher\" content=\"https:\/\/www.facebook.com\/allflamenco\" \/>\n<meta property=\"article:published_time\" content=\"2025-06-04T06:06:47+00:00\" \/>\n<meta property=\"article:modified_time\" content=\"2025-06-04T06:33:37+00:00\" \/>\n<meta property=\"og:image\" content=\"https:\/\/allflamenco.net\/wp-content\/uploads\/2025\/06\/Presentacion-Bienal-5.png\" \/>\n\t<meta property=\"og:image:width\" content=\"800\" \/>\n\t<meta property=\"og:image:height\" content=\"600\" \/>\n\t<meta property=\"og:image:type\" content=\"image\/png\" \/>\n<meta name=\"author\" content=\"Javier Fernandez\" \/>\n<meta name=\"twitter:card\" content=\"summary_large_image\" \/>\n<meta name=\"twitter:creator\" content=\"@all_flamenco\" \/>\n<meta name=\"twitter:site\" content=\"@all_flamenco\" \/>\n<meta name=\"twitter:label1\" content=\"Written by\" \/>\n\t<meta name=\"twitter:data1\" content=\"Javier Fernandez\" \/>\n\t<meta name=\"twitter:label2\" content=\"Est. reading time\" \/>\n\t<meta name=\"twitter:data2\" content=\"3 minutes\" \/>\n<script type=\"application\/ld+json\" class=\"yoast-schema-graph\">{\"@context\":\"https:\/\/schema.org\",\"@graph\":[{\"@type\":\"Article\",\"@id\":\"https:\/\/allflamenco.net\/en\/blog\/the-4th-flamenco-biennial-of-cadiz-jerez-and-los-puertos-honors-maria-vargas\/#article\",\"isPartOf\":{\"@id\":\"https:\/\/allflamenco.net\/en\/blog\/the-4th-flamenco-biennial-of-cadiz-jerez-and-los-puertos-honors-maria-vargas\/\"},\"author\":{\"name\":\"Javier Fernandez\",\"@id\":\"https:\/\/allflamenco.net\/en\/#\/schema\/person\/b6222dd5a6fcd015535fbe437ced9666\"},\"headline\":\"The 4th Flamenco Biennial of C\u00e1diz, Jerez, and Los Puertos Honors Mar\u00eda Vargas\",\"datePublished\":\"2025-06-04T06:06:47+00:00\",\"dateModified\":\"2025-06-04T06:33:37+00:00\",\"mainEntityOfPage\":{\"@id\":\"https:\/\/allflamenco.net\/en\/blog\/the-4th-flamenco-biennial-of-cadiz-jerez-and-los-puertos-honors-maria-vargas\/\"},\"wordCount\":506,\"publisher\":{\"@id\":\"https:\/\/allflamenco.net\/en\/#organization\"},\"image\":{\"@id\":\"https:\/\/allflamenco.net\/en\/blog\/the-4th-flamenco-biennial-of-cadiz-jerez-and-los-puertos-honors-maria-vargas\/#primaryimage\"},\"thumbnailUrl\":\"https:\/\/allflamenco.net\/wp-content\/uploads\/2025\/06\/Presentacion-Bienal-5.png\",\"keywords\":[\"All flamenco\",\"Bienal de Flameenco\",\"flamenco\",\"Macarena Ram\u00edrez\"],\"articleSection\":[\"Festivals\",\"Festivals in Spain\",\"What's New\"],\"inLanguage\":\"en-US\"},{\"@type\":\"WebPage\",\"@id\":\"https:\/\/allflamenco.net\/en\/blog\/the-4th-flamenco-biennial-of-cadiz-jerez-and-los-puertos-honors-maria-vargas\/\",\"url\":\"https:\/\/allflamenco.net\/en\/blog\/the-4th-flamenco-biennial-of-cadiz-jerez-and-los-puertos-honors-maria-vargas\/\",\"name\":\"The 4th Flamenco Biennial of C\u00e1diz, Jerez, and Los Puertos Honors Mar\u00eda Vargas - ALL FLAMENCO\",\"isPartOf\":{\"@id\":\"https:\/\/allflamenco.net\/en\/#website\"},\"primaryImageOfPage\":{\"@id\":\"https:\/\/allflamenco.net\/en\/blog\/the-4th-flamenco-biennial-of-cadiz-jerez-and-los-puertos-honors-maria-vargas\/#primaryimage\"},\"image\":{\"@id\":\"https:\/\/allflamenco.net\/en\/blog\/the-4th-flamenco-biennial-of-cadiz-jerez-and-los-puertos-honors-maria-vargas\/#primaryimage\"},\"thumbnailUrl\":\"https:\/\/allflamenco.net\/wp-content\/uploads\/2025\/06\/Presentacion-Bienal-5.png\",\"datePublished\":\"2025-06-04T06:06:47+00:00\",\"dateModified\":\"2025-06-04T06:33:37+00:00\",\"description\":\"The IV Flamenco Biennial of C\u00e1diz, Jerez and Los Puertos will take place in autumn 2025, honoring Mar\u00eda Vargas. Over 30 events in 9 cities, with ALL FLAMENCO as an official media partner.\",\"breadcrumb\":{\"@id\":\"https:\/\/allflamenco.net\/en\/blog\/the-4th-flamenco-biennial-of-cadiz-jerez-and-los-puertos-honors-maria-vargas\/#breadcrumb\"},\"inLanguage\":\"en-US\",\"potentialAction\":[{\"@type\":\"ReadAction\",\"target\":[\"https:\/\/allflamenco.net\/en\/blog\/the-4th-flamenco-biennial-of-cadiz-jerez-and-los-puertos-honors-maria-vargas\/\"]}]},{\"@type\":\"ImageObject\",\"inLanguage\":\"en-US\",\"@id\":\"https:\/\/allflamenco.net\/en\/blog\/the-4th-flamenco-biennial-of-cadiz-jerez-and-los-puertos-honors-maria-vargas\/#primaryimage\",\"url\":\"https:\/\/allflamenco.net\/wp-content\/uploads\/2025\/06\/Presentacion-Bienal-5.png\",\"contentUrl\":\"https:\/\/allflamenco.net\/wp-content\/uploads\/2025\/06\/Presentacion-Bienal-5.png\",\"width\":800,\"height\":600},{\"@type\":\"BreadcrumbList\",\"@id\":\"https:\/\/allflamenco.net\/en\/blog\/the-4th-flamenco-biennial-of-cadiz-jerez-and-los-puertos-honors-maria-vargas\/#breadcrumb\",\"itemListElement\":[{\"@type\":\"ListItem\",\"position\":1,\"name\":\"Home\",\"item\":\"https:\/\/allflamenco.net\/en\/\"},{\"@type\":\"ListItem\",\"position\":2,\"name\":\"The 4th Flamenco Biennial of C\u00e1diz, Jerez, and Los Puertos Honors Mar\u00eda Vargas\"}]},{\"@type\":\"WebSite\",\"@id\":\"https:\/\/allflamenco.net\/en\/#website\",\"url\":\"https:\/\/allflamenco.net\/en\/\",\"name\":\"ALL FLAMENCO\",\"description\":\"El canal para los amantes del flamenco\",\"publisher\":{\"@id\":\"https:\/\/allflamenco.net\/en\/#organization\"},\"potentialAction\":[{\"@type\":\"SearchAction\",\"target\":{\"@type\":\"EntryPoint\",\"urlTemplate\":\"https:\/\/allflamenco.net\/en\/?s={search_term_string}\"},\"query-input\":{\"@type\":\"PropertyValueSpecification\",\"valueRequired\":true,\"valueName\":\"search_term_string\"}}],\"inLanguage\":\"en-US\"},{\"@type\":\"Organization\",\"@id\":\"https:\/\/allflamenco.net\/en\/#organization\",\"name\":\"ALL FLAMENCO\",\"alternateName\":\"AF\",\"url\":\"https:\/\/allflamenco.net\/en\/\",\"logo\":{\"@type\":\"ImageObject\",\"inLanguage\":\"en-US\",\"@id\":\"https:\/\/allflamenco.net\/en\/#\/schema\/logo\/image\/\",\"url\":\"https:\/\/allflamenco.net\/wp-content\/uploads\/2023\/09\/logo-allflamenco.jpg\",\"contentUrl\":\"https:\/\/allflamenco.net\/wp-content\/uploads\/2023\/09\/logo-allflamenco.jpg\",\"width\":696,\"height\":696,\"caption\":\"ALL FLAMENCO\"},\"image\":{\"@id\":\"https:\/\/allflamenco.net\/en\/#\/schema\/logo\/image\/\"},\"sameAs\":[\"https:\/\/www.facebook.com\/allflamenco\",\"https:\/\/x.com\/all_flamenco\",\"https:\/\/www.instagram.com\/allflamenco\",\"https:\/\/www.pinterest.es\/allflamenco\/\",\"https:\/\/www.youtube.com\/@ALLFLAMENCO\",\"https:\/\/www.tiktok.com\/@allflamenco\"]},{\"@type\":\"Person\",\"@id\":\"https:\/\/allflamenco.net\/en\/#\/schema\/person\/b6222dd5a6fcd015535fbe437ced9666\",\"name\":\"Javier Fernandez\"}]}<\/script>\n<!-- \/ Yoast SEO plugin. -->","yoast_head_json":{"title":"The 4th Flamenco Biennial of C\u00e1diz, Jerez, and Los Puertos Honors Mar\u00eda Vargas - ALL FLAMENCO","description":"The IV Flamenco Biennial of C\u00e1diz, Jerez and Los Puertos will take place in autumn 2025, honoring Mar\u00eda Vargas. Over 30 events in 9 cities, with ALL FLAMENCO as an official media partner.","robots":{"index":"index","follow":"follow","max-snippet":"max-snippet:-1","max-image-preview":"max-image-preview:large","max-video-preview":"max-video-preview:-1"},"canonical":"https:\/\/allflamenco.net\/en\/blog\/the-4th-flamenco-biennial-of-cadiz-jerez-and-los-puertos-honors-maria-vargas\/","og_locale":"en_US","og_type":"article","og_title":"The 4th Flamenco Biennial of C\u00e1diz, Jerez, and Los Puertos Honors Mar\u00eda Vargas - ALL FLAMENCO","og_description":"The IV Flamenco Biennial of C\u00e1diz, Jerez and Los Puertos will take place in autumn 2025, honoring Mar\u00eda Vargas. Over 30 events in 9 cities, with ALL FLAMENCO as an official media partner.","og_url":"https:\/\/allflamenco.net\/en\/blog\/the-4th-flamenco-biennial-of-cadiz-jerez-and-los-puertos-honors-maria-vargas\/","og_site_name":"ALL FLAMENCO","article_publisher":"https:\/\/www.facebook.com\/allflamenco","article_published_time":"2025-06-04T06:06:47+00:00","article_modified_time":"2025-06-04T06:33:37+00:00","og_image":[{"width":800,"height":600,"url":"https:\/\/allflamenco.net\/wp-content\/uploads\/2025\/06\/Presentacion-Bienal-5.png","type":"image\/png"}],"author":"Javier Fernandez","twitter_card":"summary_large_image","twitter_creator":"@all_flamenco","twitter_site":"@all_flamenco","twitter_misc":{"Written by":"Javier Fernandez","Est. reading time":"3 minutes"},"schema":{"@context":"https:\/\/schema.org","@graph":[{"@type":"Article","@id":"https:\/\/allflamenco.net\/en\/blog\/the-4th-flamenco-biennial-of-cadiz-jerez-and-los-puertos-honors-maria-vargas\/#article","isPartOf":{"@id":"https:\/\/allflamenco.net\/en\/blog\/the-4th-flamenco-biennial-of-cadiz-jerez-and-los-puertos-honors-maria-vargas\/"},"author":{"name":"Javier Fernandez","@id":"https:\/\/allflamenco.net\/en\/#\/schema\/person\/b6222dd5a6fcd015535fbe437ced9666"},"headline":"The 4th Flamenco Biennial of C\u00e1diz, Jerez, and Los Puertos Honors Mar\u00eda Vargas","datePublished":"2025-06-04T06:06:47+00:00","dateModified":"2025-06-04T06:33:37+00:00","mainEntityOfPage":{"@id":"https:\/\/allflamenco.net\/en\/blog\/the-4th-flamenco-biennial-of-cadiz-jerez-and-los-puertos-honors-maria-vargas\/"},"wordCount":506,"publisher":{"@id":"https:\/\/allflamenco.net\/en\/#organization"},"image":{"@id":"https:\/\/allflamenco.net\/en\/blog\/the-4th-flamenco-biennial-of-cadiz-jerez-and-los-puertos-honors-maria-vargas\/#primaryimage"},"thumbnailUrl":"https:\/\/allflamenco.net\/wp-content\/uploads\/2025\/06\/Presentacion-Bienal-5.png","keywords":["All flamenco","Bienal de Flameenco","flamenco","Macarena Ram\u00edrez"],"articleSection":["Festivals","Festivals in Spain","What's New"],"inLanguage":"en-US"},{"@type":"WebPage","@id":"https:\/\/allflamenco.net\/en\/blog\/the-4th-flamenco-biennial-of-cadiz-jerez-and-los-puertos-honors-maria-vargas\/","url":"https:\/\/allflamenco.net\/en\/blog\/the-4th-flamenco-biennial-of-cadiz-jerez-and-los-puertos-honors-maria-vargas\/","name":"The 4th Flamenco Biennial of C\u00e1diz, Jerez, and Los Puertos Honors Mar\u00eda Vargas - ALL FLAMENCO","isPartOf":{"@id":"https:\/\/allflamenco.net\/en\/#website"},"primaryImageOfPage":{"@id":"https:\/\/allflamenco.net\/en\/blog\/the-4th-flamenco-biennial-of-cadiz-jerez-and-los-puertos-honors-maria-vargas\/#primaryimage"},"image":{"@id":"https:\/\/allflamenco.net\/en\/blog\/the-4th-flamenco-biennial-of-cadiz-jerez-and-los-puertos-honors-maria-vargas\/#primaryimage"},"thumbnailUrl":"https:\/\/allflamenco.net\/wp-content\/uploads\/2025\/06\/Presentacion-Bienal-5.png","datePublished":"2025-06-04T06:06:47+00:00","dateModified":"2025-06-04T06:33:37+00:00","description":"The IV Flamenco Biennial of C\u00e1diz, Jerez and Los Puertos will take place in autumn 2025, honoring Mar\u00eda Vargas. Over 30 events in 9 cities, with ALL FLAMENCO as an official media partner.","breadcrumb":{"@id":"https:\/\/allflamenco.net\/en\/blog\/the-4th-flamenco-biennial-of-cadiz-jerez-and-los-puertos-honors-maria-vargas\/#breadcrumb"},"inLanguage":"en-US","potentialAction":[{"@type":"ReadAction","target":["https:\/\/allflamenco.net\/en\/blog\/the-4th-flamenco-biennial-of-cadiz-jerez-and-los-puertos-honors-maria-vargas\/"]}]},{"@type":"ImageObject","inLanguage":"en-US","@id":"https:\/\/allflamenco.net\/en\/blog\/the-4th-flamenco-biennial-of-cadiz-jerez-and-los-puertos-honors-maria-vargas\/#primaryimage","url":"https:\/\/allflamenco.net\/wp-content\/uploads\/2025\/06\/Presentacion-Bienal-5.png","contentUrl":"https:\/\/allflamenco.net\/wp-content\/uploads\/2025\/06\/Presentacion-Bienal-5.png","width":800,"height":600},{"@type":"BreadcrumbList","@id":"https:\/\/allflamenco.net\/en\/blog\/the-4th-flamenco-biennial-of-cadiz-jerez-and-los-puertos-honors-maria-vargas\/#breadcrumb","itemListElement":[{"@type":"ListItem","position":1,"name":"Home","item":"https:\/\/allflamenco.net\/en\/"},{"@type":"ListItem","position":2,"name":"The 4th Flamenco Biennial of C\u00e1diz, Jerez, and Los Puertos Honors Mar\u00eda Vargas"}]},{"@type":"WebSite","@id":"https:\/\/allflamenco.net\/en\/#website","url":"https:\/\/allflamenco.net\/en\/","name":"ALL FLAMENCO","description":"El canal para los amantes del flamenco","publisher":{"@id":"https:\/\/allflamenco.net\/en\/#organization"},"potentialAction":[{"@type":"SearchAction","target":{"@type":"EntryPoint","urlTemplate":"https:\/\/allflamenco.net\/en\/?s={search_term_string}"},"query-input":{"@type":"PropertyValueSpecification","valueRequired":true,"valueName":"search_term_string"}}],"inLanguage":"en-US"},{"@type":"Organization","@id":"https:\/\/allflamenco.net\/en\/#organization","name":"ALL FLAMENCO","alternateName":"AF","url":"https:\/\/allflamenco.net\/en\/","logo":{"@type":"ImageObject","inLanguage":"en-US","@id":"https:\/\/allflamenco.net\/en\/#\/schema\/logo\/image\/","url":"https:\/\/allflamenco.net\/wp-content\/uploads\/2023\/09\/logo-allflamenco.jpg","contentUrl":"https:\/\/allflamenco.net\/wp-content\/uploads\/2023\/09\/logo-allflamenco.jpg","width":696,"height":696,"caption":"ALL FLAMENCO"},"image":{"@id":"https:\/\/allflamenco.net\/en\/#\/schema\/logo\/image\/"},"sameAs":["https:\/\/www.facebook.com\/allflamenco","https:\/\/x.com\/all_flamenco","https:\/\/www.instagram.com\/allflamenco","https:\/\/www.pinterest.es\/allflamenco\/","https:\/\/www.youtube.com\/@ALLFLAMENCO","https:\/\/www.tiktok.com\/@allflamenco"]},{"@type":"Person","@id":"https:\/\/allflamenco.net\/en\/#\/schema\/person\/b6222dd5a6fcd015535fbe437ced9666","name":"Javier Fernandez"}]}},"_links":{"self":[{"href":"https:\/\/allflamenco.net\/en\/wp-json\/wp\/v2\/posts\/407966","targetHints":{"allow":["GET"]}}],"collection":[{"href":"https:\/\/allflamenco.net\/en\/wp-json\/wp\/v2\/posts"}],"about":[{"href":"https:\/\/allflamenco.net\/en\/wp-json\/wp\/v2\/types\/post"}],"author":[{"embeddable":true,"href":"https:\/\/allflamenco.net\/en\/wp-json\/wp\/v2\/users\/7"}],"replies":[{"embeddable":true,"href":"https:\/\/allflamenco.net\/en\/wp-json\/wp\/v2\/comments?post=407966"}],"version-history":[{"count":1,"href":"https:\/\/allflamenco.net\/en\/wp-json\/wp\/v2\/posts\/407966\/revisions"}],"predecessor-version":[{"id":407967,"href":"https:\/\/allflamenco.net\/en\/wp-json\/wp\/v2\/posts\/407966\/revisions\/407967"}],"wp:featuredmedia":[{"embeddable":true,"href":"https:\/\/allflamenco.net\/en\/wp-json\/wp\/v2\/media\/407954"}],"wp:attachment":[{"href":"https:\/\/allflamenco.net\/en\/wp-json\/wp\/v2\/media?parent=407966"}],"wp:term":[{"taxonomy":"category","embeddable":true,"href":"https:\/\/allflamenco.net\/en\/wp-json\/wp\/v2\/categories?post=407966"},{"taxonomy":"post_tag","embeddable":true,"href":"https:\/\/allflamenco.net\/en\/wp-json\/wp\/v2\/tags?post=407966"}],"curies":[{"name":"wp","href":"https:\/\/api.w.org\/{rel}","templated":true}]}}