{"id":407520,"date":"2025-04-02T19:25:28","date_gmt":"2025-04-02T17:25:28","guid":{"rendered":"https:\/\/allflamenco.net\/?p=407520"},"modified":"2025-04-02T19:43:36","modified_gmt":"2025-04-02T17:43:36","slug":"all-flamenco-celebrates-10-years-of-la-isla-ciudad-flamenca-with-a-brand-new-on-demand-collection","status":"publish","type":"post","link":"https:\/\/allflamenco.net\/en\/blog\/all-flamenco-celebrates-10-years-of-la-isla-ciudad-flamenca-with-a-brand-new-on-demand-collection\/","title":{"rendered":"ALL FLAMENCO celebrates 10 years of La Isla Ciudad Flamenca with a brand-new on-demand collection"},"content":{"rendered":"<p class=\"\" data-start=\"285\" data-end=\"720\"><strong data-start=\"285\" data-end=\"301\">San Fernando<\/strong>, the birthplace of the legendary Camar\u00f3n de la Isla, will once again become a vibrant hub of flamenco this summer as it hosts the <strong data-start=\"432\" data-end=\"475\">10th edition of La Isla Ciudad Flamenca<\/strong>, running from <strong data-start=\"490\" data-end=\"520\">July 21 to August 31, 2024<\/strong>. This beloved festival, now a key date in the flamenco calendar, celebrates a decade of music, dance, and Andalusian culture \u2014 and this year it does so with a special collaboration with ALL FLAMENCO.<\/p>\n<p class=\"\" data-start=\"722\" data-end=\"1226\">To commemorate this important milestone, <strong data-start=\"763\" data-end=\"823\">ALL FLAMENCO has launched a new category on its platform<\/strong> titled <strong data-start=\"831\" data-end=\"860\">\u201cLa Isla Ciudad Flamenca\u201d<\/strong>, where audiences around the world can relive unforgettable concerts and performances from the past 10 years of the festival. This exclusive content includes appearances by renowned artists such as <strong data-start=\"1058\" data-end=\"1179\">Capullo de Jerez, Mar\u00eda Terremoto, Antonio Reyes, Rancapino Chico, Macarena Ram\u00edrez, Carlos Carbonell, Alberto Sell\u00e9s<\/strong>, and <strong data-start=\"1185\" data-end=\"1206\">Carolina Castilla<\/strong>, among many others.<\/p>\n<p data-start=\"722\" data-end=\"1226\"><img loading=\"lazy\" decoding=\"async\" class=\"wp-image-407518 aligncenter\" src=\"https:\/\/allflamenco.net\/wp-content\/uploads\/2025\/04\/Portada-categoria-LA-ISLA-CIUDAD-FLAMENCA-300x169.png\" alt=\"\" width=\"639\" height=\"360\" \/><\/p>\n<p class=\"\" data-start=\"1228\" data-end=\"1480\">\ud83d\udcfa <strong data-start=\"1231\" data-end=\"1265\">Watch the full collection here<\/strong>: <a class=\"\" href=\"https:\/\/allflamenco.vhx.tv\/la-isla-ciudad-flamenca\" target=\"_new\" rel=\"noopener\" data-start=\"1267\" data-end=\"1371\">https:\/\/allflamenco.vhx.tv\/la-isla-ciudad-flamenca<\/a><br data-start=\"1371\" data-end=\"1374\" \/>\ud83c\udf10 <strong data-start=\"1377\" data-end=\"1402\">Discover the festival<\/strong>: <a class=\"\" href=\"https:\/\/www.laislaciudadflamenca.com\" target=\"_new\" rel=\"noopener\" data-start=\"1404\" data-end=\"1480\">https:\/\/www.laislaciudadflamenca.com<\/a><\/p>\n<h3 class=\"\" data-start=\"1487\" data-end=\"1533\">A festival rooted in tradition and passion<\/h3>\n<p class=\"\" data-start=\"1535\" data-end=\"1942\">With the slogan <strong data-start=\"1551\" data-end=\"1622\">&#8220;42 days of flamenco, gastronomy, beach and Andalusian hospitality&#8221;<\/strong>, the festival beautifully blends culture and community. Over the past decade, it has earned a special place in the hearts of flamenco lovers thanks to its commitment to accessible performances \u2014 most of them <strong data-start=\"1831\" data-end=\"1849\">free of charge<\/strong> \u2014 and its powerful mix of national talent and local artists from the region of San Fernando.<\/p>\n<p class=\"\" data-start=\"1944\" data-end=\"2287\">This year, the festival expands its footprint with <strong data-start=\"1995\" data-end=\"2009\">new venues<\/strong> such as <strong data-start=\"2018\" data-end=\"2041\">Bah\u00eda Sur boulevard<\/strong> and <strong data-start=\"2046\" data-end=\"2072\">Plazoleta de las Vacas<\/strong>, adding to iconic spaces like the <strong data-start=\"2107\" data-end=\"2148\">Auditorio del Parque Almirante Laulh\u00e9<\/strong>, the legendary <strong data-start=\"2164\" data-end=\"2183\">Venta de Vargas<\/strong>, <strong data-start=\"2185\" data-end=\"2202\">Plaza del Rey<\/strong>, and the <strong data-start=\"2212\" data-end=\"2238\">Callejuelas de Camar\u00f3n<\/strong> \u2014 a street deeply linked to the flamenco legend.<\/p>\n<p class=\"\" data-start=\"2289\" data-end=\"2633\">Among the most anticipated events are the <strong data-start=\"2331\" data-end=\"2373\">Flamenco Nights in the Park (August 9)<\/strong>, the <strong data-start=\"2379\" data-end=\"2418\">Night of Flamenco Dance (August 23)<\/strong>, and beloved series like <strong data-start=\"2444\" data-end=\"2471\">Flamencos en la Alameda<\/strong>, <strong data-start=\"2473\" data-end=\"2509\">Mondays at Abacer\u00eda La Ca\u00f1a\u00f1illa<\/strong>, and <strong data-start=\"2515\" data-end=\"2548\">El Patio del Turco Wednesdays<\/strong>, as well as gatherings in private spaces thanks to new agreements with local venues.<\/p>\n<hr class=\"\" data-start=\"2635\" data-end=\"2638\" \/>\n<h3 class=\"\" data-start=\"2640\" data-end=\"2686\">A decade of legacy now available worldwide<\/h3>\n<blockquote data-start=\"2688\" data-end=\"2983\">\n<p class=\"\" data-start=\"2690\" data-end=\"2832\">\u201cThis collaboration allows us to preserve and share a decade of flamenco history with the world,\u201d says the programming team at ALL FLAMENCO.<\/p>\n<p class=\"\" data-start=\"2839\" data-end=\"2983\">\u201cWe\u2019re proud to have ALL FLAMENCO as a global platform to showcase the soul of our festival,\u201d says the organization team at Flamenco de La Isla.<\/p>\n<\/blockquote>\n<p data-start=\"2839\" data-end=\"2983\"><img loading=\"lazy\" decoding=\"async\" class=\"wp-image-407521 aligncenter\" src=\"https:\/\/allflamenco.net\/wp-content\/uploads\/2025\/04\/Pedro-El-Granaino-LA-ISLA-CIUDAD-FLAMENCA-300x180.png\" alt=\"\" width=\"607\" height=\"364\" srcset=\"https:\/\/allflamenco.net\/wp-content\/uploads\/2025\/04\/Pedro-El-Granaino-LA-ISLA-CIUDAD-FLAMENCA-300x180.png 300w, https:\/\/allflamenco.net\/wp-content\/uploads\/2025\/04\/Pedro-El-Granaino-LA-ISLA-CIUDAD-FLAMENCA.png 410w\" sizes=\"(max-width: 607px) 100vw, 607px\" \/><\/p>\n<p class=\"\" data-start=\"2985\" data-end=\"3283\">The partnership with ALL FLAMENCO is part of a broader celebration that includes a collaboration with <strong data-start=\"3087\" data-end=\"3102\">PRIME VIDEO<\/strong> and an initiative with the <strong data-start=\"3130\" data-end=\"3157\">Alzheimer\u2019s Association<\/strong>, supporting the release of <strong data-start=\"3185\" data-end=\"3194\">MADRE<\/strong>, a compilation of 35 sacred flamenco tracks whose digital sales will benefit this cause.<\/p>\n<p class=\"\" data-start=\"3285\" data-end=\"3718\">Recognized for its contribution to local culture and tourism, La Isla Ciudad Flamenca was recently honored by <strong data-start=\"3395\" data-end=\"3406\">Asithur<\/strong> (San Fernando\u2019s hospitality association) with an award presented at the city&#8217;s 2024 Hostelry Gala. The festival is organized by <strong data-start=\"3535\" data-end=\"3558\">Flamenco de La Isla<\/strong> with the support of <strong data-start=\"3579\" data-end=\"3605\">San Fernando City Hall<\/strong>, <strong data-start=\"3607\" data-end=\"3626\">Venta de Vargas<\/strong>, <strong data-start=\"3628\" data-end=\"3635\">AIE<\/strong>, <strong data-start=\"3637\" data-end=\"3650\">Bah\u00eda Sur<\/strong>, and now <strong data-start=\"3660\" data-end=\"3676\">ALL FLAMENCO<\/strong> as an international broadcasting partner.<\/p>\n<p data-start=\"1228\" data-end=\"1480\">\n","protected":false},"excerpt":{"rendered":"<p>San Fernando, the birthplace of the legendary Camar\u00f3n de la Isla, will once again become a vibrant hub of flamenco this summer as it hosts the 10th edition of La Isla Ciudad Flamenca, running from July 21 to August 31, 2024. This beloved festival, now a key date in the flamenco calendar, celebrates a decade [&hellip;]<\/p>\n","protected":false},"author":7,"featured_media":407524,"comment_status":"closed","ping_status":"closed","sticky":false,"template":"","format":"standard","meta":{"_et_pb_use_builder":"","_et_pb_old_content":"","_et_gb_content_width":"","footnotes":""},"categories":[240,166,170,156],"tags":[316],"class_list":["post-407520","post","type-post","status-publish","format-standard","has-post-thumbnail","hentry","category-featured","category-festivals","category-festivals-spain","category-whats-new","tag-laislaciudadflamenca-allflamenco-flamencofestival-sanfernando-camarondelaisla-flamencoheritage-primevideo-10yearsofflamenco"],"yoast_head":"<!-- This site is optimized with the Yoast SEO plugin v26.8 - https:\/\/yoast.com\/product\/yoast-seo-wordpress\/ -->\n<title>ALL FLAMENCO celebrates 10 years of La Isla Ciudad Flamenca with a brand-new on-demand collection - ALL FLAMENCO<\/title>\n<meta name=\"description\" content=\"ALL FLAMENCO celebrates 10 years of La Isla Ciudad Flamenca with a brand-new on-demand collection\" \/>\n<meta name=\"robots\" content=\"index, follow, max-snippet:-1, max-image-preview:large, max-video-preview:-1\" \/>\n<link rel=\"canonical\" href=\"https:\/\/allflamenco.net\/en\/blog\/all-flamenco-celebrates-10-years-of-la-isla-ciudad-flamenca-with-a-brand-new-on-demand-collection\/\" \/>\n<meta property=\"og:locale\" content=\"en_US\" \/>\n<meta property=\"og:type\" content=\"article\" \/>\n<meta property=\"og:title\" content=\"ALL FLAMENCO celebrates 10 years of La Isla Ciudad Flamenca with a brand-new on-demand collection - ALL FLAMENCO\" \/>\n<meta property=\"og:description\" content=\"ALL FLAMENCO celebrates 10 years of La Isla Ciudad Flamenca with a brand-new on-demand collection\" \/>\n<meta property=\"og:url\" content=\"https:\/\/allflamenco.net\/en\/blog\/all-flamenco-celebrates-10-years-of-la-isla-ciudad-flamenca-with-a-brand-new-on-demand-collection\/\" \/>\n<meta property=\"og:site_name\" content=\"ALL FLAMENCO\" \/>\n<meta property=\"article:publisher\" content=\"https:\/\/www.facebook.com\/allflamenco\" \/>\n<meta property=\"article:published_time\" content=\"2025-04-02T17:25:28+00:00\" \/>\n<meta property=\"article:modified_time\" content=\"2025-04-02T17:43:36+00:00\" \/>\n<meta property=\"og:image\" content=\"https:\/\/allflamenco.net\/wp-content\/uploads\/2025\/04\/Macarena-Ramirez-y-publico-1.png\" \/>\n\t<meta property=\"og:image:width\" content=\"410\" \/>\n\t<meta property=\"og:image:height\" content=\"246\" \/>\n\t<meta property=\"og:image:type\" content=\"image\/png\" \/>\n<meta name=\"author\" content=\"Javier Fernandez\" \/>\n<meta name=\"twitter:card\" content=\"summary_large_image\" \/>\n<meta name=\"twitter:creator\" content=\"@all_flamenco\" \/>\n<meta name=\"twitter:site\" content=\"@all_flamenco\" \/>\n<meta name=\"twitter:label1\" content=\"Written by\" \/>\n\t<meta name=\"twitter:data1\" content=\"Javier Fernandez\" \/>\n\t<meta name=\"twitter:label2\" content=\"Est. reading time\" \/>\n\t<meta name=\"twitter:data2\" content=\"3 minutes\" \/>\n<script type=\"application\/ld+json\" class=\"yoast-schema-graph\">{\"@context\":\"https:\/\/schema.org\",\"@graph\":[{\"@type\":\"Article\",\"@id\":\"https:\/\/allflamenco.net\/en\/blog\/all-flamenco-celebrates-10-years-of-la-isla-ciudad-flamenca-with-a-brand-new-on-demand-collection\/#article\",\"isPartOf\":{\"@id\":\"https:\/\/allflamenco.net\/en\/blog\/all-flamenco-celebrates-10-years-of-la-isla-ciudad-flamenca-with-a-brand-new-on-demand-collection\/\"},\"author\":{\"name\":\"Javier Fernandez\",\"@id\":\"https:\/\/allflamenco.net\/en\/#\/schema\/person\/b6222dd5a6fcd015535fbe437ced9666\"},\"headline\":\"ALL FLAMENCO celebrates 10 years of La Isla Ciudad Flamenca with a brand-new on-demand collection\",\"datePublished\":\"2025-04-02T17:25:28+00:00\",\"dateModified\":\"2025-04-02T17:43:36+00:00\",\"mainEntityOfPage\":{\"@id\":\"https:\/\/allflamenco.net\/en\/blog\/all-flamenco-celebrates-10-years-of-la-isla-ciudad-flamenca-with-a-brand-new-on-demand-collection\/\"},\"wordCount\":521,\"publisher\":{\"@id\":\"https:\/\/allflamenco.net\/en\/#organization\"},\"image\":{\"@id\":\"https:\/\/allflamenco.net\/en\/blog\/all-flamenco-celebrates-10-years-of-la-isla-ciudad-flamenca-with-a-brand-new-on-demand-collection\/#primaryimage\"},\"thumbnailUrl\":\"https:\/\/allflamenco.net\/wp-content\/uploads\/2025\/04\/Macarena-Ramirez-y-publico-1.png\",\"keywords\":[\"#LaIslaCiudadFlamenca #ALLFLAMENCO #FlamencoFestival #SanFernando #Camar\u00f3nDeLaIsla #FlamencoHeritage #PrimeVideo #10YearsOfFlamenco\"],\"articleSection\":[\"Featured\",\"Festivals\",\"Festivals in Spain\",\"What's New\"],\"inLanguage\":\"en-US\"},{\"@type\":\"WebPage\",\"@id\":\"https:\/\/allflamenco.net\/en\/blog\/all-flamenco-celebrates-10-years-of-la-isla-ciudad-flamenca-with-a-brand-new-on-demand-collection\/\",\"url\":\"https:\/\/allflamenco.net\/en\/blog\/all-flamenco-celebrates-10-years-of-la-isla-ciudad-flamenca-with-a-brand-new-on-demand-collection\/\",\"name\":\"ALL FLAMENCO celebrates 10 years of La Isla Ciudad Flamenca with a brand-new on-demand collection - ALL FLAMENCO\",\"isPartOf\":{\"@id\":\"https:\/\/allflamenco.net\/en\/#website\"},\"primaryImageOfPage\":{\"@id\":\"https:\/\/allflamenco.net\/en\/blog\/all-flamenco-celebrates-10-years-of-la-isla-ciudad-flamenca-with-a-brand-new-on-demand-collection\/#primaryimage\"},\"image\":{\"@id\":\"https:\/\/allflamenco.net\/en\/blog\/all-flamenco-celebrates-10-years-of-la-isla-ciudad-flamenca-with-a-brand-new-on-demand-collection\/#primaryimage\"},\"thumbnailUrl\":\"https:\/\/allflamenco.net\/wp-content\/uploads\/2025\/04\/Macarena-Ramirez-y-publico-1.png\",\"datePublished\":\"2025-04-02T17:25:28+00:00\",\"dateModified\":\"2025-04-02T17:43:36+00:00\",\"description\":\"ALL FLAMENCO celebrates 10 years of La Isla Ciudad Flamenca with a brand-new on-demand collection\",\"breadcrumb\":{\"@id\":\"https:\/\/allflamenco.net\/en\/blog\/all-flamenco-celebrates-10-years-of-la-isla-ciudad-flamenca-with-a-brand-new-on-demand-collection\/#breadcrumb\"},\"inLanguage\":\"en-US\",\"potentialAction\":[{\"@type\":\"ReadAction\",\"target\":[\"https:\/\/allflamenco.net\/en\/blog\/all-flamenco-celebrates-10-years-of-la-isla-ciudad-flamenca-with-a-brand-new-on-demand-collection\/\"]}]},{\"@type\":\"ImageObject\",\"inLanguage\":\"en-US\",\"@id\":\"https:\/\/allflamenco.net\/en\/blog\/all-flamenco-celebrates-10-years-of-la-isla-ciudad-flamenca-with-a-brand-new-on-demand-collection\/#primaryimage\",\"url\":\"https:\/\/allflamenco.net\/wp-content\/uploads\/2025\/04\/Macarena-Ramirez-y-publico-1.png\",\"contentUrl\":\"https:\/\/allflamenco.net\/wp-content\/uploads\/2025\/04\/Macarena-Ramirez-y-publico-1.png\",\"width\":410,\"height\":246},{\"@type\":\"BreadcrumbList\",\"@id\":\"https:\/\/allflamenco.net\/en\/blog\/all-flamenco-celebrates-10-years-of-la-isla-ciudad-flamenca-with-a-brand-new-on-demand-collection\/#breadcrumb\",\"itemListElement\":[{\"@type\":\"ListItem\",\"position\":1,\"name\":\"Home\",\"item\":\"https:\/\/allflamenco.net\/en\/\"},{\"@type\":\"ListItem\",\"position\":2,\"name\":\"ALL FLAMENCO celebrates 10 years of La Isla Ciudad Flamenca with a brand-new on-demand collection\"}]},{\"@type\":\"WebSite\",\"@id\":\"https:\/\/allflamenco.net\/en\/#website\",\"url\":\"https:\/\/allflamenco.net\/en\/\",\"name\":\"ALL FLAMENCO\",\"description\":\"El canal para los amantes del flamenco\",\"publisher\":{\"@id\":\"https:\/\/allflamenco.net\/en\/#organization\"},\"potentialAction\":[{\"@type\":\"SearchAction\",\"target\":{\"@type\":\"EntryPoint\",\"urlTemplate\":\"https:\/\/allflamenco.net\/en\/?s={search_term_string}\"},\"query-input\":{\"@type\":\"PropertyValueSpecification\",\"valueRequired\":true,\"valueName\":\"search_term_string\"}}],\"inLanguage\":\"en-US\"},{\"@type\":\"Organization\",\"@id\":\"https:\/\/allflamenco.net\/en\/#organization\",\"name\":\"ALL FLAMENCO\",\"alternateName\":\"AF\",\"url\":\"https:\/\/allflamenco.net\/en\/\",\"logo\":{\"@type\":\"ImageObject\",\"inLanguage\":\"en-US\",\"@id\":\"https:\/\/allflamenco.net\/en\/#\/schema\/logo\/image\/\",\"url\":\"https:\/\/allflamenco.net\/wp-content\/uploads\/2023\/09\/logo-allflamenco.jpg\",\"contentUrl\":\"https:\/\/allflamenco.net\/wp-content\/uploads\/2023\/09\/logo-allflamenco.jpg\",\"width\":696,\"height\":696,\"caption\":\"ALL FLAMENCO\"},\"image\":{\"@id\":\"https:\/\/allflamenco.net\/en\/#\/schema\/logo\/image\/\"},\"sameAs\":[\"https:\/\/www.facebook.com\/allflamenco\",\"https:\/\/x.com\/all_flamenco\",\"https:\/\/www.instagram.com\/allflamenco\",\"https:\/\/www.pinterest.es\/allflamenco\/\",\"https:\/\/www.youtube.com\/@ALLFLAMENCO\",\"https:\/\/www.tiktok.com\/@allflamenco\"]},{\"@type\":\"Person\",\"@id\":\"https:\/\/allflamenco.net\/en\/#\/schema\/person\/b6222dd5a6fcd015535fbe437ced9666\",\"name\":\"Javier Fernandez\"}]}<\/script>\n<!-- \/ Yoast SEO plugin. -->","yoast_head_json":{"title":"ALL FLAMENCO celebrates 10 years of La Isla Ciudad Flamenca with a brand-new on-demand collection - ALL FLAMENCO","description":"ALL FLAMENCO celebrates 10 years of La Isla Ciudad Flamenca with a brand-new on-demand collection","robots":{"index":"index","follow":"follow","max-snippet":"max-snippet:-1","max-image-preview":"max-image-preview:large","max-video-preview":"max-video-preview:-1"},"canonical":"https:\/\/allflamenco.net\/en\/blog\/all-flamenco-celebrates-10-years-of-la-isla-ciudad-flamenca-with-a-brand-new-on-demand-collection\/","og_locale":"en_US","og_type":"article","og_title":"ALL FLAMENCO celebrates 10 years of La Isla Ciudad Flamenca with a brand-new on-demand collection - ALL FLAMENCO","og_description":"ALL FLAMENCO celebrates 10 years of La Isla Ciudad Flamenca with a brand-new on-demand collection","og_url":"https:\/\/allflamenco.net\/en\/blog\/all-flamenco-celebrates-10-years-of-la-isla-ciudad-flamenca-with-a-brand-new-on-demand-collection\/","og_site_name":"ALL FLAMENCO","article_publisher":"https:\/\/www.facebook.com\/allflamenco","article_published_time":"2025-04-02T17:25:28+00:00","article_modified_time":"2025-04-02T17:43:36+00:00","og_image":[{"width":410,"height":246,"url":"https:\/\/allflamenco.net\/wp-content\/uploads\/2025\/04\/Macarena-Ramirez-y-publico-1.png","type":"image\/png"}],"author":"Javier Fernandez","twitter_card":"summary_large_image","twitter_creator":"@all_flamenco","twitter_site":"@all_flamenco","twitter_misc":{"Written by":"Javier Fernandez","Est. reading time":"3 minutes"},"schema":{"@context":"https:\/\/schema.org","@graph":[{"@type":"Article","@id":"https:\/\/allflamenco.net\/en\/blog\/all-flamenco-celebrates-10-years-of-la-isla-ciudad-flamenca-with-a-brand-new-on-demand-collection\/#article","isPartOf":{"@id":"https:\/\/allflamenco.net\/en\/blog\/all-flamenco-celebrates-10-years-of-la-isla-ciudad-flamenca-with-a-brand-new-on-demand-collection\/"},"author":{"name":"Javier Fernandez","@id":"https:\/\/allflamenco.net\/en\/#\/schema\/person\/b6222dd5a6fcd015535fbe437ced9666"},"headline":"ALL FLAMENCO celebrates 10 years of La Isla Ciudad Flamenca with a brand-new on-demand collection","datePublished":"2025-04-02T17:25:28+00:00","dateModified":"2025-04-02T17:43:36+00:00","mainEntityOfPage":{"@id":"https:\/\/allflamenco.net\/en\/blog\/all-flamenco-celebrates-10-years-of-la-isla-ciudad-flamenca-with-a-brand-new-on-demand-collection\/"},"wordCount":521,"publisher":{"@id":"https:\/\/allflamenco.net\/en\/#organization"},"image":{"@id":"https:\/\/allflamenco.net\/en\/blog\/all-flamenco-celebrates-10-years-of-la-isla-ciudad-flamenca-with-a-brand-new-on-demand-collection\/#primaryimage"},"thumbnailUrl":"https:\/\/allflamenco.net\/wp-content\/uploads\/2025\/04\/Macarena-Ramirez-y-publico-1.png","keywords":["#LaIslaCiudadFlamenca #ALLFLAMENCO #FlamencoFestival #SanFernando #Camar\u00f3nDeLaIsla #FlamencoHeritage #PrimeVideo #10YearsOfFlamenco"],"articleSection":["Featured","Festivals","Festivals in Spain","What's New"],"inLanguage":"en-US"},{"@type":"WebPage","@id":"https:\/\/allflamenco.net\/en\/blog\/all-flamenco-celebrates-10-years-of-la-isla-ciudad-flamenca-with-a-brand-new-on-demand-collection\/","url":"https:\/\/allflamenco.net\/en\/blog\/all-flamenco-celebrates-10-years-of-la-isla-ciudad-flamenca-with-a-brand-new-on-demand-collection\/","name":"ALL FLAMENCO celebrates 10 years of La Isla Ciudad Flamenca with a brand-new on-demand collection - ALL FLAMENCO","isPartOf":{"@id":"https:\/\/allflamenco.net\/en\/#website"},"primaryImageOfPage":{"@id":"https:\/\/allflamenco.net\/en\/blog\/all-flamenco-celebrates-10-years-of-la-isla-ciudad-flamenca-with-a-brand-new-on-demand-collection\/#primaryimage"},"image":{"@id":"https:\/\/allflamenco.net\/en\/blog\/all-flamenco-celebrates-10-years-of-la-isla-ciudad-flamenca-with-a-brand-new-on-demand-collection\/#primaryimage"},"thumbnailUrl":"https:\/\/allflamenco.net\/wp-content\/uploads\/2025\/04\/Macarena-Ramirez-y-publico-1.png","datePublished":"2025-04-02T17:25:28+00:00","dateModified":"2025-04-02T17:43:36+00:00","description":"ALL FLAMENCO celebrates 10 years of La Isla Ciudad Flamenca with a brand-new on-demand collection","breadcrumb":{"@id":"https:\/\/allflamenco.net\/en\/blog\/all-flamenco-celebrates-10-years-of-la-isla-ciudad-flamenca-with-a-brand-new-on-demand-collection\/#breadcrumb"},"inLanguage":"en-US","potentialAction":[{"@type":"ReadAction","target":["https:\/\/allflamenco.net\/en\/blog\/all-flamenco-celebrates-10-years-of-la-isla-ciudad-flamenca-with-a-brand-new-on-demand-collection\/"]}]},{"@type":"ImageObject","inLanguage":"en-US","@id":"https:\/\/allflamenco.net\/en\/blog\/all-flamenco-celebrates-10-years-of-la-isla-ciudad-flamenca-with-a-brand-new-on-demand-collection\/#primaryimage","url":"https:\/\/allflamenco.net\/wp-content\/uploads\/2025\/04\/Macarena-Ramirez-y-publico-1.png","contentUrl":"https:\/\/allflamenco.net\/wp-content\/uploads\/2025\/04\/Macarena-Ramirez-y-publico-1.png","width":410,"height":246},{"@type":"BreadcrumbList","@id":"https:\/\/allflamenco.net\/en\/blog\/all-flamenco-celebrates-10-years-of-la-isla-ciudad-flamenca-with-a-brand-new-on-demand-collection\/#breadcrumb","itemListElement":[{"@type":"ListItem","position":1,"name":"Home","item":"https:\/\/allflamenco.net\/en\/"},{"@type":"ListItem","position":2,"name":"ALL FLAMENCO celebrates 10 years of La Isla Ciudad Flamenca with a brand-new on-demand collection"}]},{"@type":"WebSite","@id":"https:\/\/allflamenco.net\/en\/#website","url":"https:\/\/allflamenco.net\/en\/","name":"ALL FLAMENCO","description":"El canal para los amantes del flamenco","publisher":{"@id":"https:\/\/allflamenco.net\/en\/#organization"},"potentialAction":[{"@type":"SearchAction","target":{"@type":"EntryPoint","urlTemplate":"https:\/\/allflamenco.net\/en\/?s={search_term_string}"},"query-input":{"@type":"PropertyValueSpecification","valueRequired":true,"valueName":"search_term_string"}}],"inLanguage":"en-US"},{"@type":"Organization","@id":"https:\/\/allflamenco.net\/en\/#organization","name":"ALL FLAMENCO","alternateName":"AF","url":"https:\/\/allflamenco.net\/en\/","logo":{"@type":"ImageObject","inLanguage":"en-US","@id":"https:\/\/allflamenco.net\/en\/#\/schema\/logo\/image\/","url":"https:\/\/allflamenco.net\/wp-content\/uploads\/2023\/09\/logo-allflamenco.jpg","contentUrl":"https:\/\/allflamenco.net\/wp-content\/uploads\/2023\/09\/logo-allflamenco.jpg","width":696,"height":696,"caption":"ALL FLAMENCO"},"image":{"@id":"https:\/\/allflamenco.net\/en\/#\/schema\/logo\/image\/"},"sameAs":["https:\/\/www.facebook.com\/allflamenco","https:\/\/x.com\/all_flamenco","https:\/\/www.instagram.com\/allflamenco","https:\/\/www.pinterest.es\/allflamenco\/","https:\/\/www.youtube.com\/@ALLFLAMENCO","https:\/\/www.tiktok.com\/@allflamenco"]},{"@type":"Person","@id":"https:\/\/allflamenco.net\/en\/#\/schema\/person\/b6222dd5a6fcd015535fbe437ced9666","name":"Javier Fernandez"}]}},"_links":{"self":[{"href":"https:\/\/allflamenco.net\/en\/wp-json\/wp\/v2\/posts\/407520","targetHints":{"allow":["GET"]}}],"collection":[{"href":"https:\/\/allflamenco.net\/en\/wp-json\/wp\/v2\/posts"}],"about":[{"href":"https:\/\/allflamenco.net\/en\/wp-json\/wp\/v2\/types\/post"}],"author":[{"embeddable":true,"href":"https:\/\/allflamenco.net\/en\/wp-json\/wp\/v2\/users\/7"}],"replies":[{"embeddable":true,"href":"https:\/\/allflamenco.net\/en\/wp-json\/wp\/v2\/comments?post=407520"}],"version-history":[{"count":3,"href":"https:\/\/allflamenco.net\/en\/wp-json\/wp\/v2\/posts\/407520\/revisions"}],"predecessor-version":[{"id":407533,"href":"https:\/\/allflamenco.net\/en\/wp-json\/wp\/v2\/posts\/407520\/revisions\/407533"}],"wp:featuredmedia":[{"embeddable":true,"href":"https:\/\/allflamenco.net\/en\/wp-json\/wp\/v2\/media\/407524"}],"wp:attachment":[{"href":"https:\/\/allflamenco.net\/en\/wp-json\/wp\/v2\/media?parent=407520"}],"wp:term":[{"taxonomy":"category","embeddable":true,"href":"https:\/\/allflamenco.net\/en\/wp-json\/wp\/v2\/categories?post=407520"},{"taxonomy":"post_tag","embeddable":true,"href":"https:\/\/allflamenco.net\/en\/wp-json\/wp\/v2\/tags?post=407520"}],"curies":[{"name":"wp","href":"https:\/\/api.w.org\/{rel}","templated":true}]}}