{"id":403698,"date":"2023-11-26T11:28:21","date_gmt":"2023-11-26T10:28:21","guid":{"rendered":"https:\/\/allflamenco.net\/zambomba-flamenca-fiesta-navidad\/"},"modified":"2025-01-15T13:00:25","modified_gmt":"2025-01-15T12:00:25","slug":"zambomba-flamenca-fiesta-navidad","status":"publish","type":"post","link":"https:\/\/allflamenco.net\/en\/blog\/zambomba-flamenca-fiesta-navidad\/","title":{"rendered":"Zambomba Flamenca: A Genuine Christmas Party"},"content":{"rendered":"<p>[et_pb_section fb_built=&#8221;1&#8243; admin_label=&#8221;Header&#8221; _builder_version=&#8221;4.22.1&#8243; _module_preset=&#8221;default&#8221; use_background_color_gradient=&#8221;on&#8221; background_color_gradient_stops=&#8221;rgba(0,0,0,0.8) 30%|rgba(0,0,0,0.1) 100%&#8221; background_color_gradient_overlays_image=&#8221;on&#8221; background_image=&#8221;https:\/\/allflamenco.net\/wp-content\/uploads\/2023\/11\/Asi-se-canta-en-Navidad.jpg&#8221; custom_margin=&#8221;||||false|false&#8221; custom_padding=&#8221;5vw||40px||false|false&#8221; collapsed=&#8221;on&#8221; global_colors_info=&#8221;{}&#8221;][et_pb_row _builder_version=&#8221;4.20.0&#8243; _module_preset=&#8221;default&#8221; global_colors_info=&#8221;{}&#8221;][et_pb_column type=&#8221;4_4&#8243; _builder_version=&#8221;4.20.0&#8243; _module_preset=&#8221;default&#8221; global_colors_info=&#8221;{}&#8221;][et_pb_text _builder_version=&#8221;4.22.1&#8243; _module_preset=&#8221;2bd19274-9b4c-4646-9ad0-5f847680d864&#8243; text_font=&#8221;Domine||||||||&#8221; text_text_color=&#8221;#FFFFFF&#8221; text_font_size=&#8221;25px&#8221; text_line_height=&#8221;25em&#8221; header_font=&#8221;Domine|700|||||||&#8221; header_text_align=&#8221;left&#8221; header_text_color=&#8221;#000000&#8243; header_font_size=&#8221;44px&#8221; header_line_height=&#8221;1.5em&#8221; background_layout=&#8221;dark&#8221; header_font_size_tablet=&#8221;&#8221; header_font_size_phone=&#8221;34px&#8221; header_font_size_last_edited=&#8221;on|phone&#8221; locked=&#8221;off&#8221; global_colors_info=&#8221;{}&#8221;]<\/p>\n<p>Since 2015, the flamenco zambomba festival has been considered an &#8220;Asset of Cultural Interest&#8221;. Its way of celebrating itself, very participatory, the flamenco carols and the instruments that are used make this <em>Revelry<\/em> Christmas is a unique event that must be experienced at least once in a lifetime.<\/p>\n<p>[\/et_pb_text][\/et_pb_column][\/et_pb_row][et_pb_row use_custom_gutter=&#8221;on&#8221; gutter_width=&#8221;1&#8243; make_equal=&#8221;on&#8221; custom_padding_last_edited=&#8221;on|tablet&#8221; _builder_version=&#8221;4.22.1&#8243; _module_preset=&#8221;default&#8221; custom_margin=&#8221;10vw|auto||auto|false|false&#8221; custom_padding=&#8221;||0px|300px|false|false&#8221; custom_padding_tablet=&#8221;|||0px|false|false&#8221; custom_padding_phone=&#8221;|||0px|false|false&#8221; locked=&#8221;off&#8221; global_colors_info=&#8221;{}&#8221;][et_pb_column type=&#8221;4_4&#8243; _builder_version=&#8221;4.22.1&#8243; _module_preset=&#8221;default&#8221; background_enable_color=&#8221;off&#8221; custom_padding=&#8221;20px||20px|20px|true|false&#8221; custom_padding_tablet=&#8221;20px|20px|20px|20px|true|true&#8221; custom_padding_phone=&#8221;20px|20px|20px|20px|true|true&#8221; custom_padding_last_edited=&#8221;on|tablet&#8221; border_radii=&#8221;off|5px|||5px&#8221; border_radii_tablet=&#8221;off|5px|5px||0px&#8221; border_radii_phone=&#8221;off|0px|||0px&#8221; border_radii_last_edited=&#8221;on|tablet&#8221; global_colors_info=&#8221;{%22gcid-a4444f1a-cb4a-4bc8-8aa5-cc8185b0f72f%22:%91%22background_color%22%93}&#8221;][et_pb_audio audio=&#8221;https:\/\/allflamenco.net\/wp-content\/uploads\/2023\/11\/MANUEL-TORRE-LOS-CAMPANILLEROS.mp3&#8243; title=&#8221;Los Campanilleros, 1929&#8243; artist_name=&#8221;Manuel Torre&#8221; album_name=&#8221;Villancico flamenco que cre\u00f3 estilo. Fuente: Archive.org&#8221; _builder_version=&#8221;4.22.1&#8243; _module_preset=&#8221;default&#8221; global_colors_info=&#8221;{}&#8221;][\/et_pb_audio][\/et_pb_column][\/et_pb_row][\/et_pb_section][et_pb_section fb_built=&#8221;1&#8243; admin_label=&#8221;Quote&#8221; _builder_version=&#8221;4.20.0&#8243; _module_preset=&#8221;default&#8221; collapsed=&#8221;on&#8221; global_colors_info=&#8221;{}&#8221;][et_pb_row _builder_version=&#8221;4.22.1&#8243; _module_preset=&#8221;default&#8221; global_colors_info=&#8221;{}&#8221;][et_pb_column type=&#8221;4_4&#8243; _builder_version=&#8221;4.22.1&#8243; _module_preset=&#8221;default&#8221; global_colors_info=&#8221;{}&#8221;][et_pb_text _builder_version=&#8221;4.21.0&#8243; _module_preset=&#8221;default&#8221; header_font=&#8221;Domine|700|||||||&#8221; header_text_align=&#8221;left&#8221; header_text_color=&#8221;#000000&#8243; header_font_size=&#8221;44px&#8221; header_line_height=&#8221;1.5em&#8221; header_font_size_tablet=&#8221;&#8221; header_font_size_phone=&#8221;34px&#8221; header_font_size_last_edited=&#8221;on|phone&#8221; global_colors_info=&#8221;{}&#8221;]<\/p>\n<p>It is not the only zambomba, but the so-called flamenco zambomba is typical of Jerez de la Frontera. It is a festival that starts from the one that was originally born in Baja Andalusia but that, in Jerez, has adapted flamenco as its main music.<\/p>\n<p>It is considered the most genuine expression of Christmas in Jerez because of its coexistence and participation, which are its hallmarks along with those flamenco rhythms. <\/p>\n<p>In fact, these days a proliferation of zambombas begins in all corners of the city that is counted in the hundreds.<\/p>\n<p>Experiencing them up close is a unique experience. But, for now, we&#8217;re going to tell you where they come from and what makes them so special.<\/p>\n<p>[\/et_pb_text][\/et_pb_column][\/et_pb_row][et_pb_row _builder_version=&#8221;4.22.1&#8243; _module_preset=&#8221;default&#8221; global_colors_info=&#8221;{}&#8221;][et_pb_column type=&#8221;4_4&#8243; _builder_version=&#8221;4.22.1&#8243; _module_preset=&#8221;default&#8221; global_colors_info=&#8221;{}&#8221;][et_pb_image src=&#8221;https:\/\/allflamenco.net\/wp-content\/uploads\/2023\/11\/Zambomba-Flamenca_Ayuntamiento-de-Jerez-1.jpg&#8221; alt=&#8221;Celebration of an authentic flamenco zambomba in Jerez.&#8221; title_text=&#8221;Zambomba Flamenca_Ayuntamiento de Jerez&#8221; _builder_version=&#8221;4.22.1&#8243; _module_preset=&#8221;default&#8221; enable_caption_text=&#8221;on&#8221; image_caption_font=&#8221;Domine||||||||&#8221; image_caption_color=&#8221;#000000&#8243; image_caption_size=&#8221;11px&#8221; image_caption_lineheight=&#8221;2em&#8221; image_caption_alignment=&#8221;left&#8221; global_colors_info=&#8221;{}&#8221;][\/et_pb_image][\/et_pb_column][\/et_pb_row][et_pb_row _builder_version=&#8221;4.22.1&#8243; _module_preset=&#8221;default&#8221; global_colors_info=&#8221;{}&#8221;][et_pb_column type=&#8221;4_4&#8243; _builder_version=&#8221;4.22.1&#8243; _module_preset=&#8221;default&#8221; global_colors_info=&#8221;{}&#8221;][et_pb_text _builder_version=&#8221;4.22.1&#8243; _module_preset=&#8221;default&#8221; header_font=&#8221;Domine|700|||||||&#8221; header_text_align=&#8221;left&#8221; header_text_color=&#8221;#000000&#8243; header_font_size=&#8221;44px&#8221; header_line_height=&#8221;1.5em&#8221; header_font_size_tablet=&#8221;&#8221; header_font_size_phone=&#8221;34px&#8221; header_font_size_last_edited=&#8221;on|phone&#8221; global_colors_info=&#8221;{}&#8221;]<\/p>\n<h2><span>Origin of the zambomba <\/span><\/h2>\n<p><span>As is often the case with many popular traditions, it is not so clear when and how the zambomba festival began. The fact that it is called &#8220;zambomba&#8221; has to do with the main instrument with which the meeting is enlivened (you will talk about it below), which is present in a very similar way in other European cultures and that can even be sought in the African traditions of several centuries ago. <a href=\"https:\/\/www.cervantesvirtual.com\/obra-visor\/anotaciones-historicas-sobre-la-zambomba\/html\/\">In this article he explains it very well. <\/a><\/span><\/p>\n<p>[\/et_pb_text][et_pb_text _builder_version=&#8221;4.22.1&#8243; _module_preset=&#8221;default&#8221; header_font=&#8221;Domine|700|||||||&#8221; header_text_align=&#8221;left&#8221; header_text_color=&#8221;#000000&#8243; header_font_size=&#8221;44px&#8221; header_line_height=&#8221;1.5em&#8221; header_font_size_tablet=&#8221;&#8221; header_font_size_phone=&#8221;34px&#8221; header_font_size_last_edited=&#8221;on|phone&#8221; global_colors_info=&#8221;{}&#8221;]<\/p>\n<p><span>Las zambombas andaluzas tienen su propia personalidad. Se las sit\u00faa alrededor del s. XVIII en zonas rurales de Arcos y Jerez de la Frontera, en C\u00e1diz. Vecinos, amigos, familiares y allegados, se reun\u00edan en los patios y corrales de las casas para socializar y luchar contra el fr\u00edo de esas fechas. Alrededor del calor de las hogueras y cocinas, donde se preparaban dulces y otras viandas para los all\u00ed reunidos, se acababa cantando y bailando. <\/span><\/p>\n<p><span><\/span><\/p>\n<p><span>Es una de las pocas celebraciones populares que mantiene un repertorio que abarca desde romances moriscos hasta coplas octosil\u00e1bicas sueltas, seg\u00fan explica Bel\u00e9n Moreno Gil (Universidad Internacional de Andaluc\u00eda). <\/span><\/p>\n<p><span>Y tambi\u00e9n es un encuentro en el que no puede faltar la gastronom\u00eda tradicional, con especial acento en dulces como los pesti\u00f1os, y bebidas de la zona, como an\u00eds y vinos jerezanos. <\/span><\/p>\n<p>[\/et_pb_text][\/et_pb_column][\/et_pb_row][et_pb_row column_structure=&#8221;1_3,2_3&#8243; use_custom_gutter=&#8221;on&#8221; gutter_width=&#8221;1&#8243; make_equal=&#8221;on&#8221; custom_padding_last_edited=&#8221;on|tablet&#8221; _builder_version=&#8221;4.22.1&#8243; _module_preset=&#8221;default&#8221; custom_margin=&#8221;0px|auto||auto|false|false&#8221; custom_padding=&#8221;||0px|0px|false|false&#8221; custom_padding_tablet=&#8221;|||0px|false|false&#8221; custom_padding_phone=&#8221;|||0px|false|false&#8221; locked=&#8221;off&#8221; global_colors_info=&#8221;{}&#8221;][et_pb_column type=&#8221;1_3&#8243; _builder_version=&#8221;4.20.0&#8243; _module_preset=&#8221;default&#8221; background_color=&#8221;gcid-a4444f1a-cb4a-4bc8-8aa5-cc8185b0f72f&#8221; custom_padding=&#8221;20px||20px|20px|true|false&#8221; custom_padding_tablet=&#8221;20px|20px|20px|20px|true|true&#8221; custom_padding_phone=&#8221;20px|20px|20px|20px|true|true&#8221; custom_padding_last_edited=&#8221;on|tablet&#8221; border_radii=&#8221;off|5px|||5px&#8221; border_radii_tablet=&#8221;off|5px|5px||0px&#8221; border_radii_phone=&#8221;off|0px|||0px&#8221; border_radii_last_edited=&#8221;on|tablet&#8221; global_colors_info=&#8221;{%22gcid-a4444f1a-cb4a-4bc8-8aa5-cc8185b0f72f%22:%91%22background_color%22%93}&#8221;][et_pb_video src=&#8221;https:\/\/youtu.be\/mHRoyL1QfgQ&#8221; _builder_version=&#8221;4.22.1&#8243; _module_preset=&#8221;default&#8221; global_colors_info=&#8221;{}&#8221;][\/et_pb_video][\/et_pb_column][et_pb_column type=&#8221;2_3&#8243; _builder_version=&#8221;4.20.0&#8243; _module_preset=&#8221;default&#8221; background_color=&#8221;gcid-a4444f1a-cb4a-4bc8-8aa5-cc8185b0f72f&#8221; custom_padding=&#8221;20px|20px|20px|20px|true|true&#8221; border_radii=&#8221;off||5px|5px|&#8221; border_radii_tablet=&#8221;off||0px|5px|5px&#8221; border_radii_phone=&#8221;off||0px|0px|&#8221; border_radii_last_edited=&#8221;on|tablet&#8221; global_colors_info=&#8221;{%22gcid-a4444f1a-cb4a-4bc8-8aa5-cc8185b0f72f%22:%91%22background_color%22%93}&#8221;][et_pb_text _builder_version=&#8221;4.22.1&#8243; _module_preset=&#8221;183ea47b-f1b2-4e5e-9c0a-bda76ded8696&#8243; text_font=&#8221;Domine||||||||&#8221; text_text_color=&#8221;#000000&#8243; header_font=&#8221;Domine|700|||||||&#8221; header_text_align=&#8221;left&#8221; header_text_color=&#8221;#000000&#8243; header_font_size=&#8221;44px&#8221; header_line_height=&#8221;1.5em&#8221; custom_margin=&#8221;||0px||false|false&#8221; header_font_size_tablet=&#8221;&#8221; header_font_size_phone=&#8221;34px&#8221; header_font_size_last_edited=&#8221;on|phone&#8221; global_colors_info=&#8221;{}&#8221;]<\/p>\n<h4>Zambomba flamenca en ALL FLAMENCO<\/h4>\n<p>[\/et_pb_text][et_pb_text _builder_version=&#8221;4.22.1&#8243; _module_preset=&#8221;ab52ffb0-1b91-4607-b293-72ef1c312ef1&#8243; text_font=&#8221;Domine||||||||&#8221; text_text_color=&#8221;#000000&#8243; header_font=&#8221;Domine|700|||||||&#8221; header_text_align=&#8221;left&#8221; header_text_color=&#8221;#000000&#8243; header_font_size=&#8221;44px&#8221; header_line_height=&#8221;1.5em&#8221; background_layout=&#8221;dark&#8221; header_font_size_tablet=&#8221;&#8221; header_font_size_phone=&#8221;34px&#8221; header_font_size_last_edited=&#8221;on|phone&#8221; global_colors_info=&#8221;{}&#8221;]<\/p>\n<p><span>La zambomba flamenca de Alejandro Estrada es uno de los programas sobre esta fiesta que podr\u00e1s encontrar en nuestro canal. El cantaor malague\u00f1o, con un elenco de m\u00e1s de quince artistas, nos propone una celebraci\u00f3n m\u00e1gica y llena de arte. <\/span><\/p>\n<p>[\/et_pb_text][\/et_pb_column][\/et_pb_row][et_pb_row _builder_version=&#8221;4.22.1&#8243; _module_preset=&#8221;default&#8221; global_colors_info=&#8221;{}&#8221;][et_pb_column type=&#8221;4_4&#8243; _builder_version=&#8221;4.22.1&#8243; _module_preset=&#8221;default&#8221; global_colors_info=&#8221;{}&#8221;][et_pb_text _builder_version=&#8221;4.22.1&#8243; _module_preset=&#8221;default&#8221; header_font=&#8221;Domine|700|||||||&#8221; header_text_align=&#8221;left&#8221; header_text_color=&#8221;#000000&#8243; header_font_size=&#8221;44px&#8221; header_line_height=&#8221;1.5em&#8221; header_font_size_tablet=&#8221;&#8221; header_font_size_phone=&#8221;34px&#8221; header_font_size_last_edited=&#8221;on|phone&#8221; global_colors_info=&#8221;{}&#8221;]<\/p>\n<h2><span><\/span><\/h2>\n<h2><span>Cu\u00e1ndo aparece la zambomba flamenca<\/span><span><\/span><\/h2>\n<p>Siendo Jerez una de las principales cunas del flamenco, no es de extra\u00f1ar que los compases de la zambomba acabaran aflamenc\u00e1ndose. Y esto es lo que hace singular a la fiesta jerezana. Numerosos artistas de los a\u00f1os 30 empezaron a sacar sus versiones de villancicos populares, y entre los ritmos de las zambombas y los discos navide\u00f1os, en esa localidad, la zambomba es flamenca casi en su totalidad. <\/p>\n<p>En Arcos de la Frontera s\u00ed se han conservado estilos m\u00e1s originarios, como los romances, y el flamenco no est\u00e1 casi presente. En este v\u00eddeo se explican estas diferencias. <\/p>\n<p>[\/et_pb_text][et_pb_video src=&#8221;https:\/\/youtu.be\/xe3uhVfuF5s?si=SNoCrD72rZpfTKa4&#8243; _builder_version=&#8221;4.22.1&#8243; _module_preset=&#8221;default&#8221; global_colors_info=&#8221;{}&#8221;][\/et_pb_video][\/et_pb_column][\/et_pb_row][\/et_pb_section][et_pb_section fb_built=&#8221;1&#8243; admin_label=&#8221;Quote&#8221; _builder_version=&#8221;4.22.1&#8243; _module_preset=&#8221;default&#8221; custom_margin=&#8221;0px||||false|false&#8221; custom_padding=&#8221;0px||||false|false&#8221; collapsed=&#8221;on&#8221; global_colors_info=&#8221;{}&#8221;][et_pb_row _builder_version=&#8221;4.22.1&#8243; _module_preset=&#8221;default&#8221; global_colors_info=&#8221;{}&#8221;][et_pb_column type=&#8221;4_4&#8243; _builder_version=&#8221;4.22.1&#8243; _module_preset=&#8221;default&#8221; global_colors_info=&#8221;{}&#8221;][et_pb_text _builder_version=&#8221;4.22.1&#8243; _module_preset=&#8221;default&#8221; header_font=&#8221;Domine|700|||||||&#8221; header_text_align=&#8221;left&#8221; header_text_color=&#8221;#000000&#8243; header_font_size=&#8221;44px&#8221; header_line_height=&#8221;1.5em&#8221; header_font_size_tablet=&#8221;&#8221; header_font_size_phone=&#8221;34px&#8221; header_font_size_last_edited=&#8221;on|phone&#8221; global_colors_info=&#8221;{}&#8221;]<\/p>\n<h2>\u00bfPor qu\u00e9 se llama zambomba?<\/h2>\n<p>Como se ha adelantado l\u00edneas antes, el instrumento de la zambomba es el que da nombre a la fiesta. Se trata de instrumento de percusi\u00f3n que consta de un cuerpo cil\u00edndrico y un parche de piel de cabra o pl\u00e1stico en un extremo. Para tocar la zambomba, se golpea el parche con las manos (que tienen que estar h\u00famedas) o con palos.<\/p>\n<p>Ese cuerpo de la zambomba es, generalmente, el barro, y la hay m\u00e1s peque\u00f1a y m\u00e1s grande, dando sonidos m\u00e1s agudos o graves, respectivamente.<\/p>\n<p>Tambi\u00e9n est\u00e1n presentes otros instrumentos como el almirez, la pandereta, la sonaja o la botella de an\u00eds, que, gracias a sus estr\u00edas, tiene un caracter\u00edstico sonido.<\/p>\n<p>[\/et_pb_text][\/et_pb_column][\/et_pb_row][et_pb_row column_structure=&#8221;3_5,2_5&#8243; _builder_version=&#8221;4.22.1&#8243; _module_preset=&#8221;default&#8221; global_colors_info=&#8221;{}&#8221;][et_pb_column type=&#8221;3_5&#8243; _builder_version=&#8221;4.22.1&#8243; _module_preset=&#8221;default&#8221; global_colors_info=&#8221;{}&#8221;][et_pb_image src=&#8221;https:\/\/allflamenco.net\/wp-content\/uploads\/2023\/11\/Zambomba-Flamenca.jpeg&#8221; alt=&#8221;Zambomba Flamenca de gran tama\u00f1o. Foto: Junta de Andaluc\u00eda. &#8221; title_text=&#8221;Zambomba Flamenca&#8221; _builder_version=&#8221;4.22.1&#8243; _module_preset=&#8221;default&#8221; hover_enabled=&#8221;0&#8243; enable_caption_text=&#8221;on&#8221; image_caption_font=&#8221;Domine||||||||&#8221; image_caption_color=&#8221;#000000&#8243; image_caption_size=&#8221;11px&#8221; image_caption_lineheight=&#8221;2em&#8221; image_caption_alignment=&#8221;left&#8221; global_colors_info=&#8221;{}&#8221; sticky_enabled=&#8221;0&#8243;][\/et_pb_image][\/et_pb_column][et_pb_column type=&#8221;2_5&#8243; _builder_version=&#8221;4.22.1&#8243; _module_preset=&#8221;default&#8221; global_colors_info=&#8221;{}&#8221;][et_pb_image src=&#8221;https:\/\/allflamenco.net\/wp-content\/uploads\/2023\/11\/elaboracion-de-la-zambomba.jpg&#8221; _builder_version=&#8221;4.22.1&#8243; _module_preset=&#8221;default&#8221; alt=&#8221;Elaboraci\u00f3n de una zambomba. Centro de Documentaci\u00f3n Musical de Andaluc\u00eda&#8221; title_text=&#8221;elaboraci\u00f3n de la zambomba&#8221; enable_caption_text=&#8221;on&#8221; hover_enabled=&#8221;0&#8243; sticky_enabled=&#8221;0&#8243; global_colors_info=&#8221;{}&#8221; image_caption_font=&#8221;Domine||||||||&#8221; image_caption_color=&#8221;#000000&#8243; image_caption_size=&#8221;11px&#8221; image_caption_lineheight=&#8221;2em&#8221; image_caption_alignment=&#8221;left&#8221;][\/et_pb_image][\/et_pb_column][\/et_pb_row][\/et_pb_section][et_pb_section fb_built=&#8221;1&#8243; admin_label=&#8221;Quote&#8221; _builder_version=&#8221;4.22.1&#8243; _module_preset=&#8221;default&#8221; custom_margin=&#8221;0px||||false|false&#8221; custom_padding=&#8221;0px||||false|false&#8221; collapsed=&#8221;on&#8221; global_colors_info=&#8221;{}&#8221;][et_pb_row _builder_version=&#8221;4.22.1&#8243; _module_preset=&#8221;default&#8221; global_colors_info=&#8221;{}&#8221;][et_pb_column type=&#8221;4_4&#8243; _builder_version=&#8221;4.22.1&#8243; _module_preset=&#8221;default&#8221; global_colors_info=&#8221;{}&#8221;][et_pb_text _builder_version=&#8221;4.21.0&#8243; _module_preset=&#8221;default&#8221; header_font=&#8221;Domine|700|||||||&#8221; header_text_align=&#8221;left&#8221; header_text_color=&#8221;#000000&#8243; header_font_size=&#8221;44px&#8221; header_line_height=&#8221;1.5em&#8221; header_font_size_tablet=&#8221;&#8221; header_font_size_phone=&#8221;34px&#8221; header_font_size_last_edited=&#8221;on|phone&#8221; global_colors_info=&#8221;{}&#8221;]<\/p>\n<p>Aunque puede parecer un instrumento sencillo, la zambomba es bastante dif\u00edcil de tocar Al necesario ritmo ante cualquier instrumento, se une que hay que tener fuerza. Lo habitual es que los \u201ctocaores\u201d se vayan pasando esta responsabilidad cada cierto tiempo para que las manos descansen.<\/p>\n<p>[\/et_pb_text][et_pb_text _builder_version=&#8221;4.22.1&#8243; _module_preset=&#8221;default&#8221; header_font=&#8221;Domine|700|||||||&#8221; header_text_align=&#8221;left&#8221; header_text_color=&#8221;#000000&#8243; header_font_size=&#8221;44px&#8221; header_line_height=&#8221;1.5em&#8221; header_font_size_tablet=&#8221;&#8221; header_font_size_phone=&#8221;34px&#8221; header_font_size_last_edited=&#8221;on|phone&#8221; global_colors_info=&#8221;{}&#8221;]<\/p>\n<h2><\/h2>\n<h2><\/h2>\n<h2>En peligro de extinci\u00f3n<\/h2>\n<p>Con el abandono de las zonas rurales en los a\u00f1os 60 y 70 del siglo XX, la fiesta de la zambomba estuvo a punto de desaparecer. Dos acontecimientos devuelven el brillo a esta tradici\u00f3n: la producci\u00f3n del primer disco de la colecci\u00f3n <em>As\u00ed Canta Nuestra Tierra en Navidad<\/em> (1982), que estaba auspiciado por la ya desparecida Caja de Ahorros de Jerez, y la creaci\u00f3n del Coro de la C\u00e1tedra de Flamencolog\u00eda, protagonista de ese primer vinilo. <\/p>\n<p>As\u00ed <em>Canta Nuestra Tierra en Navidad<\/em> acab\u00f3 saliendo anualmente hasta el a\u00f1o 2011. Parrilla de Jerez estuvo entre sus precursores. El d<span>irector de la colecci\u00f3n discogr\u00e1fica fue <\/span>Juan Pedro Aladro, que contaba en una entrevista a la revista de la C\u00e1tedra que La Paquera hab\u00eda inspirado la idea. <\/p>\n<p>En esos discos aparecer\u00edan desde Roc\u00edo Jurado a <a href=\"https:\/\/allflamenco.net\/en\/blog\/carmen-linares-biography\/\">Carmen Linares,<\/a> pasando por Juan Villar o Terremoto. <\/p>\n<p>[\/et_pb_text][\/et_pb_column][\/et_pb_row][et_pb_row column_structure=&#8221;1_2,1_2&#8243; use_custom_gutter=&#8221;on&#8221; gutter_width=&#8221;1&#8243; module_class=&#8221; et_pb_row_fullwidth&#8221; _builder_version=&#8221;4.16&#8243; width=&#8221;100%&#8221; width_tablet=&#8221;100%&#8221; width_phone=&#8221;100%&#8221; width_last_edited=&#8221;on|desktop&#8221; max_width=&#8221;100%&#8221; max_width_tablet=&#8221;100%&#8221; max_width_phone=&#8221;100%&#8221; max_width_last_edited=&#8221;on|desktop&#8221; custom_padding=&#8221;0px||0px||true&#8221; make_fullwidth=&#8221;on&#8221; global_colors_info=&#8221;{}&#8221;][et_pb_column type=&#8221;1_2&#8243; _builder_version=&#8221;4.16&#8243; custom_padding=&#8221;|||&#8221; global_colors_info=&#8221;{}&#8221; custom_padding__hover=&#8221;|||&#8221;][et_pb_image src=&#8221;https:\/\/allflamenco.net\/wp-content\/uploads\/2023\/11\/1982-CORO_DE_VILLANCICOS.jpg&#8221; alt=&#8221;Coro de Villancicos, 1982&#8243; title_text=&#8221;1982-CORO_DE_VILLANCICOS&#8221; _builder_version=&#8221;4.22.1&#8243; _module_preset=&#8221;default&#8221; image_caption_font=&#8221;Domine||||||||&#8221; image_caption_color=&#8221;#000000&#8243; image_caption_size=&#8221;11px&#8221; image_caption_lineheight=&#8221;2em&#8221; image_caption_alignment=&#8221;left&#8221; global_colors_info=&#8221;{}&#8221;][\/et_pb_image][\/et_pb_column][et_pb_column type=&#8221;1_2&#8243; _builder_version=&#8221;4.16&#8243; custom_padding=&#8221;6%|6%|6%|6%&#8221; custom_padding_tablet=&#8221;|10%||10%||true&#8221; custom_padding_phone=&#8221;|||&#8221; custom_padding_last_edited=&#8221;on|desktop&#8221; global_colors_info=&#8221;{}&#8221; custom_padding__hover=&#8221;|||&#8221;][et_pb_cta title=&#8221;Letras de villancicos&#8221; button_url=&#8221;#TOP&#8221; _builder_version=&#8221;4.22.1&#8243; header_level=&#8221;h3&#8243; header_font=&#8221;Domine|700|||||||&#8221; header_text_align=&#8221;left&#8221; header_text_color=&#8221;#000000&#8243; header_font_size=&#8221;44px&#8221; header_line_height=&#8221;1.5em&#8221; body_font=&#8221;Domine||||||||&#8221; body_font_size=&#8221;17px&#8221; body_line_height=&#8221;1.9em&#8221; use_background_color=&#8221;off&#8221; custom_button=&#8221;on&#8221; button_text_size=&#8221;17px&#8221; button_text_color=&#8221;#ffffff&#8221; button_bg_color=&#8221;#ff6b5a&#8221; button_border_width=&#8221;5px&#8221; button_border_color=&#8221;#ff6b5a&#8221; button_border_radius=&#8221;100px&#8221; button_font=&#8221;Noto Sans|700||on|||||&#8221; button_use_icon=&#8221;off&#8221; text_orientation=&#8221;left&#8221; max_width_tablet=&#8221;88%&#8221; max_width_last_edited=&#8221;off|desktop&#8221; module_alignment=&#8221;right&#8221; custom_margin=&#8221;|||&#8221; custom_padding=&#8221;|||&#8221; custom_padding_tablet=&#8221;|||0px&#8221; custom_padding_last_edited=&#8221;off|desktop&#8221; header_font_size_tablet=&#8221;&#8221; header_font_size_phone=&#8221;34px&#8221; header_font_size_last_edited=&#8221;on|phone&#8221; button_text_color_hover=&#8221;#ffffff&#8221; button_border_color_hover=&#8221;#ff9e59&#8243; button_bg_color_hover=&#8221;#ff9e59&#8243; global_colors_info=&#8221;{}&#8221; button_text_size__hover_enabled=&#8221;off&#8221; button_one_text_size__hover_enabled=&#8221;off&#8221; button_two_text_size__hover_enabled=&#8221;off&#8221; button_text_color__hover_enabled=&#8221;on&#8221; button_text_color__hover=&#8221;#ffffff&#8221; button_one_text_color__hover_enabled=&#8221;off&#8221; button_two_text_color__hover_enabled=&#8221;off&#8221; button_border_width__hover_enabled=&#8221;off&#8221; button_one_border_width__hover_enabled=&#8221;off&#8221; button_two_border_width__hover_enabled=&#8221;off&#8221; button_border_color__hover_enabled=&#8221;on&#8221; button_border_color__hover=&#8221;#ff9e59&#8243; button_one_border_color__hover_enabled=&#8221;off&#8221; button_two_border_color__hover_enabled=&#8221;off&#8221; button_border_radius__hover_enabled=&#8221;off&#8221; button_one_border_radius__hover_enabled=&#8221;off&#8221; button_two_border_radius__hover_enabled=&#8221;off&#8221; button_letter_spacing__hover_enabled=&#8221;off&#8221; button_one_letter_spacing__hover_enabled=&#8221;off&#8221; button_two_letter_spacing__hover_enabled=&#8221;off&#8221; button_bg_color__hover_enabled=&#8221;on&#8221; button_bg_color__hover=&#8221;#ff9e59&#8243; button_one_bg_color__hover_enabled=&#8221;off&#8221; button_two_bg_color__hover_enabled=&#8221;off&#8221;]<\/p>\n<p><span style=\"color: #000000;\">La receta de los pesti\u00f1os tradicionales de las zambombas navide\u00f1as y los villancicos m\u00e1s tradicionales, en este documento en PDF creado por el Ayuntamiento de Jerez. <\/span><\/p>\n<p>[\/et_pb_cta][et_pb_button button_url=&#8221;https:\/\/www.jerez.es\/fileadmin\/Documentos\/Navidad\/VILLANCICOS.pdf&#8221; url_new_window=&#8221;on&#8221; button_text=&#8221;Villancicos de Jerez&#8221; _builder_version=&#8221;4.22.1&#8243; _module_preset=&#8221;default&#8221; custom_button=&#8221;on&#8221; button_text_size=&#8221;18px&#8221; button_text_color=&#8221;#FFFFFF&#8221; hover_enabled=&#8221;0&#8243; global_colors_info=&#8221;{}&#8221; theme_builder_area=&#8221;post_content&#8221; sticky_enabled=&#8221;0&#8243;][\/et_pb_button][et_pb_cta title=&#8221;Disco completo&#8221; button_url=&#8221;#TOP&#8221; _builder_version=&#8221;4.22.1&#8243; header_level=&#8221;h3&#8243; header_font=&#8221;Domine|700|||||||&#8221; header_text_align=&#8221;left&#8221; header_text_color=&#8221;#000000&#8243; header_font_size=&#8221;44px&#8221; header_line_height=&#8221;1.5em&#8221; body_font=&#8221;Domine||||||||&#8221; body_font_size=&#8221;17px&#8221; body_line_height=&#8221;1.9em&#8221; use_background_color=&#8221;off&#8221; custom_button=&#8221;on&#8221; button_text_size=&#8221;17px&#8221; button_text_color=&#8221;#ffffff&#8221; button_bg_color=&#8221;#ff6b5a&#8221; button_border_width=&#8221;5px&#8221; button_border_color=&#8221;#ff6b5a&#8221; button_border_radius=&#8221;100px&#8221; button_font=&#8221;Noto Sans|700||on|||||&#8221; button_use_icon=&#8221;off&#8221; text_orientation=&#8221;left&#8221; max_width_tablet=&#8221;88%&#8221; max_width_last_edited=&#8221;off|desktop&#8221; module_alignment=&#8221;right&#8221; custom_margin=&#8221;|||&#8221; custom_padding=&#8221;|||&#8221; custom_padding_tablet=&#8221;|||0px&#8221; custom_padding_last_edited=&#8221;off|desktop&#8221; header_font_size_tablet=&#8221;&#8221; header_font_size_phone=&#8221;34px&#8221; header_font_size_last_edited=&#8221;on|phone&#8221; button_text_color_hover=&#8221;#ffffff&#8221; button_border_color_hover=&#8221;#ff9e59&#8243; button_bg_color_hover=&#8221;#ff9e59&#8243; global_colors_info=&#8221;{}&#8221; button_text_size__hover_enabled=&#8221;off&#8221; button_one_text_size__hover_enabled=&#8221;off&#8221; button_two_text_size__hover_enabled=&#8221;off&#8221; button_text_color__hover_enabled=&#8221;on&#8221; button_text_color__hover=&#8221;#ffffff&#8221; button_one_text_color__hover_enabled=&#8221;off&#8221; button_two_text_color__hover_enabled=&#8221;off&#8221; button_border_width__hover_enabled=&#8221;off&#8221; button_one_border_width__hover_enabled=&#8221;off&#8221; button_two_border_width__hover_enabled=&#8221;off&#8221; button_border_color__hover_enabled=&#8221;on&#8221; button_border_color__hover=&#8221;#ff9e59&#8243; button_one_border_color__hover_enabled=&#8221;off&#8221; button_two_border_color__hover_enabled=&#8221;off&#8221; button_border_radius__hover_enabled=&#8221;off&#8221; button_one_border_radius__hover_enabled=&#8221;off&#8221; button_two_border_radius__hover_enabled=&#8221;off&#8221; button_letter_spacing__hover_enabled=&#8221;off&#8221; button_one_letter_spacing__hover_enabled=&#8221;off&#8221; button_two_letter_spacing__hover_enabled=&#8221;off&#8221; button_bg_color__hover_enabled=&#8221;on&#8221; button_bg_color__hover=&#8221;#ff9e59&#8243; button_one_bg_color__hover_enabled=&#8221;off&#8221; button_two_bg_color__hover_enabled=&#8221;off&#8221;]<\/p>\n<p><span style=\"color: #000000;\">Desde este enlace te puedes descargar la edici\u00f3n especial que la Fundaci\u00f3n Cajasol edit\u00f3 en 2020, con Jos\u00e9 Merc\u00e9, La Paquera o La <a href=\"https:\/\/allflamenco.net\/en\/blog\/macanita-mirando-sur\/\">Macanita<\/a> entre sus int\u00e9rpretes.<\/span><\/p>\n<p>[\/et_pb_cta][et_pb_button button_url=&#8221;https:\/\/fundacioncajasol.com\/asi-canta-nuestra-tierra-especial-2020\/&#8221; url_new_window=&#8221;on&#8221; button_text=&#8221;Download&#8221; _builder_version=&#8221;4.22.1&#8243; _module_preset=&#8221;default&#8221; custom_button=&#8221;on&#8221; button_text_size=&#8221;18px&#8221; button_text_color=&#8221;#FFFFFF&#8221; button_bg_color=&#8221;#C12A21&#8243; button_border_color=&#8221;#000000&#8243; button_font=&#8221;Domine|700|||||||&#8221; button_icon_color=&#8221;#C12A21&#8243; global_colors_info=&#8221;{}&#8221;][\/et_pb_button][\/et_pb_column][\/et_pb_row][\/et_pb_section][et_pb_section fb_built=&#8221;1&#8243; admin_label=&#8221;Events&#8221; _builder_version=&#8221;4.20.0&#8243; _module_preset=&#8221;default&#8221; background_color=&#8221;gcid-86da69f8-ce43-4c42-8395-4abd58818e72&#8243; saved_tabs=&#8221;all&#8221; collapsed=&#8221;on&#8221; global_colors_info=&#8221;{%22gcid-86da69f8-ce43-4c42-8395-4abd58818e72%22:%91%22background_color%22%93}&#8221;][et_pb_row column_structure=&#8221;1_2,1_2&#8243; _builder_version=&#8221;4.22.1&#8243; _module_preset=&#8221;default&#8221; custom_margin=&#8221;||0px||false|false&#8221; custom_padding=&#8221;||0px||false|false&#8221; global_colors_info=&#8221;{}&#8221;][et_pb_column type=&#8221;1_2&#8243; _builder_version=&#8221;4.20.0&#8243; _module_preset=&#8221;default&#8221; global_colors_info=&#8221;{}&#8221;][et_pb_text _builder_version=&#8221;4.22.1&#8243; _module_preset=&#8221;default&#8221; text_font=&#8221;Domine||||||||&#8221; text_text_color=&#8221;#000000&#8243; text_font_size=&#8221;18px&#8221; header_font=&#8221;Domine|700|||||||&#8221; header_text_align=&#8221;left&#8221; header_text_color=&#8221;#000000&#8243; header_font_size=&#8221;44px&#8221; header_line_height=&#8221;1.5em&#8221; header_font_size_tablet=&#8221;&#8221; header_font_size_phone=&#8221;34px&#8221; header_font_size_last_edited=&#8221;on|phone&#8221; global_colors_info=&#8221;{}&#8221;]<\/p>\n<h2>Festivales para vivirlo<\/h2>\n<p>Si est\u00e1s interesado en experimentar la zambomba flamenca en primera persona, hay varias formas de hacerlo. El Festival de la Zambomba de Jerez Sherry Tour es la cita perfecta para disfrutar de conciertos y actuaciones en vivo. Adem\u00e1s, las pe\u00f1as se llenan de actividades alrededor de los villancicos (<a href=\"https:\/\/www.jerez.es\/ciudad\/navidad-2023-2024\/zambombas\">aqu\u00ed algunas de esas fiestas<\/a>) y el Teatro Villamarta es ya un cl\u00e1sico en ofrecer espect\u00e1culos &#8220;zambomberos&#8221;. Otros festivales, como el Festival Flamenco de Mont-de-Marsan en Francia, tambi\u00e9n incluyen actuaciones de zambomba y atraen a artistas y amantes del flamenco de todo el mundo.<\/p>\n<p>[\/et_pb_text][\/et_pb_column][et_pb_column type=&#8221;1_2&#8243; _builder_version=&#8221;4.20.0&#8243; _module_preset=&#8221;default&#8221; global_colors_info=&#8221;{}&#8221;][et_pb_text _builder_version=&#8221;4.22.1&#8243; _module_preset=&#8221;default&#8221; text_font=&#8221;Domine||||||||&#8221; text_text_color=&#8221;#000000&#8243; text_font_size=&#8221;18px&#8221; header_font=&#8221;Domine|700|||||||&#8221; header_text_align=&#8221;left&#8221; header_text_color=&#8221;#000000&#8243; header_font_size=&#8221;44px&#8221; header_line_height=&#8221;1.5em&#8221; header_font_size_tablet=&#8221;&#8221; header_font_size_phone=&#8221;34px&#8221; header_font_size_last_edited=&#8221;on|phone&#8221; global_colors_info=&#8221;{}&#8221;]<\/p>\n<h2>As\u00ed Canta Jerez en Navidad<\/h2>\n<p><span>Bajo el nombre de \u201cAs\u00ed canta Jerez en Navidad\u201d, una multitud de artistas flamencos realizan una zambomba navide\u00f1a en la Parroquia de Santiago de Jerez. Cantaores como Lela Soto, La Junkera o Perik\u00edn, entre otros, muestran sus dotes art\u00edsticas con motivo de estas fechas tan navide\u00f1as. Y este es solo uno de los muchos programas dedicados a la zambomba en ALL FLAMENCO. <\/span><\/p>\n<p>[\/et_pb_text][et_pb_button button_url=&#8221;https:\/\/app.allflamenco.net\/detail\/125\/asi-canta-jerez-en-navidad-zambomba-flamenca-navidena&#8221; url_new_window=&#8221;on&#8221; button_text=&#8221;As\u00ed Canta Jerez en Navidad&#8221; _builder_version=&#8221;4.22.1&#8243; _module_preset=&#8221;default&#8221; custom_button=&#8221;on&#8221; button_text_size=&#8221;18px&#8221; button_text_color=&#8221;#FFFFFF&#8221; global_colors_info=&#8221;{}&#8221;][\/et_pb_button][\/et_pb_column][\/et_pb_row][\/et_pb_section]<\/p>\n","protected":false},"excerpt":{"rendered":"<p>Since 2015, the zambomba has been part of the Andalusian Historical Heritage. Don&#8217;t miss the Christmas carols, videos and songs that we bring you. <\/p>\n","protected":false},"author":1,"featured_media":403657,"comment_status":"closed","ping_status":"open","sticky":false,"template":"","format":"standard","meta":{"_et_pb_use_builder":"on","_et_pb_old_content":"","_et_gb_content_width":"","footnotes":""},"categories":[158,156],"tags":[],"class_list":["post-403698","post","type-post","status-publish","format-standard","has-post-thumbnail","hentry","category-top-flamenco","category-whats-new"],"yoast_head":"<!-- This site is optimized with the Yoast SEO plugin v26.8 - https:\/\/yoast.com\/product\/yoast-seo-wordpress\/ -->\n<title>Zambomba Flamenca: A Genuine Christmas Party - ALL FLAMENCO<\/title>\n<meta name=\"description\" content=\"The flamenco zambomba is typical of Jerez and, at Christmas, every corner of the city sounds to the rhythm of the instrument that gives it its name.\" \/>\n<meta name=\"robots\" content=\"index, follow, max-snippet:-1, max-image-preview:large, max-video-preview:-1\" \/>\n<link rel=\"canonical\" href=\"https:\/\/allflamenco.net\/en\/blog\/zambomba-flamenca-fiesta-navidad\/\" \/>\n<meta property=\"og:locale\" content=\"en_US\" \/>\n<meta property=\"og:type\" content=\"article\" \/>\n<meta property=\"og:title\" content=\"Zambomba Flamenca: A Genuine Christmas Party - ALL FLAMENCO\" \/>\n<meta property=\"og:description\" content=\"The flamenco zambomba is typical of Jerez and, at Christmas, every corner of the city sounds to the rhythm of the instrument that gives it its name.\" \/>\n<meta property=\"og:url\" content=\"https:\/\/allflamenco.net\/en\/blog\/zambomba-flamenca-fiesta-navidad\/\" \/>\n<meta property=\"og:site_name\" content=\"ALL FLAMENCO\" \/>\n<meta property=\"article:publisher\" content=\"https:\/\/www.facebook.com\/allflamenco\" \/>\n<meta property=\"article:published_time\" content=\"2023-11-26T10:28:21+00:00\" \/>\n<meta property=\"article:modified_time\" content=\"2025-01-15T12:00:25+00:00\" \/>\n<meta property=\"og:image\" content=\"https:\/\/allflamenco.net\/wp-content\/uploads\/2023\/11\/Zambomba-flamenca-en-Jerez.jpg\" \/>\n\t<meta property=\"og:image:width\" content=\"1280\" \/>\n\t<meta property=\"og:image:height\" content=\"769\" \/>\n\t<meta property=\"og:image:type\" content=\"image\/jpeg\" \/>\n<meta name=\"author\" content=\"operations\" \/>\n<meta name=\"twitter:card\" content=\"summary_large_image\" \/>\n<meta name=\"twitter:creator\" content=\"@all_flamenco\" \/>\n<meta name=\"twitter:site\" content=\"@all_flamenco\" \/>\n<meta name=\"twitter:label1\" content=\"Written by\" \/>\n\t<meta name=\"twitter:data1\" content=\"operations\" \/>\n\t<meta name=\"twitter:label2\" content=\"Est. reading time\" \/>\n\t<meta name=\"twitter:data2\" content=\"19 minutes\" \/>\n<script type=\"application\/ld+json\" class=\"yoast-schema-graph\">{\"@context\":\"https:\/\/schema.org\",\"@graph\":[{\"@type\":\"Article\",\"@id\":\"https:\/\/allflamenco.net\/en\/blog\/zambomba-flamenca-fiesta-navidad\/#article\",\"isPartOf\":{\"@id\":\"https:\/\/allflamenco.net\/en\/blog\/zambomba-flamenca-fiesta-navidad\/\"},\"author\":{\"name\":\"operations\",\"@id\":\"https:\/\/allflamenco.net\/en\/#\/schema\/person\/d719366e7dbfec3bf209ab328be58252\"},\"headline\":\"Zambomba Flamenca: A Genuine Christmas Party\",\"datePublished\":\"2023-11-26T10:28:21+00:00\",\"dateModified\":\"2025-01-15T12:00:25+00:00\",\"mainEntityOfPage\":{\"@id\":\"https:\/\/allflamenco.net\/en\/blog\/zambomba-flamenca-fiesta-navidad\/\"},\"wordCount\":3862,\"publisher\":{\"@id\":\"https:\/\/allflamenco.net\/en\/#organization\"},\"image\":{\"@id\":\"https:\/\/allflamenco.net\/en\/blog\/zambomba-flamenca-fiesta-navidad\/#primaryimage\"},\"thumbnailUrl\":\"https:\/\/allflamenco.net\/wp-content\/uploads\/2023\/11\/Zambomba-flamenca-en-Jerez.jpg\",\"articleSection\":[\"Top Flamenco\",\"What's New\"],\"inLanguage\":\"en-US\"},{\"@type\":\"WebPage\",\"@id\":\"https:\/\/allflamenco.net\/en\/blog\/zambomba-flamenca-fiesta-navidad\/\",\"url\":\"https:\/\/allflamenco.net\/en\/blog\/zambomba-flamenca-fiesta-navidad\/\",\"name\":\"Zambomba Flamenca: A Genuine Christmas Party - ALL FLAMENCO\",\"isPartOf\":{\"@id\":\"https:\/\/allflamenco.net\/en\/#website\"},\"primaryImageOfPage\":{\"@id\":\"https:\/\/allflamenco.net\/en\/blog\/zambomba-flamenca-fiesta-navidad\/#primaryimage\"},\"image\":{\"@id\":\"https:\/\/allflamenco.net\/en\/blog\/zambomba-flamenca-fiesta-navidad\/#primaryimage\"},\"thumbnailUrl\":\"https:\/\/allflamenco.net\/wp-content\/uploads\/2023\/11\/Zambomba-flamenca-en-Jerez.jpg\",\"datePublished\":\"2023-11-26T10:28:21+00:00\",\"dateModified\":\"2025-01-15T12:00:25+00:00\",\"description\":\"The flamenco zambomba is typical of Jerez and, at Christmas, every corner of the city sounds to the rhythm of the instrument that gives it its name.\",\"breadcrumb\":{\"@id\":\"https:\/\/allflamenco.net\/en\/blog\/zambomba-flamenca-fiesta-navidad\/#breadcrumb\"},\"inLanguage\":\"en-US\",\"potentialAction\":[{\"@type\":\"ReadAction\",\"target\":[\"https:\/\/allflamenco.net\/en\/blog\/zambomba-flamenca-fiesta-navidad\/\"]}]},{\"@type\":\"ImageObject\",\"inLanguage\":\"en-US\",\"@id\":\"https:\/\/allflamenco.net\/en\/blog\/zambomba-flamenca-fiesta-navidad\/#primaryimage\",\"url\":\"https:\/\/allflamenco.net\/wp-content\/uploads\/2023\/11\/Zambomba-flamenca-en-Jerez.jpg\",\"contentUrl\":\"https:\/\/allflamenco.net\/wp-content\/uploads\/2023\/11\/Zambomba-flamenca-en-Jerez.jpg\",\"width\":1280,\"height\":769,\"caption\":\"Zambomba flamenca en Jerez\"},{\"@type\":\"BreadcrumbList\",\"@id\":\"https:\/\/allflamenco.net\/en\/blog\/zambomba-flamenca-fiesta-navidad\/#breadcrumb\",\"itemListElement\":[{\"@type\":\"ListItem\",\"position\":1,\"name\":\"Home\",\"item\":\"https:\/\/allflamenco.net\/en\/\"},{\"@type\":\"ListItem\",\"position\":2,\"name\":\"Zambomba Flamenca: A Genuine Christmas Party\"}]},{\"@type\":\"WebSite\",\"@id\":\"https:\/\/allflamenco.net\/en\/#website\",\"url\":\"https:\/\/allflamenco.net\/en\/\",\"name\":\"ALL FLAMENCO\",\"description\":\"El canal para los amantes del flamenco\",\"publisher\":{\"@id\":\"https:\/\/allflamenco.net\/en\/#organization\"},\"potentialAction\":[{\"@type\":\"SearchAction\",\"target\":{\"@type\":\"EntryPoint\",\"urlTemplate\":\"https:\/\/allflamenco.net\/en\/?s={search_term_string}\"},\"query-input\":{\"@type\":\"PropertyValueSpecification\",\"valueRequired\":true,\"valueName\":\"search_term_string\"}}],\"inLanguage\":\"en-US\"},{\"@type\":\"Organization\",\"@id\":\"https:\/\/allflamenco.net\/en\/#organization\",\"name\":\"ALL FLAMENCO\",\"alternateName\":\"AF\",\"url\":\"https:\/\/allflamenco.net\/en\/\",\"logo\":{\"@type\":\"ImageObject\",\"inLanguage\":\"en-US\",\"@id\":\"https:\/\/allflamenco.net\/en\/#\/schema\/logo\/image\/\",\"url\":\"https:\/\/allflamenco.net\/wp-content\/uploads\/2023\/09\/logo-allflamenco.jpg\",\"contentUrl\":\"https:\/\/allflamenco.net\/wp-content\/uploads\/2023\/09\/logo-allflamenco.jpg\",\"width\":696,\"height\":696,\"caption\":\"ALL FLAMENCO\"},\"image\":{\"@id\":\"https:\/\/allflamenco.net\/en\/#\/schema\/logo\/image\/\"},\"sameAs\":[\"https:\/\/www.facebook.com\/allflamenco\",\"https:\/\/x.com\/all_flamenco\",\"https:\/\/www.instagram.com\/allflamenco\",\"https:\/\/www.pinterest.es\/allflamenco\/\",\"https:\/\/www.youtube.com\/@ALLFLAMENCO\",\"https:\/\/www.tiktok.com\/@allflamenco\"]},{\"@type\":\"Person\",\"@id\":\"https:\/\/allflamenco.net\/en\/#\/schema\/person\/d719366e7dbfec3bf209ab328be58252\",\"name\":\"operations\",\"sameAs\":[\"http:\/\/new.allflamenco.net\"]}]}<\/script>\n<!-- \/ Yoast SEO plugin. -->","yoast_head_json":{"title":"Zambomba Flamenca: A Genuine Christmas Party - ALL FLAMENCO","description":"The flamenco zambomba is typical of Jerez and, at Christmas, every corner of the city sounds to the rhythm of the instrument that gives it its name.","robots":{"index":"index","follow":"follow","max-snippet":"max-snippet:-1","max-image-preview":"max-image-preview:large","max-video-preview":"max-video-preview:-1"},"canonical":"https:\/\/allflamenco.net\/en\/blog\/zambomba-flamenca-fiesta-navidad\/","og_locale":"en_US","og_type":"article","og_title":"Zambomba Flamenca: A Genuine Christmas Party - ALL FLAMENCO","og_description":"The flamenco zambomba is typical of Jerez and, at Christmas, every corner of the city sounds to the rhythm of the instrument that gives it its name.","og_url":"https:\/\/allflamenco.net\/en\/blog\/zambomba-flamenca-fiesta-navidad\/","og_site_name":"ALL FLAMENCO","article_publisher":"https:\/\/www.facebook.com\/allflamenco","article_published_time":"2023-11-26T10:28:21+00:00","article_modified_time":"2025-01-15T12:00:25+00:00","og_image":[{"width":1280,"height":769,"url":"https:\/\/allflamenco.net\/wp-content\/uploads\/2023\/11\/Zambomba-flamenca-en-Jerez.jpg","type":"image\/jpeg"}],"author":"operations","twitter_card":"summary_large_image","twitter_creator":"@all_flamenco","twitter_site":"@all_flamenco","twitter_misc":{"Written by":"operations","Est. reading time":"19 minutes"},"schema":{"@context":"https:\/\/schema.org","@graph":[{"@type":"Article","@id":"https:\/\/allflamenco.net\/en\/blog\/zambomba-flamenca-fiesta-navidad\/#article","isPartOf":{"@id":"https:\/\/allflamenco.net\/en\/blog\/zambomba-flamenca-fiesta-navidad\/"},"author":{"name":"operations","@id":"https:\/\/allflamenco.net\/en\/#\/schema\/person\/d719366e7dbfec3bf209ab328be58252"},"headline":"Zambomba Flamenca: A Genuine Christmas Party","datePublished":"2023-11-26T10:28:21+00:00","dateModified":"2025-01-15T12:00:25+00:00","mainEntityOfPage":{"@id":"https:\/\/allflamenco.net\/en\/blog\/zambomba-flamenca-fiesta-navidad\/"},"wordCount":3862,"publisher":{"@id":"https:\/\/allflamenco.net\/en\/#organization"},"image":{"@id":"https:\/\/allflamenco.net\/en\/blog\/zambomba-flamenca-fiesta-navidad\/#primaryimage"},"thumbnailUrl":"https:\/\/allflamenco.net\/wp-content\/uploads\/2023\/11\/Zambomba-flamenca-en-Jerez.jpg","articleSection":["Top Flamenco","What's New"],"inLanguage":"en-US"},{"@type":"WebPage","@id":"https:\/\/allflamenco.net\/en\/blog\/zambomba-flamenca-fiesta-navidad\/","url":"https:\/\/allflamenco.net\/en\/blog\/zambomba-flamenca-fiesta-navidad\/","name":"Zambomba Flamenca: A Genuine Christmas Party - ALL FLAMENCO","isPartOf":{"@id":"https:\/\/allflamenco.net\/en\/#website"},"primaryImageOfPage":{"@id":"https:\/\/allflamenco.net\/en\/blog\/zambomba-flamenca-fiesta-navidad\/#primaryimage"},"image":{"@id":"https:\/\/allflamenco.net\/en\/blog\/zambomba-flamenca-fiesta-navidad\/#primaryimage"},"thumbnailUrl":"https:\/\/allflamenco.net\/wp-content\/uploads\/2023\/11\/Zambomba-flamenca-en-Jerez.jpg","datePublished":"2023-11-26T10:28:21+00:00","dateModified":"2025-01-15T12:00:25+00:00","description":"The flamenco zambomba is typical of Jerez and, at Christmas, every corner of the city sounds to the rhythm of the instrument that gives it its name.","breadcrumb":{"@id":"https:\/\/allflamenco.net\/en\/blog\/zambomba-flamenca-fiesta-navidad\/#breadcrumb"},"inLanguage":"en-US","potentialAction":[{"@type":"ReadAction","target":["https:\/\/allflamenco.net\/en\/blog\/zambomba-flamenca-fiesta-navidad\/"]}]},{"@type":"ImageObject","inLanguage":"en-US","@id":"https:\/\/allflamenco.net\/en\/blog\/zambomba-flamenca-fiesta-navidad\/#primaryimage","url":"https:\/\/allflamenco.net\/wp-content\/uploads\/2023\/11\/Zambomba-flamenca-en-Jerez.jpg","contentUrl":"https:\/\/allflamenco.net\/wp-content\/uploads\/2023\/11\/Zambomba-flamenca-en-Jerez.jpg","width":1280,"height":769,"caption":"Zambomba flamenca en Jerez"},{"@type":"BreadcrumbList","@id":"https:\/\/allflamenco.net\/en\/blog\/zambomba-flamenca-fiesta-navidad\/#breadcrumb","itemListElement":[{"@type":"ListItem","position":1,"name":"Home","item":"https:\/\/allflamenco.net\/en\/"},{"@type":"ListItem","position":2,"name":"Zambomba Flamenca: A Genuine Christmas Party"}]},{"@type":"WebSite","@id":"https:\/\/allflamenco.net\/en\/#website","url":"https:\/\/allflamenco.net\/en\/","name":"ALL FLAMENCO","description":"El canal para los amantes del flamenco","publisher":{"@id":"https:\/\/allflamenco.net\/en\/#organization"},"potentialAction":[{"@type":"SearchAction","target":{"@type":"EntryPoint","urlTemplate":"https:\/\/allflamenco.net\/en\/?s={search_term_string}"},"query-input":{"@type":"PropertyValueSpecification","valueRequired":true,"valueName":"search_term_string"}}],"inLanguage":"en-US"},{"@type":"Organization","@id":"https:\/\/allflamenco.net\/en\/#organization","name":"ALL FLAMENCO","alternateName":"AF","url":"https:\/\/allflamenco.net\/en\/","logo":{"@type":"ImageObject","inLanguage":"en-US","@id":"https:\/\/allflamenco.net\/en\/#\/schema\/logo\/image\/","url":"https:\/\/allflamenco.net\/wp-content\/uploads\/2023\/09\/logo-allflamenco.jpg","contentUrl":"https:\/\/allflamenco.net\/wp-content\/uploads\/2023\/09\/logo-allflamenco.jpg","width":696,"height":696,"caption":"ALL FLAMENCO"},"image":{"@id":"https:\/\/allflamenco.net\/en\/#\/schema\/logo\/image\/"},"sameAs":["https:\/\/www.facebook.com\/allflamenco","https:\/\/x.com\/all_flamenco","https:\/\/www.instagram.com\/allflamenco","https:\/\/www.pinterest.es\/allflamenco\/","https:\/\/www.youtube.com\/@ALLFLAMENCO","https:\/\/www.tiktok.com\/@allflamenco"]},{"@type":"Person","@id":"https:\/\/allflamenco.net\/en\/#\/schema\/person\/d719366e7dbfec3bf209ab328be58252","name":"operations","sameAs":["http:\/\/new.allflamenco.net"]}]}},"_links":{"self":[{"href":"https:\/\/allflamenco.net\/en\/wp-json\/wp\/v2\/posts\/403698","targetHints":{"allow":["GET"]}}],"collection":[{"href":"https:\/\/allflamenco.net\/en\/wp-json\/wp\/v2\/posts"}],"about":[{"href":"https:\/\/allflamenco.net\/en\/wp-json\/wp\/v2\/types\/post"}],"author":[{"embeddable":true,"href":"https:\/\/allflamenco.net\/en\/wp-json\/wp\/v2\/users\/1"}],"replies":[{"embeddable":true,"href":"https:\/\/allflamenco.net\/en\/wp-json\/wp\/v2\/comments?post=403698"}],"version-history":[{"count":23,"href":"https:\/\/allflamenco.net\/en\/wp-json\/wp\/v2\/posts\/403698\/revisions"}],"predecessor-version":[{"id":407311,"href":"https:\/\/allflamenco.net\/en\/wp-json\/wp\/v2\/posts\/403698\/revisions\/407311"}],"wp:featuredmedia":[{"embeddable":true,"href":"https:\/\/allflamenco.net\/en\/wp-json\/wp\/v2\/media\/403657"}],"wp:attachment":[{"href":"https:\/\/allflamenco.net\/en\/wp-json\/wp\/v2\/media?parent=403698"}],"wp:term":[{"taxonomy":"category","embeddable":true,"href":"https:\/\/allflamenco.net\/en\/wp-json\/wp\/v2\/categories?post=403698"},{"taxonomy":"post_tag","embeddable":true,"href":"https:\/\/allflamenco.net\/en\/wp-json\/wp\/v2\/tags?post=403698"}],"curies":[{"name":"wp","href":"https:\/\/api.w.org\/{rel}","templated":true}]}}