{"id":403391,"date":"2023-10-30T08:27:22","date_gmt":"2023-10-30T07:27:22","guid":{"rendered":"https:\/\/allflamenco.net\/golden-key-of-the-singing\/"},"modified":"2023-11-17T23:30:10","modified_gmt":"2023-11-17T22:30:10","slug":"golden-key-of-the-singing","status":"publish","type":"post","link":"https:\/\/allflamenco.net\/en\/blog\/golden-key-of-the-singing\/","title":{"rendered":"Golden Key to Singing: Almost Two Centuries of Controversy"},"content":{"rendered":"<p>[et_pb_section fb_built=&#8221;1&#8243; admin_label=&#8221;Social Sharing Buttons &#8221; _builder_version=&#8221;4.21.0&#8243; custom_margin=&#8221;0px|0px|0px|0px|true|true&#8221; custom_padding=&#8221;0px|0px|10px|0px|false|true&#8221; global_colors_info=&#8221;{}&#8221;][et_pb_row _builder_version=&#8221;4.21.0&#8243; background_size=&#8221;initial&#8221; background_position=&#8221;top_left&#8221; background_repeat=&#8221;repeat&#8221; max_width=&#8221;1280px&#8221; custom_padding=&#8221;0px|0px|0px|0px|false|false&#8221; global_colors_info=&#8221;{}&#8221;][et_pb_column type=&#8221;4_4&#8243; _builder_version=&#8221;4.21.0&#8243; _module_preset=&#8221;default&#8221; global_colors_info=&#8221;{}&#8221;][dssb_sharing_buttons icon_placement=&#8221;icon&#8221; columns=&#8221;6&#8243; icon_width=&#8221;fixed&#8221; alignment=&#8221;left&#8221; icon_color=&#8221;#111111&#8243; use_custom_icon_size=&#8221;on&#8221; icon_font_size=&#8221;16px&#8221; icon_bg=&#8221;#f4f4f4&#8243; _builder_version=&#8221;4.21.0&#8243; _module_preset=&#8221;default&#8221; border_radii_main=&#8221;on|4px|4px|4px|4px&#8221; border_radii_icon=&#8221;on|4px|4px|4px|4px&#8221; border_width_all_icon=&#8221;1px&#8221; border_color_all_icon=&#8221;#f4f4f4&#8243; border_color_all_icon_last_edited=&#8221;off|desktop&#8221; global_colors_info=&#8221;{}&#8221; border_color_all_icon__hover_enabled=&#8221;on|hover&#8221; border_color_all_icon__hover=&#8221;#111111&#8243;][dssb_sharing_button _builder_version=&#8221;4.21.0&#8243; _module_preset=&#8221;default&#8221; global_colors_info=&#8221;{}&#8221;][\/dssb_sharing_button][dssb_sharing_button social_network=&#8221;twitter&#8221; _builder_version=&#8221;4.21.0&#8243; _module_preset=&#8221;default&#8221; global_colors_info=&#8221;{}&#8221;][\/dssb_sharing_button][dssb_sharing_button social_network=&#8221;whatsapp&#8221; _builder_version=&#8221;4.21.0&#8243; _module_preset=&#8221;default&#8221; global_colors_info=&#8221;{}&#8221;][\/dssb_sharing_button][dssb_sharing_button social_network=&#8221;telegram&#8221; _builder_version=&#8221;4.21.0&#8243; _module_preset=&#8221;default&#8221; global_colors_info=&#8221;{}&#8221;][\/dssb_sharing_button][dssb_sharing_button social_network=&#8221;email&#8221; _builder_version=&#8221;4.21.0&#8243; _module_preset=&#8221;default&#8221; global_colors_info=&#8221;{}&#8221;][\/dssb_sharing_button][dssb_sharing_button social_network=&#8221;copy&#8221; _builder_version=&#8221;4.21.0&#8243; _module_preset=&#8221;default&#8221; global_colors_info=&#8221;{}&#8221;][\/dssb_sharing_button][\/dssb_sharing_buttons][\/et_pb_column][\/et_pb_row][\/et_pb_section][et_pb_section fb_built=&#8221;1&#8243; admin_label=&#8221;Header&#8221; _builder_version=&#8221;4.22.1&#8243; _module_preset=&#8221;default&#8221; background_color=&#8221;gcid-67960745-cc0c-4d73-b86b-ef2d6023be78&#8243; custom_margin=&#8221;1%||0px||false|false&#8221; custom_padding=&#8221;||0px||false|false&#8221; locked=&#8221;off&#8221; collapsed=&#8221;on&#8221; global_colors_info=&#8221;{%22gcid-67960745-cc0c-4d73-b86b-ef2d6023be78%22:%91%22background_color%22%93}&#8221;][et_pb_row _builder_version=&#8221;4.22.1&#8243; _module_preset=&#8221;default&#8221; global_colors_info=&#8221;{}&#8221;][et_pb_column type=&#8221;4_4&#8243; _builder_version=&#8221;4.22.1&#8243; _module_preset=&#8221;default&#8221; global_colors_info=&#8221;{}&#8221;][et_pb_text _builder_version=&#8221;4.22.1&#8243; _module_preset=&#8221;aa5b14eb-2645-41dc-ab60-cf6b348c2f39&#8243; text_font=&#8221;Domine||||||||&#8221; text_text_color=&#8221;#000000&#8243; text_font_size=&#8221;25px&#8221; text_line_height=&#8221;35em&#8221; background_layout=&#8221;dark&#8221; global_colors_info=&#8221;{}&#8221;]<\/p>\n<p>There are only 5 singers who have been awarded this Golden Key. But none of these names have been spared from ugly accusations. Perhaps, the current key, that of the great Fosforito, is the only one that makes every fan agree. And let&#8217;s take note: candidates are already being moved, living and dead, for the next key with a lot of debate on. <\/p>\n<p>[\/et_pb_text][et_pb_image src=&#8221;@ET-DC@eyJkeW5hbWljIjp0cnVlLCJjb250ZW50IjoicG9zdF9mZWF0dXJlZF9pbWFnZSIsInNldHRpbmdzIjp7fX0=@&#8221; _builder_version=&#8221;4.22.1&#8243; _dynamic_attributes=&#8221;src&#8221; _module_preset=&#8221;default&#8221; enable_caption_text=&#8221;on&#8221; image_caption_font=&#8221;Domine||||||||&#8221; image_caption_color=&#8221;#000000&#8243; image_caption_size=&#8221;12px&#8221; image_caption_lineheight=&#8221;1.5em&#8221; image_caption_alignment=&#8221;left&#8221; global_colors_info=&#8221;{}&#8221;][\/et_pb_image][\/et_pb_column][\/et_pb_row][\/et_pb_section][et_pb_section fb_built=&#8221;1&#8243; admin_label=&#8221;About&#8221; _builder_version=&#8221;4.22.1&#8243; _module_preset=&#8221;default&#8221; background_enable_color=&#8221;off&#8221; custom_margin=&#8221;1%||1%||false|false&#8221; custom_padding=&#8221;1%||1%||false|false&#8221; collapsed=&#8221;on&#8221; global_colors_info=&#8221;{%22gcid-67960745-cc0c-4d73-b86b-ef2d6023be78%22:%91%22background_color%22%93}&#8221;][et_pb_row column_structure=&#8221;3_5,2_5&#8243; _builder_version=&#8221;4.20.0&#8243; _module_preset=&#8221;default&#8221; global_colors_info=&#8221;{}&#8221;][et_pb_column type=&#8221;3_5&#8243; _builder_version=&#8221;4.20.0&#8243; _module_preset=&#8221;default&#8221; global_colors_info=&#8221;{}&#8221;][et_pb_text _builder_version=&#8221;4.22.1&#8243; _module_preset=&#8221;e29bfea1-35c6-4a81-a8a4-a5f637d8c143&#8243; text_font=&#8221;Domine||||||||&#8221; text_font_size=&#8221;20px&#8221; text_line_height=&#8221;32em&#8221; global_colors_info=&#8221;{}&#8221;]<\/p>\n<p>It is not known who created it, nor has its concession been without controversy. But the Golden Key of Singing, despite having only 5 winners of it, is the Nobel Prize of flamenco. <span><\/span><\/p>\n<p>It seems that it was General Sanchez Mira who delivered the first <a href=\"https:\/\/allflamenco.net\/en\/blog\/origin-of-flamenco-5-stories\/\" target=\"_blank\" rel=\"noopener\">Golden Key of Cante to Tom\u00e1s El Nitri in 1868.<\/a> Another line of investigation states that it was some fans of El Nitri, on a flamenco party, who would give it to him as a joke.<\/p>\n<p>More doubts. It is also not known in which Andalusian town this handing over of the key took place. Studies by flamencologists such as Gonzalo Rojo assure that it was in Malaga. <\/p>\n<p>El Nitri was the gypsy singer of the era of the singing caf\u00e9s. He got along badly with Silverio Franconetti, another great but payo. Gypsy flamenco vs. payo flamenco is a classic confrontation between some sectors of flamenco. When the Nitri was proclaimed the &#8220;king of the cantes&#8221;, it was clear that the orthodox jondura had won the day. <\/p>\n<p>[\/et_pb_text][et_pb_text _builder_version=&#8221;4.22.1&#8243; _module_preset=&#8221;default&#8221; text_text_color=&#8221;#000000&#8243; text_font_size=&#8221;20px&#8221; text_line_height=&#8221;32em&#8221; global_colors_info=&#8221;{}&#8221;]<\/p>\n<h2 _msttexthash=\"1043289\" _msthash=\"95\" _mstvisible=\"4\">The Second Key and the Shadow of Suspicion<\/h2>\n<p _msttexthash=\"244809539\" _msthash=\"96\" _mstvisible=\"4\"><span _mstmutation=\"1\" _msttexthash=\"150124598\" _msthash=\"359\" _mstvisible=\"5\"><span _mstmutation=\"1\" _msttexthash=\"44754541\" _msthash=\"366\" _mstvisible=\"6\">Until El Nitri passed away, there could be no other king of singing. The Golden Key would not have the same relevance if it were held by several singers. <\/span><\/span><\/p>\n<p _msttexthash=\"244809539\" _msthash=\"96\" _mstvisible=\"4\"><span _mstmutation=\"1\" _msttexthash=\"150124598\" _msthash=\"359\" _mstvisible=\"5\"><span _mstmutation=\"1\" _msttexthash=\"44754541\" _msthash=\"366\" _mstvisible=\"6\">However, at his death (in 1877), that title seemed to be forgotten. <\/span><\/span><\/p>\n<p _msttexthash=\"244809539\" _msthash=\"96\" _mstvisible=\"4\"><span _mstmutation=\"1\" _msttexthash=\"150124598\" _msthash=\"359\" _mstvisible=\"5\"><span _mstmutation=\"1\" _msttexthash=\"44754541\" _msthash=\"366\" _mstvisible=\"6\">The owner of the Teatro Pav\u00f3n in Madrid had created a prize for singing, the Copa Pav\u00f3n, which premiered in 1925. This cup was intended to take advantage of the success of the <a href=\"https:\/\/allflamenco.net\/en\/blog\/1922-cante-jondo\/\">1922 Falla and Lorca Competition.<\/a> <\/span><span _msttexthash=\"32935708\" _msthash=\"368\" _mstvisible=\"6\">El Ni\u00f1o de Escacena, Pepe Marchena, el Cojo de M\u00e1laga, El Mochuelo, and Manuel Vallejo competed for the award. El Ni\u00f1o de Escacena, Pepe Marchena, el Cojo de M\u00e1laga, El Mochuelo, and Manuel Vallejo competed for the award. The president of the jury was Antonio Chac\u00f3n. <\/span><\/span><\/p>\n<p _msttexthash=\"34639722\" _msthash=\"96\" _mstvisible=\"4\"><span _mstmutation=\"1\" _msttexthash=\"101118589\" _msthash=\"359\" _mstvisible=\"5\"><span _mstmutation=\"1\" _msttexthash=\"20135570\" _msthash=\"367\" _mstvisible=\"6\"><span _mstmutation=\"1\" _msttexthash=\"29751982\" _msthash=\"426\" _mstvisible=\"7\">The mess was made with the Cup in &#8217;26. A master of the saeta, Manuel Centeno, won. This decision did not please either the public or the president of the jury, again Antonio Chac\u00f3n. Not because Centeno sang badly, on the contrary&#8230; If not because Vallejo presented himself again and the people wanted him to take that cup again. <\/span><\/span><\/span><\/p>\n<p _msttexthash=\"34639722\" _msthash=\"96\" _mstvisible=\"4\"><span _mstmutation=\"1\" _msttexthash=\"101118589\" _msthash=\"359\" _mstvisible=\"5\"><span _mstmutation=\"1\" _msttexthash=\"20135570\" _msthash=\"367\" _mstvisible=\"6\"><span _mstmutation=\"1\" _msttexthash=\"29751982\" _msthash=\"426\" _mstvisible=\"7\">This time, Antonio Chac\u00f3n mounted a whole campaign in favor of Manuel Vallejo. What prize could be more than that of the Pav\u00f3n Theater? Well, one of a great like Nitri: Chac\u00f3n and his many followers took that Golden Key of Cante from oblivion to give it to Manuel Vallejo in <\/span><\/span><\/span><span _mstmutation=\"1\" _msttexthash=\"135302583\" _msthash=\"402\" _mstvisible=\"5\"><span _mstmutation=\"1\" _msttexthash=\"499382\" _msthash=\"421\" _mstvisible=\"6\">1926.  <\/span><\/span><\/p>\n<p _msttexthash=\"34639722\" _msthash=\"96\" _mstvisible=\"4\"><span _mstmutation=\"1\" _msttexthash=\"135302583\" _msthash=\"402\" _mstvisible=\"5\"><span _mstmutation=\"1\" _msttexthash=\"499382\" _msthash=\"421\" _mstvisible=\"6\">It was given to him by Manuel Torre himself, one of the geniuses of singing. Because of his exceptional artistry, Torre might have been a better candidate for that trophy, many experts say. The Pav\u00f3n Cup was never held again. <\/span><\/span><\/p>\n<p _msttexthash=\"34639722\" _msthash=\"96\" _mstvisible=\"4\"><span _mstmutation=\"1\" _msttexthash=\"135302583\" _msthash=\"402\" _mstvisible=\"5\"><span _mstmutation=\"1\" _msttexthash=\"499382\" _msthash=\"421\" _mstvisible=\"6\"><\/span><\/span><\/p>\n<p>[\/et_pb_text][\/et_pb_column][et_pb_column type=&#8221;2_5&#8243; _builder_version=&#8221;4.20.0&#8243; _module_preset=&#8221;default&#8221; global_colors_info=&#8221;{}&#8221;][et_pb_image src=&#8221;https:\/\/allflamenco.net\/wp-content\/uploads\/2023\/10\/Nitri.jpg&#8221; alt=&#8221;Tom\u00e1s El Nitri. Golden Key to Singing&#8221; title_text=&#8221;Nitri&#8221; _builder_version=&#8221;4.22.1&#8243; _module_preset=&#8221;default&#8221; enable_caption_text=&#8221;on&#8221; image_caption_font=&#8221;Domine||||||||&#8221; image_caption_color=&#8221;#000000&#8243; image_caption_size=&#8221;12px&#8221; image_caption_lineheight=&#8221;1.5em&#8221; image_caption_alignment=&#8221;left&#8221; global_colors_info=&#8221;{}&#8221;][\/et_pb_image][et_pb_image src=&#8221;https:\/\/allflamenco.net\/wp-content\/uploads\/2023\/10\/grabaciones-discos-pizarra-ano-1930-1.jpg&#8221; alt=&#8221;Vallejo&apos;s blackboard recording in 1930.&#8221; title_text=&#8221;Recordings Discs Pizarra 1930&#8243; _builder_version=&#8221;4.22.1&#8243; _module_preset=&#8221;default&#8221; enable_caption_text=&#8221;on&#8221; image_caption_font=&#8221;Domine||||||||&#8221; image_caption_color=&#8221;#000000&#8243; image_caption_size=&#8221;12px&#8221; image_caption_lineheight=&#8221;1.5em&#8221; image_caption_alignment=&#8221;left&#8221; global_colors_info=&#8221;{}&#8221;][\/et_pb_image][\/et_pb_column][\/et_pb_row][\/et_pb_section][et_pb_section fb_built=&#8221;1&#8243; _builder_version=&#8221;4.22.1&#8243; _module_preset=&#8221;default&#8221; custom_margin=&#8221;1%||1%||false|false&#8221; custom_padding=&#8221;1%||1%||false|false&#8221; border_width_all=&#8221;1px&#8221; border_color_all=&#8221;#8300E9&#8243; global_colors_info=&#8221;{}&#8221;][et_pb_row _builder_version=&#8221;4.22.1&#8243; _module_preset=&#8221;default&#8221; global_colors_info=&#8221;{}&#8221;][et_pb_column type=&#8221;4_4&#8243; _builder_version=&#8221;4.22.1&#8243; _module_preset=&#8221;default&#8221; global_colors_info=&#8221;{}&#8221;][et_pb_text _builder_version=&#8221;4.22.1&#8243; _module_preset=&#8221;e29bfea1-35c6-4a81-a8a4-a5f637d8c143&#8243; text_font=&#8221;Domine||||||||&#8221; text_font_size=&#8221;20px&#8221; text_line_height=&#8221;32em&#8221; header_2_font=&#8221;Domine|700|||||||&#8221; header_2_text_color=&#8221;#000000&#8243; global_colors_info=&#8221;{}&#8221;]<\/p>\n<h2 _mstvisible=\"4\" _msttexthash=\"1841450\" _msthash=\"7427\"><span _msttexthash=\"1626209\" _msthash=\"7203\" _mstvisible=\"5\">Third Golden Key of Cante and the possible &#8220;tongo&#8221;<\/span><\/h2>\n<p _mstvisible=\"4\" _msttexthash=\"39713752\" _msthash=\"7427\">The third key also gave, and continues to give, a lot to talk about. Why?<\/p>\n<p _mstvisible=\"4\" _msttexthash=\"39713752\" _msthash=\"7427\">In the 1950s, tablaos gave way to caf\u00e9s cantantes. Flamenco became fashionable on radio stations and venues with a more popular style. In response to this flamenco and not pure art, following the spirit of the contest of &#8217;22, the National Flamenco Singing Competition was created in C\u00f3rdoba, which would later become the National Flamenco Art Competition. <\/p>\n<p _mstvisible=\"4\" _msttexthash=\"39713752\" _msthash=\"7427\">Therefore, the purpose of this contest was to rescue the lost purity, the primitivism of the old cante jondo. Ricardo Molina and Anselmo Gonz\u00e1lez Climent, poets and flamenco lovers, promoted this festival with the support of the City Council of Cordoba. The first edition was in 1955. <\/p>\n<p _mstvisible=\"4\" _msttexthash=\"39713752\" _msthash=\"7427\">In the second edition of the contest (1959), the overall winner was Fosforito, who won first prize in the four sections of the contest: seguiriyas, soleares, malague\u00f1as and fandangos. In the third edition, in 1962, Juan Varea, Antonio Fern\u00e1ndez D\u00edaz Fosforito, Antonio N\u00fa\u00f1ez Montoya Chocolate, Platerito de Alcal\u00e1 and Antonio Mairena participated.<\/p>\n<p _mstvisible=\"4\" _msttexthash=\"39713752\" _msthash=\"7427\">\n<p _mstvisible=\"4\" _msttexthash=\"39713752\" _msthash=\"7427\">And it was in that third contest when the organization, led by Ricardo Molina, came up with the idea of rescuing the Golden Key. <a href=\"https:\/\/allflamenco.net\/en\/blog\/antonio-mairena-biography-part-i\/\" target=\"_blank\" rel=\"noopener\" _msttexthash=\"887029\" _msthash=\"7609\">It was awarded to Antonio Mairena,<\/a><span _mstmutation=\"1\" _msttexthash=\"15861924\" _msthash=\"7610\"> which definitively boosted his figure in the face of his artistic &#8220;enemy&#8221; who was already retiring, Manolo Caracol. Por cierto, un gesto del \u00e1mbito flamenco que apoyaba un arte m\u00e1s ortodoxo y, de paso, el <em>mairenismo<\/em>. Something that made a lot of sense if one remembers why this contest was founded. <\/span><\/p>\n<p _mstvisible=\"4\" _msttexthash=\"14681641\" _msthash=\"7427\">Something that made a lot of sense if one remembers why this contest was founded. One, that in that contest there were figures such as La Ni\u00f1a de los Peines, who was given a &#8220;move&#8221; so that she would not appear in C\u00f3rdoba during the event (they tell it <a href=\"https:\/\/amecopress.net\/Peticion-de-la-Llave-de-Oro-del-Cante-para-Pastora-Pavon-Nina-de-los-Peines-galardon-que-hasta-la-fecha-no-ha-recibido-ninguna-mujer\">very well here).<\/a><\/p>\n<p _mstvisible=\"4\" _msttexthash=\"14681641\" _msthash=\"7427\">Another was that Mairena was not yet at the level of other artists who presented themselves, such as Fosforito himself. And yet another, which Ricardo Molina had already dropped in conversations and letters that Mairena was going to win&#8230; <a href=\"https:\/\/teatrocordoba.es\/cnaf\/ediciones-anteriores\/iii-1-962\/\">This is what the event itself assures. <\/a><\/p>\n<p _mstvisible=\"4\" _msttexthash=\"14681641\" _msthash=\"7427\">Of course, whether or not he deserved to be named the greatest in 1962, with Mairena, the Golden Key of Cante gained height and relevance. <\/p>\n<p _mstvisible=\"4\" _msttexthash=\"57811\" _msthash=\"7427\">\n<p _mstvisible=\"4\" _msttexthash=\"57811\" _msthash=\"7427\">\n<p>[\/et_pb_text][et_pb_image src=&#8221;https:\/\/allflamenco.net\/wp-content\/uploads\/2023\/10\/LLave-de-Mairena.jpg&#8221; alt=&#8221;Llave de Oro for Mairena&apos;s singing in 1962. &#8221; title_text=&#8221;LLave de Mairena&#8221; _builder_version=&#8221;4.22.1&#8243; _module_preset=&#8221;default&#8221; hover_enabled=&#8221;0&#8243; enable_caption_text=&#8221;on&#8221; image_caption_font=&#8221;Domine||||||||&#8221; image_caption_color=&#8221;#000000&#8243; image_caption_size=&#8221;12px&#8221; image_caption_lineheight=&#8221;1.5em&#8221; image_caption_alignment=&#8221;left&#8221; global_colors_info=&#8221;{}&#8221; sticky_enabled=&#8221;0&#8243;][\/et_pb_image][\/et_pb_column][\/et_pb_row][\/et_pb_section][et_pb_section fb_built=&#8221;1&#8243; _builder_version=&#8221;4.22.1&#8243; _module_preset=&#8221;default&#8221; custom_margin=&#8221;1%||1%||false|false&#8221; custom_padding=&#8221;1%||1%||false|false&#8221; global_colors_info=&#8221;{}&#8221;][et_pb_row _builder_version=&#8221;4.22.1&#8243; _module_preset=&#8221;default&#8221; global_colors_info=&#8221;{}&#8221;][et_pb_column type=&#8221;4_4&#8243; _builder_version=&#8221;4.20.0&#8243; _module_preset=&#8221;default&#8221; global_colors_info=&#8221;{}&#8221;][et_pb_text _builder_version=&#8221;4.22.1&#8243; _module_preset=&#8221;default&#8221; global_colors_info=&#8221;{}&#8221;]<\/p>\n<p>Francisco Valdecillos, that great flamencologist and the first advisor to the Junta on flamenco matters that he left us in 1990, explains what that second Golden Key of Cante meant for Mairena:<\/p>\n<p><em>&#8220;Antonio knew many things about Nitri and of course, winning the golden key that the Nitri had possessed \u2013 although the Nitri was not gold but iron \u2013 was undoubtedly a reason for joy,&#8221;<\/em> he explained of that award given just 100 years after the first key. Because Mairena admired the Nitri.<\/p>\n<p>Manuel Cepero Molina, of the Machado Foundation, wrote: <em>&#8220;It is not unreasonable to say, in my humble opinion, that the golden key, the true Key of Cante, is the one given in Cordoba. Because it is C\u00f3rdoba and it is Antonio Mairena who gives the key the true meaning that it has, or that it has had, or that, in some way, it should have today.&#8221; <\/em><\/p>\n<p>[\/et_pb_text][et_pb_video src=&#8221;https:\/\/youtu.be\/mmvRUIqPFHY?si=NaIiQN_ADK0ZXslI&#8221; image_src=&#8221;https:\/\/allflamenco.net\/wp-content\/uploads\/2023\/09\/AmairenaArco-e1693932192430.jpg&#8221; _builder_version=&#8221;4.22.1&#8243; _module_preset=&#8221;default&#8221; global_colors_info=&#8221;{}&#8221;][\/et_pb_video][et_pb_testimonial _builder_version=&#8221;4.22.1&#8243; _module_preset=&#8221;default&#8221; body_font=&#8221;Domine||||||||&#8221; body_text_color=&#8221;#000000&#8243; body_font_size=&#8221;18px&#8221; global_colors_info=&#8221;{}&#8221;]<\/p>\n<p>There is a key planned for the touch, and it was said that they would give it to Manolo Sanl\u00facar. So far, nothing at all. There is a queen of dance, Matilde Coral, who has held it since 1972, for being, without a doubt, a teacher and a reference. <\/p>\n<p>[\/et_pb_testimonial][\/et_pb_column][\/et_pb_row][\/et_pb_section][et_pb_section fb_built=&#8221;1&#8243; _builder_version=&#8221;4.22.1&#8243; _module_preset=&#8221;default&#8221; custom_margin=&#8221;1%||1%||false|false&#8221; custom_padding=&#8221;1%||1%||false|false&#8221; global_colors_info=&#8221;{}&#8221;][et_pb_row _builder_version=&#8221;4.22.1&#8243; _module_preset=&#8221;default&#8221; global_colors_info=&#8221;{}&#8221;][et_pb_column type=&#8221;4_4&#8243; _builder_version=&#8221;4.22.1&#8243; _module_preset=&#8221;default&#8221; global_colors_info=&#8221;{}&#8221;][et_pb_text _builder_version=&#8221;4.22.1&#8243; _module_preset=&#8221;e29bfea1-35c6-4a81-a8a4-a5f637d8c143&#8243; text_font=&#8221;Domine||||||||&#8221; text_font_size=&#8221;20px&#8221; text_line_height=&#8221;32em&#8221; header_2_font=&#8221;Domine|700|||||||&#8221; header_2_text_color=&#8221;#000000&#8243; hover_enabled=&#8221;0&#8243; global_colors_info=&#8221;{}&#8221; background_layout=&#8221;dark&#8221; sticky_enabled=&#8221;0&#8243;]<\/p>\n<h2>The Junta de Andaluc\u00eda takes the reins<\/h2>\n<p>With so much mess in these keys, and given the relevance that this award took with Mairena, the Junta de Andaluc\u00eda took charge in 1984 of all aspects of its delivery. He appointed a commission of experts and made his first decision: in 2001, he handed over <a href=\"https:\/\/allflamenco.net\/en\/blog\/camaron-de-la-isla\/\">the reign of cante to Camar\u00f3n de la Isla on the anniversary of his death:<\/a><\/p>\n<p><em>&#8220;By awarding the Golden Key of Cante, posthumously, to Jos\u00e9 Monge Cruz, the vitality of his legacy and his contribution to the work of an entire generation of flamenco artists is valued, and it is taken into account that this award has been awarded throughout history, with this one, four times, and each one for a different reason, to artists who at the time of their reception opened paths to flamenco in different ways.&#8221; <\/em>Text of the Official Gazette of the Junta de Andaluc\u00eda.<\/p>\n<p>Again, controversy. Artists and fans debated whether this posthumous appointment made sense. In any case, a manifesto of support was signed by more than 5,000 artists. Purists who didn&#8217;t see this decision clearly had no choice but to take it.[\/et_pb_text][et_pb_text _builder_version=&#8221;4.22.1&#8243; _module_preset=&#8221;e29bfea1-35c6-4a81-a8a4-a5f637d8c143&#8243; text_font=&#8221;Domine||||||||&#8221; text_font_size=&#8221;20px&#8221; text_line_height=&#8221;32em&#8221; header_2_font=&#8221;Domine|700|||||||&#8221; header_2_text_color=&#8221;#000000&#8243; global_colors_info=&#8221;{}&#8221;]<\/p>\n<h2><span>The fifth, that of Fosforito, the most unanimous<\/span><\/h2>\n<p>A little late (since that contest in &#8217;56&#8230;), Fosforito would say, but they gave him his well-deserved key. The official request was from the <span>Provincial Council of M\u00e1laga. That was in 2005. <\/span><\/p>\n<p>Few deny that he deserves it, not only for his style, his jondura and voice, but also for his work of rescuing forgotten songs. <a href=\"https:\/\/allflamenco.net\/en\/blog\/centro-flamenco-fosforito\/\">His key can be seen in his house-museum. <\/a><\/p>\n<p><span><\/span><\/p>\n<p>[\/et_pb_text][et_pb_image src=&#8221;https:\/\/allflamenco.net\/wp-content\/uploads\/2023\/10\/Llave-del-Cante-que-hoy-sigue-teniendo-Fosforito.jpg&#8221; alt=&#8221;Key to Cante that Fosforito still has today&#8221; title_text=&#8221;Key to Cante that Fosforito still has today&#8221; _builder_version=&#8221;4.22.1&#8243; _module_preset=&#8221;default&#8221; hover_enabled=&#8221;0&#8243; enable_caption_text=&#8221;on&#8221; image_caption_font=&#8221;Domine||||||||&#8221; image_caption_color=&#8221;#000000&#8243; image_caption_size=&#8221;12px&#8221; image_caption_lineheight=&#8221;1.5em&#8221; image_caption_alignment=&#8221;left&#8221; global_colors_info=&#8221;{}&#8221; sticky_enabled=&#8221;0&#8243;][\/et_pb_image][\/et_pb_column][\/et_pb_row][\/et_pb_section][et_pb_section fb_built=&#8221;1&#8243; _builder_version=&#8221;4.22.1&#8243; _module_preset=&#8221;default&#8221; background_color=&#8221;rgba(171,197,209,0.23)&#8221; custom_margin=&#8221;1%||1%||false|false&#8221; custom_padding=&#8221;1%||1%||false|false&#8221; global_colors_info=&#8221;{}&#8221;][et_pb_row _builder_version=&#8221;4.22.1&#8243; _module_preset=&#8221;default&#8221; global_colors_info=&#8221;{}&#8221;][et_pb_column type=&#8221;4_4&#8243; _builder_version=&#8221;4.22.1&#8243; _module_preset=&#8221;default&#8221; global_colors_info=&#8221;{}&#8221;][et_pb_text _builder_version=&#8221;4.22.1&#8243; _module_preset=&#8221;e29bfea1-35c6-4a81-a8a4-a5f637d8c143&#8243; text_font=&#8221;Domine||||||||&#8221; text_font_size=&#8221;20px&#8221; text_line_height=&#8221;32em&#8221; header_2_font=&#8221;Domine|700|||||||&#8221; header_2_text_color=&#8221;#000000&#8243; global_colors_info=&#8221;{}&#8221;]<\/p>\n<p>The Golden Key to Cante can only be held by one person. As we have already written in this post, it would not make sense for there to be several flamenco &#8220;kings&#8221; or &#8220;queens&#8221; of the moment. Some requests for it to be given to La Ni\u00f1a de los Peines, Manolo Caracol or Chocolate will have to wait (and hopefully a long time&#8230;).<br \/><span><\/span><\/p>\n<p>As well as the request supported by flamenco experts and artists of all kinds, such as Carmen Linares, Miguel R\u00edos, Arc\u00e1ngel or Amparanoia, <a href=\"https:\/\/allflamenco.net\/en\/blog\/nace-foundation-enrique-morente\/\">so that it is by Enrique Morente.<\/a> And the same goes for the Utrera City Council, which is going to make official its commitment to Bernarda and Fernanda de Utrera.<\/p>\n<p><b><\/b><\/p>\n<p>[\/et_pb_text][\/et_pb_column][\/et_pb_row][\/et_pb_section]<\/p>\n","protected":false},"excerpt":{"rendered":"<p>In 1868, possibly in a spree, El Nitri was given a scepter of best singer. Today, this key to the best is held by Fosforito. But nothing is very clear behind each of the 5 chosen in 200 years. We talk about this, about its possible irregularities, in this post. <\/p>\n","protected":false},"author":1,"featured_media":402455,"comment_status":"closed","ping_status":"open","sticky":false,"template":"","format":"standard","meta":{"_et_pb_use_builder":"on","_et_pb_old_content":"","_et_gb_content_width":"","footnotes":""},"categories":[158,156],"tags":[],"class_list":["post-403391","post","type-post","status-publish","format-standard","has-post-thumbnail","hentry","category-top-flamenco","category-whats-new"],"yoast_head":"<!-- This site is optimized with the Yoast SEO plugin v26.8 - https:\/\/yoast.com\/product\/yoast-seo-wordpress\/ -->\n<title>Golden Key to Singing: Almost Two Centuries of Controversy - ALL FLAMENCO<\/title>\n<meta name=\"description\" content=\"In 1868, in a spree, El Nitri was given the Golden Key of Cante. Today, he is considered the Nobel Prize winner of singing between discrepancies and &quot;tongos&quot;.\" \/>\n<meta name=\"robots\" content=\"index, follow, max-snippet:-1, max-image-preview:large, max-video-preview:-1\" \/>\n<link rel=\"canonical\" href=\"https:\/\/allflamenco.net\/en\/blog\/golden-key-of-the-singing\/\" \/>\n<meta property=\"og:locale\" content=\"en_US\" \/>\n<meta property=\"og:type\" content=\"article\" \/>\n<meta property=\"og:title\" content=\"Golden Key to Singing: Almost Two Centuries of Controversy - ALL FLAMENCO\" \/>\n<meta property=\"og:description\" content=\"In 1868, in a spree, El Nitri was given the Golden Key of Cante. Today, he is considered the Nobel Prize winner of singing between discrepancies and &quot;tongos&quot;.\" \/>\n<meta property=\"og:url\" content=\"https:\/\/allflamenco.net\/en\/blog\/golden-key-of-the-singing\/\" \/>\n<meta property=\"og:site_name\" content=\"ALL FLAMENCO\" \/>\n<meta property=\"article:publisher\" content=\"https:\/\/www.facebook.com\/allflamenco\" \/>\n<meta property=\"article:published_time\" content=\"2023-10-30T07:27:22+00:00\" \/>\n<meta property=\"article:modified_time\" content=\"2023-11-17T22:30:10+00:00\" \/>\n<meta property=\"og:image\" content=\"https:\/\/allflamenco.net\/wp-content\/uploads\/2023\/10\/Llave-de-Fosforito-otograda-en-2005-e1698652925287.jpg\" \/>\n\t<meta property=\"og:image:width\" content=\"1280\" \/>\n\t<meta property=\"og:image:height\" content=\"855\" \/>\n\t<meta property=\"og:image:type\" content=\"image\/jpeg\" \/>\n<meta name=\"author\" content=\"operations\" \/>\n<meta name=\"twitter:card\" content=\"summary_large_image\" \/>\n<meta name=\"twitter:creator\" content=\"@all_flamenco\" \/>\n<meta name=\"twitter:site\" content=\"@all_flamenco\" \/>\n<meta name=\"twitter:label1\" content=\"Written by\" \/>\n\t<meta name=\"twitter:data1\" content=\"operations\" \/>\n\t<meta name=\"twitter:label2\" content=\"Est. reading time\" \/>\n\t<meta name=\"twitter:data2\" content=\"14 minutes\" \/>\n<script type=\"application\/ld+json\" class=\"yoast-schema-graph\">{\"@context\":\"https:\/\/schema.org\",\"@graph\":[{\"@type\":\"Article\",\"@id\":\"https:\/\/allflamenco.net\/en\/blog\/golden-key-of-the-singing\/#article\",\"isPartOf\":{\"@id\":\"https:\/\/allflamenco.net\/en\/blog\/golden-key-of-the-singing\/\"},\"author\":{\"name\":\"operations\",\"@id\":\"https:\/\/allflamenco.net\/en\/#\/schema\/person\/d719366e7dbfec3bf209ab328be58252\"},\"headline\":\"Golden Key to Singing: Almost Two Centuries of Controversy\",\"datePublished\":\"2023-10-30T07:27:22+00:00\",\"dateModified\":\"2023-11-17T22:30:10+00:00\",\"mainEntityOfPage\":{\"@id\":\"https:\/\/allflamenco.net\/en\/blog\/golden-key-of-the-singing\/\"},\"wordCount\":2811,\"publisher\":{\"@id\":\"https:\/\/allflamenco.net\/en\/#organization\"},\"image\":{\"@id\":\"https:\/\/allflamenco.net\/en\/blog\/golden-key-of-the-singing\/#primaryimage\"},\"thumbnailUrl\":\"https:\/\/allflamenco.net\/wp-content\/uploads\/2023\/10\/Llave-de-Fosforito-otograda-en-2005-e1698652925287.jpg\",\"articleSection\":[\"Top Flamenco\",\"What's New\"],\"inLanguage\":\"en-US\"},{\"@type\":\"WebPage\",\"@id\":\"https:\/\/allflamenco.net\/en\/blog\/golden-key-of-the-singing\/\",\"url\":\"https:\/\/allflamenco.net\/en\/blog\/golden-key-of-the-singing\/\",\"name\":\"Golden Key to Singing: Almost Two Centuries of Controversy - ALL FLAMENCO\",\"isPartOf\":{\"@id\":\"https:\/\/allflamenco.net\/en\/#website\"},\"primaryImageOfPage\":{\"@id\":\"https:\/\/allflamenco.net\/en\/blog\/golden-key-of-the-singing\/#primaryimage\"},\"image\":{\"@id\":\"https:\/\/allflamenco.net\/en\/blog\/golden-key-of-the-singing\/#primaryimage\"},\"thumbnailUrl\":\"https:\/\/allflamenco.net\/wp-content\/uploads\/2023\/10\/Llave-de-Fosforito-otograda-en-2005-e1698652925287.jpg\",\"datePublished\":\"2023-10-30T07:27:22+00:00\",\"dateModified\":\"2023-11-17T22:30:10+00:00\",\"description\":\"In 1868, in a spree, El Nitri was given the Golden Key of Cante. Today, he is considered the Nobel Prize winner of singing between discrepancies and \\\"tongos\\\".\",\"breadcrumb\":{\"@id\":\"https:\/\/allflamenco.net\/en\/blog\/golden-key-of-the-singing\/#breadcrumb\"},\"inLanguage\":\"en-US\",\"potentialAction\":[{\"@type\":\"ReadAction\",\"target\":[\"https:\/\/allflamenco.net\/en\/blog\/golden-key-of-the-singing\/\"]}]},{\"@type\":\"ImageObject\",\"inLanguage\":\"en-US\",\"@id\":\"https:\/\/allflamenco.net\/en\/blog\/golden-key-of-the-singing\/#primaryimage\",\"url\":\"https:\/\/allflamenco.net\/wp-content\/uploads\/2023\/10\/Llave-de-Fosforito-otograda-en-2005-e1698652925287.jpg\",\"contentUrl\":\"https:\/\/allflamenco.net\/wp-content\/uploads\/2023\/10\/Llave-de-Fosforito-otograda-en-2005-e1698652925287.jpg\",\"width\":1280,\"height\":855,\"caption\":\"Llave de Fosforito, en 2005, mostrada en su museo.\"},{\"@type\":\"BreadcrumbList\",\"@id\":\"https:\/\/allflamenco.net\/en\/blog\/golden-key-of-the-singing\/#breadcrumb\",\"itemListElement\":[{\"@type\":\"ListItem\",\"position\":1,\"name\":\"Home\",\"item\":\"https:\/\/allflamenco.net\/en\/\"},{\"@type\":\"ListItem\",\"position\":2,\"name\":\"Golden Key to Singing: Almost Two Centuries of Controversy\"}]},{\"@type\":\"WebSite\",\"@id\":\"https:\/\/allflamenco.net\/en\/#website\",\"url\":\"https:\/\/allflamenco.net\/en\/\",\"name\":\"ALL FLAMENCO\",\"description\":\"El canal para los amantes del flamenco\",\"publisher\":{\"@id\":\"https:\/\/allflamenco.net\/en\/#organization\"},\"potentialAction\":[{\"@type\":\"SearchAction\",\"target\":{\"@type\":\"EntryPoint\",\"urlTemplate\":\"https:\/\/allflamenco.net\/en\/?s={search_term_string}\"},\"query-input\":{\"@type\":\"PropertyValueSpecification\",\"valueRequired\":true,\"valueName\":\"search_term_string\"}}],\"inLanguage\":\"en-US\"},{\"@type\":\"Organization\",\"@id\":\"https:\/\/allflamenco.net\/en\/#organization\",\"name\":\"ALL FLAMENCO\",\"alternateName\":\"AF\",\"url\":\"https:\/\/allflamenco.net\/en\/\",\"logo\":{\"@type\":\"ImageObject\",\"inLanguage\":\"en-US\",\"@id\":\"https:\/\/allflamenco.net\/en\/#\/schema\/logo\/image\/\",\"url\":\"https:\/\/allflamenco.net\/wp-content\/uploads\/2023\/09\/logo-allflamenco.jpg\",\"contentUrl\":\"https:\/\/allflamenco.net\/wp-content\/uploads\/2023\/09\/logo-allflamenco.jpg\",\"width\":696,\"height\":696,\"caption\":\"ALL FLAMENCO\"},\"image\":{\"@id\":\"https:\/\/allflamenco.net\/en\/#\/schema\/logo\/image\/\"},\"sameAs\":[\"https:\/\/www.facebook.com\/allflamenco\",\"https:\/\/x.com\/all_flamenco\",\"https:\/\/www.instagram.com\/allflamenco\",\"https:\/\/www.pinterest.es\/allflamenco\/\",\"https:\/\/www.youtube.com\/@ALLFLAMENCO\",\"https:\/\/www.tiktok.com\/@allflamenco\"]},{\"@type\":\"Person\",\"@id\":\"https:\/\/allflamenco.net\/en\/#\/schema\/person\/d719366e7dbfec3bf209ab328be58252\",\"name\":\"operations\",\"sameAs\":[\"http:\/\/new.allflamenco.net\"]}]}<\/script>\n<!-- \/ Yoast SEO plugin. -->","yoast_head_json":{"title":"Golden Key to Singing: Almost Two Centuries of Controversy - ALL FLAMENCO","description":"In 1868, in a spree, El Nitri was given the Golden Key of Cante. Today, he is considered the Nobel Prize winner of singing between discrepancies and \"tongos\".","robots":{"index":"index","follow":"follow","max-snippet":"max-snippet:-1","max-image-preview":"max-image-preview:large","max-video-preview":"max-video-preview:-1"},"canonical":"https:\/\/allflamenco.net\/en\/blog\/golden-key-of-the-singing\/","og_locale":"en_US","og_type":"article","og_title":"Golden Key to Singing: Almost Two Centuries of Controversy - ALL FLAMENCO","og_description":"In 1868, in a spree, El Nitri was given the Golden Key of Cante. Today, he is considered the Nobel Prize winner of singing between discrepancies and \"tongos\".","og_url":"https:\/\/allflamenco.net\/en\/blog\/golden-key-of-the-singing\/","og_site_name":"ALL FLAMENCO","article_publisher":"https:\/\/www.facebook.com\/allflamenco","article_published_time":"2023-10-30T07:27:22+00:00","article_modified_time":"2023-11-17T22:30:10+00:00","og_image":[{"width":1280,"height":855,"url":"https:\/\/allflamenco.net\/wp-content\/uploads\/2023\/10\/Llave-de-Fosforito-otograda-en-2005-e1698652925287.jpg","type":"image\/jpeg"}],"author":"operations","twitter_card":"summary_large_image","twitter_creator":"@all_flamenco","twitter_site":"@all_flamenco","twitter_misc":{"Written by":"operations","Est. reading time":"14 minutes"},"schema":{"@context":"https:\/\/schema.org","@graph":[{"@type":"Article","@id":"https:\/\/allflamenco.net\/en\/blog\/golden-key-of-the-singing\/#article","isPartOf":{"@id":"https:\/\/allflamenco.net\/en\/blog\/golden-key-of-the-singing\/"},"author":{"name":"operations","@id":"https:\/\/allflamenco.net\/en\/#\/schema\/person\/d719366e7dbfec3bf209ab328be58252"},"headline":"Golden Key to Singing: Almost Two Centuries of Controversy","datePublished":"2023-10-30T07:27:22+00:00","dateModified":"2023-11-17T22:30:10+00:00","mainEntityOfPage":{"@id":"https:\/\/allflamenco.net\/en\/blog\/golden-key-of-the-singing\/"},"wordCount":2811,"publisher":{"@id":"https:\/\/allflamenco.net\/en\/#organization"},"image":{"@id":"https:\/\/allflamenco.net\/en\/blog\/golden-key-of-the-singing\/#primaryimage"},"thumbnailUrl":"https:\/\/allflamenco.net\/wp-content\/uploads\/2023\/10\/Llave-de-Fosforito-otograda-en-2005-e1698652925287.jpg","articleSection":["Top Flamenco","What's New"],"inLanguage":"en-US"},{"@type":"WebPage","@id":"https:\/\/allflamenco.net\/en\/blog\/golden-key-of-the-singing\/","url":"https:\/\/allflamenco.net\/en\/blog\/golden-key-of-the-singing\/","name":"Golden Key to Singing: Almost Two Centuries of Controversy - ALL FLAMENCO","isPartOf":{"@id":"https:\/\/allflamenco.net\/en\/#website"},"primaryImageOfPage":{"@id":"https:\/\/allflamenco.net\/en\/blog\/golden-key-of-the-singing\/#primaryimage"},"image":{"@id":"https:\/\/allflamenco.net\/en\/blog\/golden-key-of-the-singing\/#primaryimage"},"thumbnailUrl":"https:\/\/allflamenco.net\/wp-content\/uploads\/2023\/10\/Llave-de-Fosforito-otograda-en-2005-e1698652925287.jpg","datePublished":"2023-10-30T07:27:22+00:00","dateModified":"2023-11-17T22:30:10+00:00","description":"In 1868, in a spree, El Nitri was given the Golden Key of Cante. Today, he is considered the Nobel Prize winner of singing between discrepancies and \"tongos\".","breadcrumb":{"@id":"https:\/\/allflamenco.net\/en\/blog\/golden-key-of-the-singing\/#breadcrumb"},"inLanguage":"en-US","potentialAction":[{"@type":"ReadAction","target":["https:\/\/allflamenco.net\/en\/blog\/golden-key-of-the-singing\/"]}]},{"@type":"ImageObject","inLanguage":"en-US","@id":"https:\/\/allflamenco.net\/en\/blog\/golden-key-of-the-singing\/#primaryimage","url":"https:\/\/allflamenco.net\/wp-content\/uploads\/2023\/10\/Llave-de-Fosforito-otograda-en-2005-e1698652925287.jpg","contentUrl":"https:\/\/allflamenco.net\/wp-content\/uploads\/2023\/10\/Llave-de-Fosforito-otograda-en-2005-e1698652925287.jpg","width":1280,"height":855,"caption":"Llave de Fosforito, en 2005, mostrada en su museo."},{"@type":"BreadcrumbList","@id":"https:\/\/allflamenco.net\/en\/blog\/golden-key-of-the-singing\/#breadcrumb","itemListElement":[{"@type":"ListItem","position":1,"name":"Home","item":"https:\/\/allflamenco.net\/en\/"},{"@type":"ListItem","position":2,"name":"Golden Key to Singing: Almost Two Centuries of Controversy"}]},{"@type":"WebSite","@id":"https:\/\/allflamenco.net\/en\/#website","url":"https:\/\/allflamenco.net\/en\/","name":"ALL FLAMENCO","description":"El canal para los amantes del flamenco","publisher":{"@id":"https:\/\/allflamenco.net\/en\/#organization"},"potentialAction":[{"@type":"SearchAction","target":{"@type":"EntryPoint","urlTemplate":"https:\/\/allflamenco.net\/en\/?s={search_term_string}"},"query-input":{"@type":"PropertyValueSpecification","valueRequired":true,"valueName":"search_term_string"}}],"inLanguage":"en-US"},{"@type":"Organization","@id":"https:\/\/allflamenco.net\/en\/#organization","name":"ALL FLAMENCO","alternateName":"AF","url":"https:\/\/allflamenco.net\/en\/","logo":{"@type":"ImageObject","inLanguage":"en-US","@id":"https:\/\/allflamenco.net\/en\/#\/schema\/logo\/image\/","url":"https:\/\/allflamenco.net\/wp-content\/uploads\/2023\/09\/logo-allflamenco.jpg","contentUrl":"https:\/\/allflamenco.net\/wp-content\/uploads\/2023\/09\/logo-allflamenco.jpg","width":696,"height":696,"caption":"ALL FLAMENCO"},"image":{"@id":"https:\/\/allflamenco.net\/en\/#\/schema\/logo\/image\/"},"sameAs":["https:\/\/www.facebook.com\/allflamenco","https:\/\/x.com\/all_flamenco","https:\/\/www.instagram.com\/allflamenco","https:\/\/www.pinterest.es\/allflamenco\/","https:\/\/www.youtube.com\/@ALLFLAMENCO","https:\/\/www.tiktok.com\/@allflamenco"]},{"@type":"Person","@id":"https:\/\/allflamenco.net\/en\/#\/schema\/person\/d719366e7dbfec3bf209ab328be58252","name":"operations","sameAs":["http:\/\/new.allflamenco.net"]}]}},"_links":{"self":[{"href":"https:\/\/allflamenco.net\/en\/wp-json\/wp\/v2\/posts\/403391","targetHints":{"allow":["GET"]}}],"collection":[{"href":"https:\/\/allflamenco.net\/en\/wp-json\/wp\/v2\/posts"}],"about":[{"href":"https:\/\/allflamenco.net\/en\/wp-json\/wp\/v2\/types\/post"}],"author":[{"embeddable":true,"href":"https:\/\/allflamenco.net\/en\/wp-json\/wp\/v2\/users\/1"}],"replies":[{"embeddable":true,"href":"https:\/\/allflamenco.net\/en\/wp-json\/wp\/v2\/comments?post=403391"}],"version-history":[{"count":2,"href":"https:\/\/allflamenco.net\/en\/wp-json\/wp\/v2\/posts\/403391\/revisions"}],"predecessor-version":[{"id":403393,"href":"https:\/\/allflamenco.net\/en\/wp-json\/wp\/v2\/posts\/403391\/revisions\/403393"}],"wp:featuredmedia":[{"embeddable":true,"href":"https:\/\/allflamenco.net\/en\/wp-json\/wp\/v2\/media\/402455"}],"wp:attachment":[{"href":"https:\/\/allflamenco.net\/en\/wp-json\/wp\/v2\/media?parent=403391"}],"wp:term":[{"taxonomy":"category","embeddable":true,"href":"https:\/\/allflamenco.net\/en\/wp-json\/wp\/v2\/categories?post=403391"},{"taxonomy":"post_tag","embeddable":true,"href":"https:\/\/allflamenco.net\/en\/wp-json\/wp\/v2\/tags?post=403391"}],"curies":[{"name":"wp","href":"https:\/\/api.w.org\/{rel}","templated":true}]}}