{"id":401731,"date":"2023-10-16T07:12:18","date_gmt":"2023-10-16T05:12:18","guid":{"rendered":"https:\/\/allflamenco.net\/bambino-girl-of-the-swing\/"},"modified":"2023-10-16T08:48:29","modified_gmt":"2023-10-16T08:48:29","slug":"bambino-girl-of-the-swing","status":"publish","type":"post","link":"https:\/\/allflamenco.net\/en\/blog\/bambino-girl-of-the-swing\/","title":{"rendered":"Bambino, the Girl on the Swing&#8230; and other forgotten flamenco"},"content":{"rendered":"<p>[et_pb_section fb_built=&#8221;1&#8243; admin_label=&#8221;Social Sharing Buttons &#8221; _builder_version=&#8221;4.21.0&#8243; custom_margin=&#8221;0px|0px|0px|0px|true|true&#8221; custom_padding=&#8221;0px|0px|10px|0px|false|true&#8221; global_colors_info=&#8221;{}&#8221;][et_pb_row _builder_version=&#8221;4.21.0&#8243; background_size=&#8221;initial&#8221; background_position=&#8221;top_left&#8221; background_repeat=&#8221;repeat&#8221; max_width=&#8221;1280px&#8221; custom_padding=&#8221;0px|0px|0px|0px|false|false&#8221; global_colors_info=&#8221;{}&#8221;][et_pb_column type=&#8221;4_4&#8243; _builder_version=&#8221;4.21.0&#8243; _module_preset=&#8221;default&#8221; global_colors_info=&#8221;{}&#8221;][dssb_sharing_buttons icon_placement=&#8221;icon&#8221; columns=&#8221;6&#8243; icon_width=&#8221;fixed&#8221; alignment=&#8221;left&#8221; icon_color=&#8221;#111111&#8243; use_custom_icon_size=&#8221;on&#8221; icon_font_size=&#8221;16px&#8221; icon_bg=&#8221;#f4f4f4&#8243; _builder_version=&#8221;4.21.0&#8243; _module_preset=&#8221;default&#8221; border_radii_main=&#8221;on|4px|4px|4px|4px&#8221; border_radii_icon=&#8221;on|4px|4px|4px|4px&#8221; border_width_all_icon=&#8221;1px&#8221; border_color_all_icon=&#8221;#f4f4f4&#8243; border_color_all_icon_last_edited=&#8221;off|desktop&#8221; global_colors_info=&#8221;{}&#8221; border_color_all_icon__hover_enabled=&#8221;on|hover&#8221; border_color_all_icon__hover=&#8221;#111111&#8243;][dssb_sharing_button _builder_version=&#8221;4.21.0&#8243; _module_preset=&#8221;default&#8221; global_colors_info=&#8221;{}&#8221;][\/dssb_sharing_button][dssb_sharing_button social_network=&#8221;twitter&#8221; _builder_version=&#8221;4.21.0&#8243; _module_preset=&#8221;default&#8221; global_colors_info=&#8221;{}&#8221;][\/dssb_sharing_button][dssb_sharing_button social_network=&#8221;whatsapp&#8221; _builder_version=&#8221;4.21.0&#8243; _module_preset=&#8221;default&#8221; global_colors_info=&#8221;{}&#8221;][\/dssb_sharing_button][dssb_sharing_button social_network=&#8221;telegram&#8221; _builder_version=&#8221;4.21.0&#8243; _module_preset=&#8221;default&#8221; global_colors_info=&#8221;{}&#8221;][\/dssb_sharing_button][dssb_sharing_button social_network=&#8221;email&#8221; _builder_version=&#8221;4.21.0&#8243; _module_preset=&#8221;default&#8221; global_colors_info=&#8221;{}&#8221;][\/dssb_sharing_button][dssb_sharing_button social_network=&#8221;copy&#8221; _builder_version=&#8221;4.21.0&#8243; _module_preset=&#8221;default&#8221; global_colors_info=&#8221;{}&#8221;][\/dssb_sharing_button][\/dssb_sharing_buttons][\/et_pb_column][\/et_pb_row][\/et_pb_section][et_pb_section fb_built=&#8221;1&#8243; use_custom_gutter=&#8221;on&#8221; gutter_width=&#8221;2&#8243; padding_1_tablet=&#8221;0px||&#8221; padding_1_last_edited=&#8221;off|desktop&#8221; admin_label=&#8221;Quote&#8221; _builder_version=&#8221;4.21.0&#8243; background_color=&#8221;RGBA(255,255,255,0)&#8221; background_size=&#8221;contain&#8221; background_position=&#8221;top_center&#8221; custom_padding=&#8221;0|0px|0px|0px|false|false&#8221; global_colors_info=&#8221;{}&#8221; use_background_color_gradient__hover=&#8221;off&#8221; use_background_color_gradient__hover_enabled=&#8221;off&#8221; background_color_gradient_type__hover=&#8221;linear&#8221; background_color_gradient_type__hover_enabled=&#8221;linear&#8221; background_color_gradient_direction__hover=&#8221;180deg&#8221; background_color_gradient_direction__hover_enabled=&#8221;180deg&#8221; background_color_gradient_direction_radial__hover=&#8221;center&#8221; background_color_gradient_direction_radial__hover_enabled=&#8221;center&#8221; background_color_gradient_stops__hover=&#8221;#2b87da 0%|#29c4a9 100%&#8221; background_color_gradient_overlays_image__hover=&#8221;off&#8221; background_color_gradient_overlays_image__hover_enabled=&#8221;off&#8221; background_color_gradient_start__hover=&#8221;#2b87da&#8221; background_color_gradient_start__hover_enabled=&#8221;#2b87da&#8221; background_color_gradient_start_position__hover=&#8221;0%&#8221; background_color_gradient_start_position__hover_enabled=&#8221;0%&#8221; background_color_gradient_end__hover=&#8221;#29c4a9&#8243; background_color_gradient_end__hover_enabled=&#8221;#29c4a9&#8243; background_color_gradient_end_position__hover=&#8221;100%&#8221; background_color_gradient_end_position__hover_enabled=&#8221;100%&#8221; parallax__hover=&#8221;off&#8221; parallax__hover_enabled=&#8221;off&#8221; parallax_method__hover=&#8221;on&#8221; parallax_method__hover_enabled=&#8221;on&#8221; background_size__hover=&#8221;cover&#8221; background_size__hover_enabled=&#8221;cover&#8221; background_position__hover=&#8221;center&#8221; background_position__hover_enabled=&#8221;center&#8221; background_repeat__hover=&#8221;no-repeat&#8221; background_repeat__hover_enabled=&#8221;no-repeat&#8221; background_blend__hover=&#8221;normal&#8221; background_blend__hover_enabled=&#8221;normal&#8221; allow_player_pause__hover=&#8221;off&#8221; allow_player_pause__hover_enabled=&#8221;off&#8221; background_video_pause_outside_viewport__hover=&#8221;on&#8221; background_video_pause_outside_viewport__hover_enabled=&#8221;on&#8221;][et_pb_row _builder_version=&#8221;4.21.0&#8243; _module_preset=&#8221;default&#8221; global_colors_info=&#8221;{}&#8221;][et_pb_column type=&#8221;4_4&#8243; _builder_version=&#8221;4.21.0&#8243; _module_preset=&#8221;default&#8221; global_colors_info=&#8221;{}&#8221;][et_pb_text _builder_version=&#8221;4.21.0&#8243; _module_preset=&#8221;default&#8221; text_font=&#8221;Domine||||||||&#8221; text_text_color=&#8221;#000000&#8243; text_font_size=&#8221;25px&#8221; text_line_height=&#8221;35em&#8221; header_2_font=&#8221;Domine|700|||||||&#8221; header_2_text_color=&#8221;#000000&#8243; background_layout=&#8221;dark&#8221; global_colors_info=&#8221;{}&#8221; text_letter_spacing__hover=&#8221;0px&#8221; text_letter_spacing__hover_enabled=&#8221;0px&#8221; text_text_shadow_color__hover=&#8221;rgba(0,0,0,0.4)&#8221; text_text_shadow_color__hover_enabled=&#8221;rgba(0,0,0,0.4)&#8221;]<\/p>\n<p>He was a star of the Catalan rumba. Bambino is the protagonist of a new <em>RTVE<\/em> series and, with him and his fateful fate, we look back at those forgotten flamenco artists who did a lot but got very little. <\/p>\n<p>[\/et_pb_text][\/et_pb_column][\/et_pb_row][\/et_pb_section][et_pb_section fb_built=&#8221;1&#8243; _builder_version=&#8221;4.22.1&#8243; _module_preset=&#8221;default&#8221; global_colors_info=&#8221;{}&#8221;][et_pb_row _builder_version=&#8221;4.22.1&#8243; _module_preset=&#8221;default&#8221; global_colors_info=&#8221;{}&#8221;][et_pb_column type=&#8221;4_4&#8243; _builder_version=&#8221;4.22.1&#8243; _module_preset=&#8221;default&#8221; global_colors_info=&#8221;{}&#8221;][et_pb_image src=&#8221;@ET-DC@eyJkeW5hbWljIjp0cnVlLCJjb250ZW50IjoicG9zdF9mZWF0dXJlZF9pbWFnZSIsInNldHRpbmdzIjp7fX0=@&#8221; _builder_version=&#8221;4.22.1&#8243; _dynamic_attributes=&#8221;src&#8221; _module_preset=&#8221;default&#8221; enable_caption_text=&#8221;on&#8221; image_caption_font=&#8221;Domine||||||||&#8221; image_caption_color=&#8221;#000000&#8243; image_caption_size=&#8221;12px&#8221; image_caption_lineheight=&#8221;1.5em&#8221; image_caption_alignment=&#8221;left&#8221; global_colors_info=&#8221;{}&#8221;][\/et_pb_image][\/et_pb_column][\/et_pb_row][\/et_pb_section][et_pb_section fb_built=&#8221;1&#8243; _builder_version=&#8221;4.21.0&#8243; _module_preset=&#8221;default&#8221; custom_margin=&#8221;0px||0px||false|false&#8221; custom_padding=&#8221;0px||0px||false|false&#8221; global_colors_info=&#8221;{}&#8221;][et_pb_row _builder_version=&#8221;4.21.0&#8243; _module_preset=&#8221;default&#8221; global_colors_info=&#8221;{}&#8221;][et_pb_column type=&#8221;4_4&#8243; _builder_version=&#8221;4.21.0&#8243; _module_preset=&#8221;default&#8221; global_colors_info=&#8221;{}&#8221;][et_pb_text _builder_version=&#8221;4.22.1&#8243; _module_preset=&#8221;default&#8221; text_text_color=&#8221;#000000&#8243; text_font_size=&#8221;20px&#8221; text_line_height=&#8221;32em&#8221; hover_enabled=&#8221;0&#8243; global_colors_info=&#8221;{}&#8221; sticky_enabled=&#8221;0&#8243;]Bambino is all the rage today, in the middle of 2023. Who knew! He lived fast and died young after leaving his mark on the world of flamenco rumba. In 2021, a documentary directed by Paco Ortiz (&#8220;Algo Salvaje&#8221;) rescued his figure; Today, it&#8217;s public television. But he wasn&#8217;t so lucky in life&#8230;<\/span><\/p>\n<p>We talk about him, and other forgotten flamingos despite their relevance, in this post.[\/et_pb_text][\/et_pb_column][\/et_pb_row][\/et_pb_section][et_pb_section fb_built=&#8221;1&#8243; admin_label=&#8221;Header&#8221; _builder_version=&#8221;4.19.5&#8243; _module_preset=&#8221;default&#8221; background_color=&#8221;gcid-74fc9072-2cad-4f61-ba48-82b911082b3f&#8221; background_image=&#8221;https:\/\/allflamenco.net\/wp-content\/uploads\/2023\/10\/pie-shop-2b.png&#8221; background_size=&#8221;custom&#8221; background_image_width=&#8221;32%&#8221; background_position=&#8221;top_right&#8221; background_horizontal_offset=&#8221;8%&#8221; background_vertical_offset=&#8221;20px&#8221; overflow-x=&#8221;hidden&#8221; overflow-y=&#8221;hidden&#8221; custom_padding=&#8221;||5vw||false|false&#8221; background_last_edited=&#8221;on|phone&#8221; background_position_tablet=&#8221;bottom_right&#8221; collapsed=&#8221;on&#8221; global_colors_info=&#8221;{%22gcid-74fc9072-2cad-4f61-ba48-82b911082b3f%22:%91%22background_color%22%93}&#8221;][et_pb_row column_structure=&#8221;1_2,1_2&#8243; make_equal=&#8221;on&#8221; custom_padding_last_edited=&#8221;on|desktop&#8221; _builder_version=&#8221;4.22.1&#8243; _module_preset=&#8221;default&#8221; width_tablet=&#8221;90%&#8221; width_phone=&#8221;90%&#8221; width_last_edited=&#8221;on|tablet&#8221; max_width=&#8221;none&#8221; custom_padding=&#8221;40px|40px|40px|40px|true|true&#8221; custom_padding_tablet=&#8221;30px|30px|30px|30px|true|true&#8221; custom_padding_phone=&#8221;20px|20px|20px|20px|true|true&#8221; border_width_all=&#8221;6px&#8221; border_color_all=&#8221;#000000&#8243; global_colors_info=&#8221;{}&#8221;][et_pb_column type=&#8221;1_2&#8243; _builder_version=&#8221;4.19.5&#8243; _module_preset=&#8221;default&#8221; global_colors_info=&#8221;{}&#8221;][et_pb_text _builder_version=&#8221;4.22.1&#8243; _module_preset=&#8221;default&#8221; text_text_color=&#8221;#000000&#8243; text_font_size=&#8221;20px&#8221; text_line_height=&#8221;32em&#8221; header_2_font=&#8221;Domine|700|||||||&#8221; header_2_text_color=&#8221;#000000&#8243; custom_margin=&#8221;1%||||false|false&#8221; global_colors_info=&#8221;{}&#8221;]<\/p>\n<h2>Bambino: King of Rumba-Pop<\/h2>\n<p>This Utrera-born Miguel Vargas hit the nail on the head when, in 1961, he covered a song called &#8220;Bambino Picolino&#8221; by Renato Carosone. And his fame was immediate. <\/span><\/p>\n<p>Bambino&#8217;s contribution was to adapt the Italian song to the flamenco festival, but also rancheras or boleros, which were played in him by buler\u00edas or rumba. Bongos and guitar were their accompaniments and brought flamenco to new audiences. <\/p>\n<p>The 60s and part of the 70s were his in the tablaos and on the shelves of the music sold in Spanish gas stations. One day, at a performance in Rota, he lost his voice. <\/p>\n<p>He continued to sing, but only in private. He died of throat cancer at the age of 59 (in 1999). <\/p>\n<p><span><\/span>[\/et_pb_text][et_pb_button button_url=&#8221;https:\/\/app.allflamenco.net\/detail\/1167\/esa-maldita-pared-antonio-canales-y-maui-video-promocional-vacuna-fest&#8221; url_new_window=&#8221;on&#8221; button_text=&#8221;Maui and Canales %22a Bambino%22&#8243; _builder_version=&#8221;4.22.1&#8243; _module_preset=&#8221;default&#8221; custom_button=&#8221;on&#8221; button_text_size=&#8221;18px&#8221; button_text_color=&#8221;#FFFFFF&#8221; global_colors_info=&#8221;{}&#8221;][\/et_pb_button][\/et_pb_column][et_pb_column type=&#8221;1_2&#8243; _builder_version=&#8221;4.19.5&#8243; _module_preset=&#8221;default&#8221; global_colors_info=&#8221;{}&#8221;][et_pb_image src=&#8221;https:\/\/allflamenco.net\/wp-content\/uploads\/2023\/10\/Bambino.-Pelicula.jpg&#8221; alt=&#8221;Bambino. Movie&#8221; title_text=&#8221;Bambino. Movie&#8221; _builder_version=&#8221;4.22.1&#8243; _module_preset=&#8221;default&#8221; global_colors_info=&#8221;{}&#8221;][\/et_pb_image][\/et_pb_column][\/et_pb_row][\/et_pb_section][et_pb_section fb_built=&#8221;1&#8243; admin_label=&#8221;Call to Action&#8221; _builder_version=&#8221;4.19.5&#8243; _module_preset=&#8221;default&#8221; background_color=&#8221;gcid-74fc9072-2cad-4f61-ba48-82b911082b3f&#8221; collapsed=&#8221;on&#8221; global_colors_info=&#8221;{%22gcid-74fc9072-2cad-4f61-ba48-82b911082b3f%22:%91%22background_color%22%93}&#8221;][et_pb_row column_structure=&#8221;2_5,3_5&#8243; make_equal=&#8221;on&#8221; _builder_version=&#8221;4.22.1&#8243; _module_preset=&#8221;default&#8221; global_colors_info=&#8221;{}&#8221;][et_pb_column type=&#8221;2_5&#8243; _builder_version=&#8221;4.19.5&#8243; _module_preset=&#8221;default&#8221; global_colors_info=&#8221;{}&#8221;][et_pb_image src=&#8221;https:\/\/allflamenco.net\/wp-content\/uploads\/2023\/10\/La-Campanera.gif&#8221; alt=&#8221;La Campanera&#8221; title_text=&#8221;La Campanera&#8221; force_fullwidth=&#8221;on&#8221; _builder_version=&#8221;4.22.1&#8243; _module_preset=&#8221;default&#8221; global_colors_info=&#8221;{}&#8221;][\/et_pb_image][\/et_pb_column][et_pb_column type=&#8221;3_5&#8243; _builder_version=&#8221;4.22.1&#8243; _module_preset=&#8221;default&#8221; custom_padding=&#8221;1%||||false|false&#8221; custom_padding_tablet=&#8221;0px||||false|false&#8221; custom_padding_phone=&#8221;0px||||false|false&#8221; custom_padding_last_edited=&#8221;on|tablet&#8221; global_colors_info=&#8221;{}&#8221;][et_pb_text _builder_version=&#8221;4.22.1&#8243; _module_preset=&#8221;default&#8221; text_text_color=&#8221;#000000&#8243; text_font_size=&#8221;20px&#8221; text_line_height=&#8221;32em&#8221; header_2_font=&#8221;Domine|700|||||||&#8221; header_2_text_color=&#8221;#000000&#8243; custom_margin=&#8221;1%||||false|false&#8221; global_colors_info=&#8221;{}&#8221;]<\/p>\n<h2><strong>La Campanera: dance teacher<\/strong><\/h2>\n<p>Her name was Amparo \u00c1lvarez and they called her La Campanera. He was born, no less, in La Giralda in Seville. That was in 1928.<\/p>\n<p>Manuel Boh\u00f3rquez says of her that she was &#8220;the first professional teacher who had the dance of Seville&#8221;. He was key in the development of the Sevillian bolero school and the training of artists through his Aurora academy. For example, Jos\u00e9 Otero Aranda or \u00c1ngel Pericet Carmona. For example, Jos\u00e9 Otero Aranda or \u00c1ngel Pericet Carmona. He died of tuberculosis at the age of 67 in Huelva.<\/p>\n<p>[\/et_pb_text][\/et_pb_column][\/et_pb_row][\/et_pb_section][et_pb_section fb_built=&#8221;1&#8243; admin_label=&#8221;Header&#8221; _builder_version=&#8221;4.19.5&#8243; _module_preset=&#8221;default&#8221; background_color=&#8221;gcid-74fc9072-2cad-4f61-ba48-82b911082b3f&#8221; background_image=&#8221;https:\/\/allflamenco.net\/wp-content\/uploads\/2023\/10\/pie-shop-2b.png&#8221; background_size=&#8221;custom&#8221; background_image_width=&#8221;32%&#8221; background_position=&#8221;top_right&#8221; background_horizontal_offset=&#8221;8%&#8221; background_vertical_offset=&#8221;20px&#8221; overflow-x=&#8221;hidden&#8221; overflow-y=&#8221;hidden&#8221; custom_padding=&#8221;||5vw||false|false&#8221; background_last_edited=&#8221;on|phone&#8221; background_position_tablet=&#8221;bottom_right&#8221; collapsed=&#8221;on&#8221; global_colors_info=&#8221;{%22gcid-74fc9072-2cad-4f61-ba48-82b911082b3f%22:%91%22background_color%22%93}&#8221;][et_pb_row column_structure=&#8221;1_2,1_2&#8243; make_equal=&#8221;on&#8221; custom_padding_last_edited=&#8221;on|desktop&#8221; _builder_version=&#8221;4.22.1&#8243; _module_preset=&#8221;default&#8221; width_tablet=&#8221;90%&#8221; width_phone=&#8221;90%&#8221; width_last_edited=&#8221;on|tablet&#8221; max_width=&#8221;none&#8221; custom_padding=&#8221;40px|40px|40px|40px|true|true&#8221; custom_padding_tablet=&#8221;30px|30px|30px|30px|true|true&#8221; custom_padding_phone=&#8221;20px|20px|20px|20px|true|true&#8221; border_width_all=&#8221;6px&#8221; border_color_all=&#8221;#000000&#8243; global_colors_info=&#8221;{}&#8221;][et_pb_column type=&#8221;1_2&#8243; _builder_version=&#8221;4.19.5&#8243; _module_preset=&#8221;default&#8221; global_colors_info=&#8221;{}&#8221;][et_pb_text _builder_version=&#8221;4.22.1&#8243; _module_preset=&#8221;default&#8221; text_text_color=&#8221;#000000&#8243; text_font_size=&#8221;20px&#8221; text_line_height=&#8221;32em&#8221; header_2_font=&#8221;Domine|700|||||||&#8221; header_2_text_color=&#8221;#000000&#8243; custom_margin=&#8221;1%||||false|false&#8221; global_colors_info=&#8221;{}&#8221;]<\/p>\n<h2>The Girl with the Swing: The &#8220;Other&#8221; Girl with the Combs<\/h2>\n<p>She was the only singer and dancer who could have put up some competition with the greatest, Pastora Pav\u00f3n, the Ni\u00f1a de los Peines. Her name was In\u00e9s (C\u00e1diz, 1892), she was from C\u00e1diz and it is said that she sang the bamberas (flamenco style based on a children&#8217;s game) even better than Pastora herself. When his son was shot in the Civil War, he became ill with grief. He died in 1956 in his homeland. <\/p>\n<p>[\/et_pb_text][\/et_pb_column][et_pb_column type=&#8221;1_2&#8243; _builder_version=&#8221;4.19.5&#8243; _module_preset=&#8221;default&#8221; global_colors_info=&#8221;{}&#8221;][et_pb_image src=&#8221;https:\/\/allflamenco.net\/wp-content\/uploads\/2023\/10\/Nina-del-Columpio-1.jpg&#8221; alt=&#8221;Swing Girl&#8221; title_text=&#8221;Swing Girl&#8221; _builder_version=&#8221;4.22.1&#8243; _module_preset=&#8221;default&#8221; global_colors_info=&#8221;{}&#8221;][\/et_pb_image][\/et_pb_column][\/et_pb_row][\/et_pb_section][et_pb_section fb_built=&#8221;1&#8243; admin_label=&#8221;Call to Action&#8221; _builder_version=&#8221;4.19.5&#8243; _module_preset=&#8221;default&#8221; background_color=&#8221;gcid-74fc9072-2cad-4f61-ba48-82b911082b3f&#8221; collapsed=&#8221;on&#8221; global_colors_info=&#8221;{%22gcid-74fc9072-2cad-4f61-ba48-82b911082b3f%22:%91%22background_color%22%93}&#8221;][et_pb_row column_structure=&#8221;1_2,1_2&#8243; make_equal=&#8221;on&#8221; _builder_version=&#8221;4.22.1&#8243; _module_preset=&#8221;default&#8221; global_colors_info=&#8221;{}&#8221;][et_pb_column type=&#8221;1_2&#8243; _builder_version=&#8221;4.19.5&#8243; _module_preset=&#8221;default&#8221; global_colors_info=&#8221;{}&#8221;][et_pb_video src=&#8221;https:\/\/youtu.be\/LFPTOl-bAnk?si=MTKPhdX3LPB9a8uq&#8221; image_src=&#8221;\/\/i.ytimg.com\/vi\/LFPTOl-bAnk\/hqdefault.jpg&#8221; _builder_version=&#8221;4.22.1&#8243; _module_preset=&#8221;default&#8221; global_colors_info=&#8221;{}&#8221;]<\/p>\n<h2><strong>El Sernita: padre del flamenco actual<\/strong><\/h2>\n<p>Jos\u00e9 Manuel Gamboa, experto flamenco, escribi\u00f3 un libro precioso llamado \u201cSernita de Jerez \u00a1Vamos a acordarnos\u201d que explica la importancia para el flamenco de este cantaor jerezano de casta gitana, familia de artistas y talento natural.<\/p>\n<p>Sernita se llamaba Manuel Fern\u00e1ndez Moreno (1921-1971) y de \u00e9l dice Gamboa que es \u201cel padre del flamenco contempor\u00e1neo\u201d. Fue importante como cantaor para el baile, lo que le permiti\u00f3 trabajar <a href=\"\/?p=390148\">con Antonio El Bailar\u00edn,<\/a> entre otros. Muri\u00f3 enfermo y sin reconocimiento a su aportaci\u00f3n porque dec\u00edan en la \u00e9poca que sonaba a <em>gach\u00f3<\/em>.<\/p>\n<p>[\/et_pb_video][\/et_pb_column][et_pb_column type=&#8221;1_2&#8243; _builder_version=&#8221;4.22.1&#8243; _module_preset=&#8221;default&#8221; custom_padding=&#8221;1%||||false|false&#8221; custom_padding_tablet=&#8221;0px||||false|false&#8221; custom_padding_phone=&#8221;0px||||false|false&#8221; custom_padding_last_edited=&#8221;on|tablet&#8221; global_colors_info=&#8221;{}&#8221;][et_pb_text _builder_version=&#8221;4.22.1&#8243; _module_preset=&#8221;default&#8221; text_text_color=&#8221;#000000&#8243; text_font_size=&#8221;20px&#8221; text_line_height=&#8221;32em&#8221; header_2_font=&#8221;Domine|700|||||||&#8221; header_2_text_color=&#8221;#000000&#8243; custom_margin=&#8221;1%||||false|false&#8221; global_colors_info=&#8221;{}&#8221;]<\/p>\n<h2>La Perrata: voice of Utrera<\/h2>\n<p>Mar\u00eda Fern\u00e1ndez Granados (1922-2005), singer from Utrera, better known as La Perrata. it collected all the flamenco legacy of Utrera and Lebrija. It was in his blood. She was related to almost all the flamenco gypsies of the region of Utrera and Lebrija, names such as Perrate, Fernanda and Bernarda de Utrera, Pedro Bac\u00e1n, Pedro Pe\u00f1a, In\u00e9s Bac\u00e1n, Gaspar de Utrera, Turronero or Dorantes are some of her family ties and echoes that sound in her voice, because listening to La Perrata you can see that in her voice something of all of them sounds.<\/p>\n<p>She married Bernardo Pe\u00f1a Vargas at a very young age, who took her away from the profession, although she could be heard at family gatherings. However, much of this union of the cante of Utrera and the cante of Lebrija is due to her.<\/p>\n<p>[\/et_pb_text][\/et_pb_column][\/et_pb_row][\/et_pb_section][et_pb_section fb_built=&#8221;1&#8243; admin_label=&#8221;Header&#8221; _builder_version=&#8221;4.19.5&#8243; _module_preset=&#8221;default&#8221; background_color=&#8221;gcid-74fc9072-2cad-4f61-ba48-82b911082b3f&#8221; background_image=&#8221;https:\/\/allflamenco.net\/wp-content\/uploads\/2023\/10\/pie-shop-2b.png&#8221; background_size=&#8221;custom&#8221; background_image_width=&#8221;32%&#8221; background_position=&#8221;top_right&#8221; background_horizontal_offset=&#8221;8%&#8221; background_vertical_offset=&#8221;20px&#8221; overflow-x=&#8221;hidden&#8221; overflow-y=&#8221;hidden&#8221; custom_padding=&#8221;||5vw||false|false&#8221; background_last_edited=&#8221;on|phone&#8221; background_position_tablet=&#8221;bottom_right&#8221; collapsed=&#8221;on&#8221; global_colors_info=&#8221;{%22gcid-74fc9072-2cad-4f61-ba48-82b911082b3f%22:%91%22background_color%22%93}&#8221;][et_pb_row column_structure=&#8221;1_2,1_2&#8243; make_equal=&#8221;on&#8221; custom_padding_last_edited=&#8221;on|desktop&#8221; _builder_version=&#8221;4.22.1&#8243; _module_preset=&#8221;default&#8221; width_tablet=&#8221;90%&#8221; width_phone=&#8221;90%&#8221; width_last_edited=&#8221;on|tablet&#8221; max_width=&#8221;none&#8221; custom_padding=&#8221;40px|40px|40px|40px|true|true&#8221; custom_padding_tablet=&#8221;30px|30px|30px|30px|true|true&#8221; custom_padding_phone=&#8221;20px|20px|20px|20px|true|true&#8221; border_width_all=&#8221;6px&#8221; border_color_all=&#8221;#000000&#8243; global_colors_info=&#8221;{}&#8221;][et_pb_column type=&#8221;1_2&#8243; _builder_version=&#8221;4.19.5&#8243; _module_preset=&#8221;default&#8221; global_colors_info=&#8221;{}&#8221;][et_pb_text _builder_version=&#8221;4.22.1&#8243; _module_preset=&#8221;default&#8221; text_text_color=&#8221;#000000&#8243; text_font_size=&#8221;20px&#8221; text_line_height=&#8221;32em&#8221; header_2_font=&#8221;Domine|700|||||||&#8221; header_2_text_color=&#8221;#000000&#8243; custom_margin=&#8221;1%||||false|false&#8221; global_colors_info=&#8221;{}&#8221;]<\/p>\n<h2><strong>El Sernita: father of today&#8217;s flamenco<\/strong><\/h2>\n<p>Jos\u00e9 Manuel Gamboa, a flamenco expert, wrote a beautiful book called &#8220;Sernita de Jerez \u00a1Vamos a olvidarnos!&#8221; which explains the importance for flamenco of this singer from Jerez with a gypsy caste, family of artists and natural talent.<\/p>\n<p>Sernita&#8217;s name was Manuel Fern\u00e1ndez Moreno (1921-1971) and Gamboa says of him that he is &#8220;the father of contemporary flamenco&#8221;. He was important as a singer for the dance, which allowed him to work with Antonio El Bailar\u00edn, among others. He died ill and without recognition of his contribution because they said at the time that he sounded like a <em>Gach\u00f3<\/em>.<\/p>\n<p>[\/et_pb_text][\/et_pb_column][et_pb_column type=&#8221;1_2&#8243; _builder_version=&#8221;4.19.5&#8243; _module_preset=&#8221;default&#8221; global_colors_info=&#8221;{}&#8221;][et_pb_video src=&#8221;https:\/\/youtu.be\/_Zy7LXtME-g?si=D6CFkoAlM7MW2tyU&#8221; image_src=&#8221;\/\/i.ytimg.com\/vi\/_Zy7LXtME-g\/hqdefault.jpg&#8221; _builder_version=&#8221;4.22.1&#8243; _module_preset=&#8221;default&#8221; global_colors_info=&#8221;{}&#8221;][\/et_pb_video][\/et_pb_column][\/et_pb_row][\/et_pb_section]<\/p>\n","protected":false},"excerpt":{"rendered":"<p>Bambino &#8220;invented&#8221; Andalusian rumba-pop; there was a Girl on the Swing who could have overshadowed the one on the Combs. And so, we meet other flamingos with less glamorous lives. <\/p>\n","protected":false},"author":1,"featured_media":401718,"comment_status":"open","ping_status":"open","sticky":false,"template":"","format":"standard","meta":{"_et_pb_use_builder":"on","_et_pb_old_content":"","_et_gb_content_width":"","footnotes":""},"categories":[158,156],"tags":[],"class_list":["post-401731","post","type-post","status-publish","format-standard","has-post-thumbnail","hentry","category-top-flamenco","category-whats-new"],"yoast_head":"<!-- This site is optimized with the Yoast SEO plugin v26.8 - https:\/\/yoast.com\/product\/yoast-seo-wordpress\/ -->\n<title>Bambino, the Girl on the Swing... and other forgotten flamenco - ALL FLAMENCO<\/title>\n<meta name=\"description\" content=\"Bambino &quot;invented&quot; rumba-pop and the Ni\u00f1a del Columpio overshadowed the one with the Peines. This post is about them and other strangers.\" \/>\n<meta name=\"robots\" content=\"index, follow, max-snippet:-1, max-image-preview:large, max-video-preview:-1\" \/>\n<link rel=\"canonical\" href=\"https:\/\/allflamenco.net\/en\/blog\/bambino-girl-of-the-swing\/\" \/>\n<meta property=\"og:locale\" content=\"en_US\" \/>\n<meta property=\"og:type\" content=\"article\" \/>\n<meta property=\"og:title\" content=\"Bambino, the Girl on the Swing... and other forgotten flamenco - ALL FLAMENCO\" \/>\n<meta property=\"og:description\" content=\"Bambino &quot;invented&quot; rumba-pop and the Ni\u00f1a del Columpio overshadowed the one with the Peines. This post is about them and other strangers.\" \/>\n<meta property=\"og:url\" content=\"https:\/\/allflamenco.net\/en\/blog\/bambino-girl-of-the-swing\/\" \/>\n<meta property=\"og:site_name\" content=\"ALL FLAMENCO\" \/>\n<meta property=\"article:publisher\" content=\"https:\/\/www.facebook.com\/allflamenco\" \/>\n<meta property=\"article:published_time\" content=\"2023-10-16T05:12:18+00:00\" \/>\n<meta property=\"article:modified_time\" content=\"2023-10-16T08:48:29+00:00\" \/>\n<meta property=\"og:image\" content=\"https:\/\/allflamenco.net\/wp-content\/uploads\/2023\/10\/Bambino.-Flamenco-rumba-e1697440140778.jpg\" \/>\n\t<meta property=\"og:image:width\" content=\"1366\" \/>\n\t<meta property=\"og:image:height\" content=\"768\" \/>\n\t<meta property=\"og:image:type\" content=\"image\/jpeg\" \/>\n<meta name=\"author\" content=\"operations\" \/>\n<meta name=\"twitter:card\" content=\"summary_large_image\" \/>\n<meta name=\"twitter:creator\" content=\"@all_flamenco\" \/>\n<meta name=\"twitter:site\" content=\"@all_flamenco\" \/>\n<meta name=\"twitter:label1\" content=\"Written by\" \/>\n\t<meta name=\"twitter:data1\" content=\"operations\" \/>\n\t<meta name=\"twitter:label2\" content=\"Est. reading time\" \/>\n\t<meta name=\"twitter:data2\" content=\"14 minutes\" \/>\n<script type=\"application\/ld+json\" class=\"yoast-schema-graph\">{\"@context\":\"https:\/\/schema.org\",\"@graph\":[{\"@type\":\"Article\",\"@id\":\"https:\/\/allflamenco.net\/en\/blog\/bambino-girl-of-the-swing\/#article\",\"isPartOf\":{\"@id\":\"https:\/\/allflamenco.net\/en\/blog\/bambino-girl-of-the-swing\/\"},\"author\":{\"name\":\"operations\",\"@id\":\"https:\/\/allflamenco.net\/en\/#\/schema\/person\/d719366e7dbfec3bf209ab328be58252\"},\"headline\":\"Bambino, the Girl on the Swing&#8230; and other forgotten flamenco\",\"datePublished\":\"2023-10-16T05:12:18+00:00\",\"dateModified\":\"2023-10-16T08:48:29+00:00\",\"mainEntityOfPage\":{\"@id\":\"https:\/\/allflamenco.net\/en\/blog\/bambino-girl-of-the-swing\/\"},\"wordCount\":2775,\"commentCount\":0,\"publisher\":{\"@id\":\"https:\/\/allflamenco.net\/en\/#organization\"},\"image\":{\"@id\":\"https:\/\/allflamenco.net\/en\/blog\/bambino-girl-of-the-swing\/#primaryimage\"},\"thumbnailUrl\":\"https:\/\/allflamenco.net\/wp-content\/uploads\/2023\/10\/Bambino.-Flamenco-rumba-e1697440140778.jpg\",\"articleSection\":[\"Top Flamenco\",\"What's New\"],\"inLanguage\":\"en-US\",\"potentialAction\":[{\"@type\":\"CommentAction\",\"name\":\"Comment\",\"target\":[\"https:\/\/allflamenco.net\/en\/blog\/bambino-girl-of-the-swing\/#respond\"]}]},{\"@type\":\"WebPage\",\"@id\":\"https:\/\/allflamenco.net\/en\/blog\/bambino-girl-of-the-swing\/\",\"url\":\"https:\/\/allflamenco.net\/en\/blog\/bambino-girl-of-the-swing\/\",\"name\":\"Bambino, the Girl on the Swing... and other forgotten flamenco - ALL FLAMENCO\",\"isPartOf\":{\"@id\":\"https:\/\/allflamenco.net\/en\/#website\"},\"primaryImageOfPage\":{\"@id\":\"https:\/\/allflamenco.net\/en\/blog\/bambino-girl-of-the-swing\/#primaryimage\"},\"image\":{\"@id\":\"https:\/\/allflamenco.net\/en\/blog\/bambino-girl-of-the-swing\/#primaryimage\"},\"thumbnailUrl\":\"https:\/\/allflamenco.net\/wp-content\/uploads\/2023\/10\/Bambino.-Flamenco-rumba-e1697440140778.jpg\",\"datePublished\":\"2023-10-16T05:12:18+00:00\",\"dateModified\":\"2023-10-16T08:48:29+00:00\",\"description\":\"Bambino \\\"invented\\\" rumba-pop and the Ni\u00f1a del Columpio overshadowed the one with the Peines. This post is about them and other strangers.\",\"breadcrumb\":{\"@id\":\"https:\/\/allflamenco.net\/en\/blog\/bambino-girl-of-the-swing\/#breadcrumb\"},\"inLanguage\":\"en-US\",\"potentialAction\":[{\"@type\":\"ReadAction\",\"target\":[\"https:\/\/allflamenco.net\/en\/blog\/bambino-girl-of-the-swing\/\"]}]},{\"@type\":\"ImageObject\",\"inLanguage\":\"en-US\",\"@id\":\"https:\/\/allflamenco.net\/en\/blog\/bambino-girl-of-the-swing\/#primaryimage\",\"url\":\"https:\/\/allflamenco.net\/wp-content\/uploads\/2023\/10\/Bambino.-Flamenco-rumba-e1697440140778.jpg\",\"contentUrl\":\"https:\/\/allflamenco.net\/wp-content\/uploads\/2023\/10\/Bambino.-Flamenco-rumba-e1697440140778.jpg\",\"width\":1366,\"height\":768,\"caption\":\"Bambino. Flamenco-rumba\"},{\"@type\":\"BreadcrumbList\",\"@id\":\"https:\/\/allflamenco.net\/en\/blog\/bambino-girl-of-the-swing\/#breadcrumb\",\"itemListElement\":[{\"@type\":\"ListItem\",\"position\":1,\"name\":\"Home\",\"item\":\"https:\/\/allflamenco.net\/en\/\"},{\"@type\":\"ListItem\",\"position\":2,\"name\":\"Bambino, the Girl on the Swing&#8230; and other forgotten flamenco\"}]},{\"@type\":\"WebSite\",\"@id\":\"https:\/\/allflamenco.net\/en\/#website\",\"url\":\"https:\/\/allflamenco.net\/en\/\",\"name\":\"ALL FLAMENCO\",\"description\":\"El canal para los amantes del flamenco\",\"publisher\":{\"@id\":\"https:\/\/allflamenco.net\/en\/#organization\"},\"potentialAction\":[{\"@type\":\"SearchAction\",\"target\":{\"@type\":\"EntryPoint\",\"urlTemplate\":\"https:\/\/allflamenco.net\/en\/?s={search_term_string}\"},\"query-input\":{\"@type\":\"PropertyValueSpecification\",\"valueRequired\":true,\"valueName\":\"search_term_string\"}}],\"inLanguage\":\"en-US\"},{\"@type\":\"Organization\",\"@id\":\"https:\/\/allflamenco.net\/en\/#organization\",\"name\":\"ALL FLAMENCO\",\"alternateName\":\"AF\",\"url\":\"https:\/\/allflamenco.net\/en\/\",\"logo\":{\"@type\":\"ImageObject\",\"inLanguage\":\"en-US\",\"@id\":\"https:\/\/allflamenco.net\/en\/#\/schema\/logo\/image\/\",\"url\":\"https:\/\/allflamenco.net\/wp-content\/uploads\/2023\/09\/logo-allflamenco.jpg\",\"contentUrl\":\"https:\/\/allflamenco.net\/wp-content\/uploads\/2023\/09\/logo-allflamenco.jpg\",\"width\":696,\"height\":696,\"caption\":\"ALL FLAMENCO\"},\"image\":{\"@id\":\"https:\/\/allflamenco.net\/en\/#\/schema\/logo\/image\/\"},\"sameAs\":[\"https:\/\/www.facebook.com\/allflamenco\",\"https:\/\/x.com\/all_flamenco\",\"https:\/\/www.instagram.com\/allflamenco\",\"https:\/\/www.pinterest.es\/allflamenco\/\",\"https:\/\/www.youtube.com\/@ALLFLAMENCO\",\"https:\/\/www.tiktok.com\/@allflamenco\"]},{\"@type\":\"Person\",\"@id\":\"https:\/\/allflamenco.net\/en\/#\/schema\/person\/d719366e7dbfec3bf209ab328be58252\",\"name\":\"operations\",\"sameAs\":[\"http:\/\/new.allflamenco.net\"]}]}<\/script>\n<!-- \/ Yoast SEO plugin. -->","yoast_head_json":{"title":"Bambino, the Girl on the Swing... and other forgotten flamenco - ALL FLAMENCO","description":"Bambino \"invented\" rumba-pop and the Ni\u00f1a del Columpio overshadowed the one with the Peines. This post is about them and other strangers.","robots":{"index":"index","follow":"follow","max-snippet":"max-snippet:-1","max-image-preview":"max-image-preview:large","max-video-preview":"max-video-preview:-1"},"canonical":"https:\/\/allflamenco.net\/en\/blog\/bambino-girl-of-the-swing\/","og_locale":"en_US","og_type":"article","og_title":"Bambino, the Girl on the Swing... and other forgotten flamenco - ALL FLAMENCO","og_description":"Bambino \"invented\" rumba-pop and the Ni\u00f1a del Columpio overshadowed the one with the Peines. This post is about them and other strangers.","og_url":"https:\/\/allflamenco.net\/en\/blog\/bambino-girl-of-the-swing\/","og_site_name":"ALL FLAMENCO","article_publisher":"https:\/\/www.facebook.com\/allflamenco","article_published_time":"2023-10-16T05:12:18+00:00","article_modified_time":"2023-10-16T08:48:29+00:00","og_image":[{"width":1366,"height":768,"url":"https:\/\/allflamenco.net\/wp-content\/uploads\/2023\/10\/Bambino.-Flamenco-rumba-e1697440140778.jpg","type":"image\/jpeg"}],"author":"operations","twitter_card":"summary_large_image","twitter_creator":"@all_flamenco","twitter_site":"@all_flamenco","twitter_misc":{"Written by":"operations","Est. reading time":"14 minutes"},"schema":{"@context":"https:\/\/schema.org","@graph":[{"@type":"Article","@id":"https:\/\/allflamenco.net\/en\/blog\/bambino-girl-of-the-swing\/#article","isPartOf":{"@id":"https:\/\/allflamenco.net\/en\/blog\/bambino-girl-of-the-swing\/"},"author":{"name":"operations","@id":"https:\/\/allflamenco.net\/en\/#\/schema\/person\/d719366e7dbfec3bf209ab328be58252"},"headline":"Bambino, the Girl on the Swing&#8230; and other forgotten flamenco","datePublished":"2023-10-16T05:12:18+00:00","dateModified":"2023-10-16T08:48:29+00:00","mainEntityOfPage":{"@id":"https:\/\/allflamenco.net\/en\/blog\/bambino-girl-of-the-swing\/"},"wordCount":2775,"commentCount":0,"publisher":{"@id":"https:\/\/allflamenco.net\/en\/#organization"},"image":{"@id":"https:\/\/allflamenco.net\/en\/blog\/bambino-girl-of-the-swing\/#primaryimage"},"thumbnailUrl":"https:\/\/allflamenco.net\/wp-content\/uploads\/2023\/10\/Bambino.-Flamenco-rumba-e1697440140778.jpg","articleSection":["Top Flamenco","What's New"],"inLanguage":"en-US","potentialAction":[{"@type":"CommentAction","name":"Comment","target":["https:\/\/allflamenco.net\/en\/blog\/bambino-girl-of-the-swing\/#respond"]}]},{"@type":"WebPage","@id":"https:\/\/allflamenco.net\/en\/blog\/bambino-girl-of-the-swing\/","url":"https:\/\/allflamenco.net\/en\/blog\/bambino-girl-of-the-swing\/","name":"Bambino, the Girl on the Swing... and other forgotten flamenco - ALL FLAMENCO","isPartOf":{"@id":"https:\/\/allflamenco.net\/en\/#website"},"primaryImageOfPage":{"@id":"https:\/\/allflamenco.net\/en\/blog\/bambino-girl-of-the-swing\/#primaryimage"},"image":{"@id":"https:\/\/allflamenco.net\/en\/blog\/bambino-girl-of-the-swing\/#primaryimage"},"thumbnailUrl":"https:\/\/allflamenco.net\/wp-content\/uploads\/2023\/10\/Bambino.-Flamenco-rumba-e1697440140778.jpg","datePublished":"2023-10-16T05:12:18+00:00","dateModified":"2023-10-16T08:48:29+00:00","description":"Bambino \"invented\" rumba-pop and the Ni\u00f1a del Columpio overshadowed the one with the Peines. This post is about them and other strangers.","breadcrumb":{"@id":"https:\/\/allflamenco.net\/en\/blog\/bambino-girl-of-the-swing\/#breadcrumb"},"inLanguage":"en-US","potentialAction":[{"@type":"ReadAction","target":["https:\/\/allflamenco.net\/en\/blog\/bambino-girl-of-the-swing\/"]}]},{"@type":"ImageObject","inLanguage":"en-US","@id":"https:\/\/allflamenco.net\/en\/blog\/bambino-girl-of-the-swing\/#primaryimage","url":"https:\/\/allflamenco.net\/wp-content\/uploads\/2023\/10\/Bambino.-Flamenco-rumba-e1697440140778.jpg","contentUrl":"https:\/\/allflamenco.net\/wp-content\/uploads\/2023\/10\/Bambino.-Flamenco-rumba-e1697440140778.jpg","width":1366,"height":768,"caption":"Bambino. Flamenco-rumba"},{"@type":"BreadcrumbList","@id":"https:\/\/allflamenco.net\/en\/blog\/bambino-girl-of-the-swing\/#breadcrumb","itemListElement":[{"@type":"ListItem","position":1,"name":"Home","item":"https:\/\/allflamenco.net\/en\/"},{"@type":"ListItem","position":2,"name":"Bambino, the Girl on the Swing&#8230; and other forgotten flamenco"}]},{"@type":"WebSite","@id":"https:\/\/allflamenco.net\/en\/#website","url":"https:\/\/allflamenco.net\/en\/","name":"ALL FLAMENCO","description":"El canal para los amantes del flamenco","publisher":{"@id":"https:\/\/allflamenco.net\/en\/#organization"},"potentialAction":[{"@type":"SearchAction","target":{"@type":"EntryPoint","urlTemplate":"https:\/\/allflamenco.net\/en\/?s={search_term_string}"},"query-input":{"@type":"PropertyValueSpecification","valueRequired":true,"valueName":"search_term_string"}}],"inLanguage":"en-US"},{"@type":"Organization","@id":"https:\/\/allflamenco.net\/en\/#organization","name":"ALL FLAMENCO","alternateName":"AF","url":"https:\/\/allflamenco.net\/en\/","logo":{"@type":"ImageObject","inLanguage":"en-US","@id":"https:\/\/allflamenco.net\/en\/#\/schema\/logo\/image\/","url":"https:\/\/allflamenco.net\/wp-content\/uploads\/2023\/09\/logo-allflamenco.jpg","contentUrl":"https:\/\/allflamenco.net\/wp-content\/uploads\/2023\/09\/logo-allflamenco.jpg","width":696,"height":696,"caption":"ALL FLAMENCO"},"image":{"@id":"https:\/\/allflamenco.net\/en\/#\/schema\/logo\/image\/"},"sameAs":["https:\/\/www.facebook.com\/allflamenco","https:\/\/x.com\/all_flamenco","https:\/\/www.instagram.com\/allflamenco","https:\/\/www.pinterest.es\/allflamenco\/","https:\/\/www.youtube.com\/@ALLFLAMENCO","https:\/\/www.tiktok.com\/@allflamenco"]},{"@type":"Person","@id":"https:\/\/allflamenco.net\/en\/#\/schema\/person\/d719366e7dbfec3bf209ab328be58252","name":"operations","sameAs":["http:\/\/new.allflamenco.net"]}]}},"_links":{"self":[{"href":"https:\/\/allflamenco.net\/en\/wp-json\/wp\/v2\/posts\/401731","targetHints":{"allow":["GET"]}}],"collection":[{"href":"https:\/\/allflamenco.net\/en\/wp-json\/wp\/v2\/posts"}],"about":[{"href":"https:\/\/allflamenco.net\/en\/wp-json\/wp\/v2\/types\/post"}],"author":[{"embeddable":true,"href":"https:\/\/allflamenco.net\/en\/wp-json\/wp\/v2\/users\/1"}],"replies":[{"embeddable":true,"href":"https:\/\/allflamenco.net\/en\/wp-json\/wp\/v2\/comments?post=401731"}],"version-history":[{"count":2,"href":"https:\/\/allflamenco.net\/en\/wp-json\/wp\/v2\/posts\/401731\/revisions"}],"predecessor-version":[{"id":401733,"href":"https:\/\/allflamenco.net\/en\/wp-json\/wp\/v2\/posts\/401731\/revisions\/401733"}],"wp:featuredmedia":[{"embeddable":true,"href":"https:\/\/allflamenco.net\/en\/wp-json\/wp\/v2\/media\/401718"}],"wp:attachment":[{"href":"https:\/\/allflamenco.net\/en\/wp-json\/wp\/v2\/media?parent=401731"}],"wp:term":[{"taxonomy":"category","embeddable":true,"href":"https:\/\/allflamenco.net\/en\/wp-json\/wp\/v2\/categories?post=401731"},{"taxonomy":"post_tag","embeddable":true,"href":"https:\/\/allflamenco.net\/en\/wp-json\/wp\/v2\/tags?post=401731"}],"curies":[{"name":"wp","href":"https:\/\/api.w.org\/{rel}","templated":true}]}}