{"id":400772,"date":"2023-10-02T02:50:45","date_gmt":"2023-10-02T02:50:45","guid":{"rendered":"https:\/\/allflamenco.net\/program-festival-de-jerez-2024\/"},"modified":"2023-10-02T19:34:19","modified_gmt":"2023-10-02T19:34:19","slug":"program-festival-de-jerez-2024","status":"publish","type":"post","link":"https:\/\/allflamenco.net\/en\/blog\/program-festival-de-jerez-2024\/","title":{"rendered":"We tell you the program of the Festival de Jerez 2024"},"content":{"rendered":"<p>[et_pb_section fb_built=&#8221;1&#8243; admin_label=&#8221;Social Sharing Buttons &#8221; _builder_version=&#8221;4.21.0&#8243; custom_margin=&#8221;0px|0px|0px|0px|true|true&#8221; custom_padding=&#8221;0px|0px|10px|0px|false|true&#8221; global_colors_info=&#8221;{}&#8221;][et_pb_row _builder_version=&#8221;4.21.0&#8243; background_size=&#8221;initial&#8221; background_position=&#8221;top_left&#8221; background_repeat=&#8221;repeat&#8221; max_width=&#8221;1280px&#8221; custom_padding=&#8221;0px|0px|0px|0px|false|false&#8221; global_colors_info=&#8221;{}&#8221;][et_pb_column type=&#8221;4_4&#8243; _builder_version=&#8221;4.21.0&#8243; _module_preset=&#8221;default&#8221; global_colors_info=&#8221;{}&#8221;][dssb_sharing_buttons icon_placement=&#8221;icon&#8221; columns=&#8221;6&#8243; icon_width=&#8221;fixed&#8221; alignment=&#8221;left&#8221; icon_color=&#8221;#111111&#8243; use_custom_icon_size=&#8221;on&#8221; icon_font_size=&#8221;16px&#8221; icon_bg=&#8221;#f4f4f4&#8243; _builder_version=&#8221;4.21.0&#8243; _module_preset=&#8221;default&#8221; border_radii_main=&#8221;on|4px|4px|4px|4px&#8221; border_radii_icon=&#8221;on|4px|4px|4px|4px&#8221; border_width_all_icon=&#8221;1px&#8221; border_color_all_icon=&#8221;#f4f4f4&#8243; border_color_all_icon_last_edited=&#8221;off|desktop&#8221; global_colors_info=&#8221;{}&#8221; border_color_all_icon__hover_enabled=&#8221;on|hover&#8221; border_color_all_icon__hover=&#8221;#111111&#8243;][dssb_sharing_button _builder_version=&#8221;4.21.0&#8243; _module_preset=&#8221;default&#8221; global_colors_info=&#8221;{}&#8221;][\/dssb_sharing_button][dssb_sharing_button social_network=&#8221;twitter&#8221; _builder_version=&#8221;4.21.0&#8243; _module_preset=&#8221;default&#8221; global_colors_info=&#8221;{}&#8221;][\/dssb_sharing_button][dssb_sharing_button social_network=&#8221;whatsapp&#8221; _builder_version=&#8221;4.21.0&#8243; _module_preset=&#8221;default&#8221; global_colors_info=&#8221;{}&#8221;][\/dssb_sharing_button][dssb_sharing_button social_network=&#8221;telegram&#8221; _builder_version=&#8221;4.21.0&#8243; _module_preset=&#8221;default&#8221; global_colors_info=&#8221;{}&#8221;][\/dssb_sharing_button][dssb_sharing_button social_network=&#8221;email&#8221; _builder_version=&#8221;4.21.0&#8243; _module_preset=&#8221;default&#8221; global_colors_info=&#8221;{}&#8221;][\/dssb_sharing_button][dssb_sharing_button social_network=&#8221;copy&#8221; _builder_version=&#8221;4.21.0&#8243; _module_preset=&#8221;default&#8221; global_colors_info=&#8221;{}&#8221;][\/dssb_sharing_button][\/dssb_sharing_buttons][\/et_pb_column][\/et_pb_row][\/et_pb_section][et_pb_section fb_built=&#8221;1&#8243; admin_label=&#8221;Header&#8221; _builder_version=&#8221;4.22.1&#8243; _module_preset=&#8221;default&#8221; background_color=&#8221;gcid-67960745-cc0c-4d73-b86b-ef2d6023be78&#8243; custom_margin=&#8221;1%||0px||false|false&#8221; custom_padding=&#8221;||0px||false|false&#8221; locked=&#8221;off&#8221; collapsed=&#8221;on&#8221; global_colors_info=&#8221;{%22gcid-67960745-cc0c-4d73-b86b-ef2d6023be78%22:%91%22background_color%22%93}&#8221;][et_pb_row _builder_version=&#8221;4.20.0&#8243; _module_preset=&#8221;default&#8221; custom_padding=&#8221;||0px||false|false&#8221; global_colors_info=&#8221;{}&#8221;][et_pb_column type=&#8221;4_4&#8243; _builder_version=&#8221;4.20.0&#8243; _module_preset=&#8221;default&#8221; global_colors_info=&#8221;{}&#8221;][et_pb_text _builder_version=&#8221;4.22.1&#8243; _module_preset=&#8221;aa5b14eb-2645-41dc-ab60-cf6b348c2f39&#8243; text_font=&#8221;Domine||||||||&#8221; text_text_color=&#8221;#000000&#8243; text_font_size=&#8221;20px&#8221; text_line_height=&#8221;32em&#8221; global_colors_info=&#8221;{}&#8221;]<\/p>\n<p>The most anticipated appointment with flamenco already has an official program. Sara Baras, in front of her ballet, will inaugurate the XXVIII Festival de Jerez on February 23 at the Villamarta Theater; Manuela Carrasco will close it with an absolute premiere on March 9. <\/p>\n<p>[\/et_pb_text][\/et_pb_column][\/et_pb_row][et_pb_row _builder_version=&#8221;4.20.0&#8243; _module_preset=&#8221;default&#8221; global_colors_info=&#8221;{}&#8221;][et_pb_column type=&#8221;4_4&#8243; _builder_version=&#8221;4.20.0&#8243; _module_preset=&#8221;default&#8221; global_colors_info=&#8221;{}&#8221;][et_pb_image src=&#8221;@ET-DC@eyJkeW5hbWljIjp0cnVlLCJjb250ZW50IjoicG9zdF9mZWF0dXJlZF9pbWFnZSIsInNldHRpbmdzIjp7fX0=@&#8221; title_text=&#8221;home-goods-30&#8243; _builder_version=&#8221;4.22.1&#8243; _dynamic_attributes=&#8221;src&#8221; _module_preset=&#8221;default&#8221; custom_margin=&#8221;||0px||false|false&#8221; enable_caption_text=&#8221;on&#8221; image_caption_font=&#8221;Domine||||||||&#8221; image_caption_color=&#8221;#000000&#8243; image_caption_size=&#8221;12px&#8221; image_caption_lineheight=&#8221;1em&#8221; image_caption_alignment=&#8221;left&#8221; global_colors_info=&#8221;{}&#8221;][\/et_pb_image][\/et_pb_column][\/et_pb_row][\/et_pb_section][et_pb_section fb_built=&#8221;1&#8243; admin_label=&#8221;About&#8221; _builder_version=&#8221;4.22.1&#8243; _module_preset=&#8221;default&#8221; background_enable_color=&#8221;off&#8221; custom_margin=&#8221;1%||1%||false|false&#8221; custom_padding=&#8221;1%||1%||false|false&#8221; collapsed=&#8221;on&#8221; global_colors_info=&#8221;{%22gcid-67960745-cc0c-4d73-b86b-ef2d6023be78%22:%91%22background_color%22%93}&#8221;][et_pb_row column_structure=&#8221;3_5,2_5&#8243; _builder_version=&#8221;4.20.0&#8243; _module_preset=&#8221;default&#8221; global_colors_info=&#8221;{}&#8221;][et_pb_column type=&#8221;3_5&#8243; _builder_version=&#8221;4.20.0&#8243; _module_preset=&#8221;default&#8221; global_colors_info=&#8221;{}&#8221;][et_pb_text _builder_version=&#8221;4.20.0&#8243; _module_preset=&#8221;e29bfea1-35c6-4a81-a8a4-a5f637d8c143&#8243; text_font=&#8221;Domine||||||||&#8221; text_font_size=&#8221;20px&#8221; text_line_height=&#8221;32em&#8221; global_colors_info=&#8221;{}&#8221;]<\/p>\n<p><span><\/span><\/p>\n<p><span>The great dancer Sara Baras will kick off the XXVIII Festival de Jerez on February 23. He will do it at the Villamarta Theater, the main stage of the exhibition, where he will premiere his new show. <\/span><\/p>\n<p><span>In this same scenario, artists such as La Moneta, Joaqu\u00edn Grilo, Beatriz Morales and Agujeta Chico, or <a href=\"https:\/\/allflamenco.net\/en\/?p=391610\">Manuela Carrasco<\/a> will present their latest assembly on her farewell tour, which will be in charge of closing the contest.<\/span><em><\/em><\/p>\n<p>[\/et_pb_text][et_pb_text _builder_version=&#8221;4.22.1&#8243; _module_preset=&#8221;e29bfea1-35c6-4a81-a8a4-a5f637d8c143&#8243; text_font=&#8221;Domine||||||||&#8221; text_font_size=&#8221;20px&#8221; text_line_height=&#8221;32em&#8221; global_colors_info=&#8221;{}&#8221;]<\/p>\n<p><span>The Watchtower Museums and the Sala Compa\u00f1\u00eda will reopen their doors one more year to host about twenty shows. Both scenarios include different cycles that mix the presentation of new values with more transgressive proposals or fused with other disciplines. <\/span> <\/p>\n<p>[\/et_pb_text][et_pb_text _builder_version=&#8221;4.22.1&#8243; _module_preset=&#8221;e29bfea1-35c6-4a81-a8a4-a5f637d8c143&#8243; text_font=&#8221;Domine||||||||&#8221; text_font_size=&#8221;20px&#8221; text_line_height=&#8221;32em&#8221; global_colors_info=&#8221;{}&#8221;]<\/p>\n<p>This 28th edition also moves to the Villavicencio Palace, located inside the Alc\u00e1zar de Jerez. Another scenario will be the Bodegas Gonz\u00e1lez-Byass.<\/p>\n<p>[\/et_pb_text][et_pb_text _builder_version=&#8221;4.22.1&#8243; _module_preset=&#8221;e29bfea1-35c6-4a81-a8a4-a5f637d8c143&#8243; text_font=&#8221;Domine||||||||&#8221; text_font_size=&#8221;20px&#8221; text_line_height=&#8221;32em&#8221; global_colors_info=&#8221;{}&#8221;]<\/p>\n<p>The XXVIII Festival de Jerez -whose tickets go on sale on October 19- has the institutional collaboration of the Ministry of Tourism, Culture and Sport; and the Ministry of Culture and Sports, through Inaem; and the Diputaci\u00f3n de C\u00e1diz; the sponsorship of Gonz\u00e1lez-Byass; and the collaboration of the Cajasol Foundation, CajaSur and the Jerez Regulatory Council.<\/p>\n<p>[\/et_pb_text][\/et_pb_column][et_pb_column type=&#8221;2_5&#8243; _builder_version=&#8221;4.20.0&#8243; _module_preset=&#8221;default&#8221; global_colors_info=&#8221;{}&#8221;][et_pb_image src=&#8221;https:\/\/allflamenco.net\/wp-content\/uploads\/2023\/10\/Festivaldejerez.es_.jpg&#8221; alt=&#8221;Jerez Festival 2024&#8243; title_text=&#8221;Festivaldejerez.es&#8221; _builder_version=&#8221;4.22.1&#8243; _module_preset=&#8221;default&#8221; image_caption_font=&#8221;Domine||||||||&#8221; image_caption_color=&#8221;#000000&#8243; image_caption_size=&#8221;12px&#8221; image_caption_lineheight=&#8221;1em&#8221; image_caption_alignment=&#8221;left&#8221; global_colors_info=&#8221;{}&#8221;][\/et_pb_image][et_pb_image src=&#8221;https:\/\/allflamenco.net\/wp-content\/uploads\/2023\/10\/Festival-de-Jerez-2024_Camarones.jpg&#8221; alt=&#8221;Jerez Festival 2024&#8243; title_text=&#8221;Festival Jerez 2024_Camarones&#8221; _builder_version=&#8221;4.22.1&#8243; _module_preset=&#8221;default&#8221; image_caption_font=&#8221;Domine||||||||&#8221; image_caption_color=&#8221;#000000&#8243; image_caption_size=&#8221;12px&#8221; image_caption_lineheight=&#8221;1em&#8221; image_caption_alignment=&#8221;left&#8221; global_colors_info=&#8221;{}&#8221;][\/et_pb_image][et_pb_image src=&#8221;https:\/\/allflamenco.net\/wp-content\/uploads\/2023\/10\/Maui-Festival-de-Jerez-2024.jpg&#8221; alt=&#8221;Maui Festival Jerez 2024&#8243; title_text=&#8221;Maui Festival Jerez 2024&#8243; _builder_version=&#8221;4.22.1&#8243; _module_preset=&#8221;default&#8221; image_caption_font=&#8221;Domine||||||||&#8221; image_caption_color=&#8221;#000000&#8243; image_caption_size=&#8221;12px&#8221; image_caption_lineheight=&#8221;1em&#8221; image_caption_alignment=&#8221;left&#8221; global_colors_info=&#8221;{}&#8221;][\/et_pb_image][et_pb_image src=&#8221;https:\/\/allflamenco.net\/wp-content\/uploads\/2023\/10\/Festivaldejerez.jpg&#8221; alt=&#8221;Jerez Festival 2024&#8243; title_text=&#8221;Festivaldejerez&#8221; _builder_version=&#8221;4.22.1&#8243; _module_preset=&#8221;default&#8221; image_caption_font=&#8221;Domine||||||||&#8221; image_caption_color=&#8221;#000000&#8243; image_caption_size=&#8221;12px&#8221; image_caption_lineheight=&#8221;1em&#8221; image_caption_alignment=&#8221;left&#8221; global_colors_info=&#8221;{}&#8221;][\/et_pb_image][\/et_pb_column][\/et_pb_row][\/et_pb_section][et_pb_section fb_built=&#8221;1&#8243; _builder_version=&#8221;4.22.1&#8243; _module_preset=&#8221;default&#8221; custom_margin=&#8221;1%||1%||false|false&#8221; custom_padding=&#8221;1%||1%||false|false&#8221; global_colors_info=&#8221;{}&#8221;][et_pb_row _builder_version=&#8221;4.22.1&#8243; _module_preset=&#8221;default&#8221; global_colors_info=&#8221;{}&#8221;][et_pb_column type=&#8221;4_4&#8243; _builder_version=&#8221;4.22.1&#8243; _module_preset=&#8221;default&#8221; global_colors_info=&#8221;{}&#8221;][et_pb_image src=&#8221;https:\/\/allflamenco.net\/wp-content\/uploads\/2023\/10\/Riqueni-Cartuja-Center.jpg&#8221; alt=&#8221;Rafael Riqueni&#8221; title_text=&#8221;Riqueni-Cartuja-Center&#8221; _builder_version=&#8221;4.22.1&#8243; _module_preset=&#8221;default&#8221; enable_caption_text=&#8221;on&#8221; image_caption_font=&#8221;Domine||||||||&#8221; image_caption_color=&#8221;#000000&#8243; image_caption_size=&#8221;12px&#8221; image_caption_lineheight=&#8221;1em&#8221; image_caption_alignment=&#8221;left&#8221; global_colors_info=&#8221;{}&#8221;][\/et_pb_image][\/et_pb_column][\/et_pb_row][\/et_pb_section][et_pb_section fb_built=&#8221;1&#8243; _builder_version=&#8221;4.22.1&#8243; _module_preset=&#8221;default&#8221; custom_margin=&#8221;1%||1%||false|false&#8221; custom_padding=&#8221;1%||1%||false|false&#8221; global_colors_info=&#8221;{}&#8221;][et_pb_row _builder_version=&#8221;4.22.1&#8243; _module_preset=&#8221;default&#8221; global_colors_info=&#8221;{}&#8221;][et_pb_column type=&#8221;4_4&#8243; _builder_version=&#8221;4.20.0&#8243; _module_preset=&#8221;default&#8221; global_colors_info=&#8221;{}&#8221;][et_pb_text _builder_version=&#8221;4.22.1&#8243; _module_preset=&#8221;e29bfea1-35c6-4a81-a8a4-a5f637d8c143&#8243; text_font=&#8221;Domine||||||||&#8221; text_font_size=&#8221;20px&#8221; text_line_height=&#8221;32em&#8221; header_2_font=&#8221;Domine|700|||||||&#8221; header_2_text_color=&#8221;#000000&#8243; global_colors_info=&#8221;{}&#8221;]<\/p>\n<h2><span><\/span><\/h2>\n<h2><span>The novelty of the Festival de Jerez 2024: Flamenco Vermouth<\/span><\/h2>\n<p>Karen Lugo, Jos\u00e9 Maldonado and Juan G\u00f3mez Chicuelo will inaugurate the programming of the Watchtower Museums with <em>Three pieces,<\/em> included in the cycle <em>Vermouth Flamenco: Muy Personal,<\/em> new cycle of this flamenco contest. The aforementioned cycle of &#8220;vermouth&#8221; enhances the playful and participatory side of the Festival de Jerez 2024, in addition to its relationship with the wineries of the city, around a Jerez vermouth at the time of the aperitif. <\/p>\n<p><em>Tres piezas<\/em> is a music and dance project that builds bridges in that triad that makes up the body, mind and spirit.<\/p>\n<p>The Maui Show (<em>Sundays of vermouth and ste<\/em>w) even goes further, since it will transport spectators to the most traditional celebrations around a pot of stew. A unique proposal, because it mixes flamenco with theater and humor. <\/p>\n<p><span><\/span><\/p>\n<p>[\/et_pb_text][et_pb_text _builder_version=&#8221;4.22.1&#8243; _module_preset=&#8221;e29bfea1-35c6-4a81-a8a4-a5f637d8c143&#8243; text_font=&#8221;Domine||||||||&#8221; text_font_size=&#8221;20px&#8221; text_line_height=&#8221;32em&#8221; header_2_font=&#8221;Domine|700|||||||&#8221; header_2_text_color=&#8221;#000000&#8243; global_colors_info=&#8221;{}&#8221;]<\/p>\n<p>We can also enjoy the harp of the Jerez Ana Crisman (<em>Arpaora<\/em>) and the artistic versatility that always brings the company N\u00f3mada that, under the direction and dramaturgy of Juana Casado, will stage <em>Atrapados<\/em>.<\/p>\n<p>As complementary activities of this cycle <em>Vermouth Flamenco: Very Personal<\/em> include the screening of documentaries.<\/p>\n<p>[\/et_pb_text][\/et_pb_column][\/et_pb_row][\/et_pb_section][et_pb_section fb_built=&#8221;1&#8243; _builder_version=&#8221;4.22.1&#8243; _module_preset=&#8221;default&#8221; custom_margin=&#8221;1%||1%||false|false&#8221; custom_padding=&#8221;1%||1%||false|false&#8221; global_colors_info=&#8221;{}&#8221;][et_pb_row _builder_version=&#8221;4.22.1&#8243; _module_preset=&#8221;default&#8221; global_colors_info=&#8221;{}&#8221;][et_pb_column type=&#8221;4_4&#8243; _builder_version=&#8221;4.22.1&#8243; _module_preset=&#8221;default&#8221; global_colors_info=&#8221;{}&#8221;][et_pb_text _builder_version=&#8221;4.22.1&#8243; _module_preset=&#8221;e29bfea1-35c6-4a81-a8a4-a5f637d8c143&#8243; text_font=&#8221;Domine||||||||&#8221; text_font_size=&#8221;20px&#8221; text_line_height=&#8221;32em&#8221; header_2_font=&#8221;Domine|700|||||||&#8221; header_2_text_color=&#8221;#000000&#8243; global_colors_info=&#8221;{}&#8221;]<\/p>\n<h2><span>Also guitar and singing<\/span><\/h2>\n<p>In the Villavicencio Palace, located inside the Alc\u00e1zar de Jerez, you can listen to the singing without acoustic amplification <a href=\"https:\/\/allflamenco.net\/en\/blog\/rocio-luna-lampara-minera\/\">of Roc\u00edo Luna, last winner of the Mining Lamp of La Uni\u00f3n,<\/a> in addition to the cantaoras virtues of Bernardo Rubichi, Pedro Montoya El Chanquita and Jes\u00fas Corbacho. <\/p>\n<p>The Sala Compa\u00f1\u00eda is devoted to the guitars of two Jerezanos: Jos\u00e9 Quevedo Bolita (with his new album <em>F\u00e9rtil<\/em>) and Juan Diego Mateos, who presents <em>Una promesa,<\/em> his fourth album.<\/p>\n<p>In the Villavicencio Palace, located inside the Alc\u00e1zar de Jerez, you can listen to the singing without acoustic amplification of Roc\u00edo Luna, last winner of the Mining Lamp of La Uni\u00f3n, in addition to the cantaoras virtues of Bernardo Rubichi, Pedro Montoya El Chanquita and Jes\u00fas Corbacho. At the stroke of midnight, the voices of Jos\u00e9 de los Camarones, Luis Moneo -who will present his album <em>Metal fund\u00edo<\/em>&#8211; and <a href=\"https:\/\/allflamenco.net\/en\/blog\/the-pele-opener-david-bowie\/\">El Pele<\/a> will sound. And from singing he goes to the guitar by including Rafael Riqueni in this scenic space.<\/p>\n<p><span><\/span><\/p>\n<p><span><\/span><\/p>\n<p><span><\/span><\/p>\n<p>[\/et_pb_text][\/et_pb_column][\/et_pb_row][\/et_pb_section][et_pb_section fb_built=&#8221;1&#8243; admin_label=&#8221;Services&#8221; _builder_version=&#8221;4.22.1&#8243; _module_preset=&#8221;default&#8221; background_color=&#8221;#eaebe6&#8243; use_background_color_gradient=&#8221;on&#8221; background_color_gradient_stops=&#8221;#f0ebe7 80%|#dfdad6 80%&#8221; custom_padding=&#8221;||0px|||&#8221; collapsed=&#8221;on&#8221; global_colors_info=&#8221;{}&#8221;][et_pb_row column_structure=&#8221;1_2,1_2&#8243; _builder_version=&#8221;4.22.1&#8243; _module_preset=&#8221;default&#8221; global_colors_info=&#8221;{}&#8221;][et_pb_column type=&#8221;1_2&#8243; _builder_version=&#8221;4.22.1&#8243; _module_preset=&#8221;default&#8221; global_colors_info=&#8221;{}&#8221;][et_pb_image src=&#8221;https:\/\/allflamenco.net\/wp-content\/uploads\/2023\/10\/Festivaldejerez-2024-e1696209681598.jpg&#8221; alt=&#8221;Jerez Festival 2024 Program&#8221; title_text=&#8221;Festivaldejerez 2024&#8243; align=&#8221;center&#8221; _builder_version=&#8221;4.22.1&#8243; _module_preset=&#8221;default&#8221; enable_caption_text=&#8221;on&#8221; image_caption_font=&#8221;Domine||||||||&#8221; image_caption_color=&#8221;#000000&#8243; image_caption_size=&#8221;12px&#8221; image_caption_lineheight=&#8221;1em&#8221; image_caption_alignment=&#8221;center&#8221; global_colors_info=&#8221;{}&#8221;][\/et_pb_image][\/et_pb_column][et_pb_column type=&#8221;1_2&#8243; _builder_version=&#8221;4.22.1&#8243; _module_preset=&#8221;default&#8221; global_colors_info=&#8221;{}&#8221;][et_pb_text _builder_version=&#8221;4.21.0&#8243; _module_preset=&#8221;default&#8221; text_font=&#8221;Domine||||||||&#8221; text_text_color=&#8221;#000000&#8243; text_font_size=&#8221;18px&#8221; background_layout=&#8221;dark&#8221; global_colors_info=&#8221;{}&#8221;]<\/p>\n<p><strong>Practical data<\/strong><\/p>\n<p>Information telephone: 956 14 96 86<br \/><a href=\"mailto:taquilla@teatrovillamarta.es\">Correo electr\u00f3nico: taquilla@teatrovillamarta.es<\/a><br \/>Tickets for sale: <a href=\"http:\/\/www.tickentradas.com\">www.tickentradas.com<\/a><br \/>Telephone: 902 750 754 <\/p>\n<p>[\/et_pb_text][et_pb_button button_url=&#8221;https:\/\/www.festivaldejerez.es\/wp-content\/uploads\/2023\/09\/PROGRAMA-PRESENTACION-FESTIVAL-DE-JEREZ-2024.pdf&#8221; url_new_window=&#8221;on&#8221; button_text=&#8221;The entire 2024 program&#8221; _builder_version=&#8221;4.22.1&#8243; _module_preset=&#8221;default&#8221; custom_button=&#8221;on&#8221; button_text_size=&#8221;18px&#8221; button_text_color=&#8221;#FFFFFF&#8221; global_colors_info=&#8221;{}&#8221;][\/et_pb_button][et_pb_button button_url=&#8221;https:\/\/www.festivaldejerez.es\/cursos\/&#8221; url_new_window=&#8221;on&#8221; button_text=&#8221;Courses to attend&#8221; _builder_version=&#8221;4.22.1&#8243; _module_preset=&#8221;default&#8221; custom_button=&#8221;on&#8221; button_text_size=&#8221;18px&#8221; button_text_color=&#8221;#FFFFFF&#8221; global_colors_info=&#8221;{}&#8221;][\/et_pb_button][\/et_pb_column][\/et_pb_row][\/et_pb_section][et_pb_section fb_built=&#8221;1&#8243; _builder_version=&#8221;4.21.0&#8243; _module_preset=&#8221;default&#8221; border_radii=&#8221;on|1px|1px|1px|1px&#8221; border_width_all=&#8221;1px&#8221; border_color_all=&#8221;#000000&#8243; box_shadow_style=&#8221;preset1&#8243; global_colors_info=&#8221;{}&#8221;][et_pb_row column_structure=&#8221;2_5,3_5&#8243; _builder_version=&#8221;4.21.0&#8243; _module_preset=&#8221;default&#8221; global_colors_info=&#8221;{}&#8221;][et_pb_column type=&#8221;2_5&#8243; _builder_version=&#8221;4.21.0&#8243; _module_preset=&#8221;default&#8221; global_colors_info=&#8221;{}&#8221;][et_pb_text _builder_version=&#8221;4.21.0&#8243; _module_preset=&#8221;default&#8221; global_colors_info=&#8221;{}&#8221;]<\/p>\n<p>ALL FLAMENCO will tell you everything about the Festival de Jerez 2024 day by day. And if you want to remember previous editions, we propose this gala of the young promises that triumphed in dance in 2023 (button with full program) or you can see another previous edition in this Youtube video. <\/p>\n<p>[\/et_pb_text][et_pb_button button_url=&#8221;https:\/\/app.allflamenco.net\/detail\/1597\/gala-viii-baile-flamenco-puro-de-turin-27-festival-de-jerez&#8221; url_new_window=&#8221;on&#8221; button_text=&#8221;Pure Flamenco Gala in Jerez&#8221; _builder_version=&#8221;4.22.1&#8243; _module_preset=&#8221;default&#8221; custom_button=&#8221;on&#8221; button_text_size=&#8221;18px&#8221; button_text_color=&#8221;#FFFFFF&#8221; button_bg_color=&#8221;#C12A21&#8243; button_border_color=&#8221;#000000&#8243; button_font=&#8221;Domine|700|||||||&#8221; button_icon_color=&#8221;#C12A21&#8243; global_colors_info=&#8221;{}&#8221;][\/et_pb_button][\/et_pb_column][et_pb_column type=&#8221;3_5&#8243; _builder_version=&#8221;4.21.0&#8243; _module_preset=&#8221;default&#8221; global_colors_info=&#8221;{}&#8221;][et_pb_video src=&#8221;https:\/\/youtu.be\/4U7O84vM-FQ&#8221; _builder_version=&#8221;4.22.1&#8243; _module_preset=&#8221;default&#8221; hover_enabled=&#8221;0&#8243; global_colors_info=&#8221;{}&#8221; sticky_enabled=&#8221;0&#8243; image_src=&#8221;\/\/i.ytimg.com\/vi\/4U7O84vM-FQ\/hqdefault.jpg&#8221; play_icon_color=&#8221;#FFFFFF&#8221;][\/et_pb_video][\/et_pb_column][\/et_pb_row][\/et_pb_section]<\/p>\n","protected":false},"excerpt":{"rendered":"<p>We tell you what the next Festival de Jerez will be like, which will start on February 23, 2024. All the artists, the stages and a novelty&#8230; Are you coming with us?<\/p>\n","protected":false},"author":1,"featured_media":400729,"comment_status":"open","ping_status":"open","sticky":false,"template":"","format":"standard","meta":{"_et_pb_use_builder":"on","_et_pb_old_content":"","_et_gb_content_width":"","footnotes":""},"categories":[168,156],"tags":[],"class_list":["post-400772","post","type-post","status-publish","format-standard","has-post-thumbnail","hentry","category-festival-of-jerez","category-whats-new"],"yoast_head":"<!-- This site is optimized with the Yoast SEO plugin v26.8 - https:\/\/yoast.com\/product\/yoast-seo-wordpress\/ -->\n<title>We tell you the program of the Festival de Jerez 2024 - ALL FLAMENCO<\/title>\n<meta name=\"description\" content=\"We tell you how the Festival de Jerez 2024 will be, which will begin on February 23 and will be until March 9 giving the best of flamenco.\" \/>\n<meta name=\"robots\" content=\"index, follow, max-snippet:-1, max-image-preview:large, max-video-preview:-1\" \/>\n<link rel=\"canonical\" href=\"https:\/\/allflamenco.net\/en\/blog\/program-festival-de-jerez-2024\/\" \/>\n<meta property=\"og:locale\" content=\"en_US\" \/>\n<meta property=\"og:type\" content=\"article\" \/>\n<meta property=\"og:title\" content=\"We tell you the program of the Festival de Jerez 2024 - ALL FLAMENCO\" \/>\n<meta property=\"og:description\" content=\"We tell you how the Festival de Jerez 2024 will be, which will begin on February 23 and will be until March 9 giving the best of flamenco.\" \/>\n<meta property=\"og:url\" content=\"https:\/\/allflamenco.net\/en\/blog\/program-festival-de-jerez-2024\/\" \/>\n<meta property=\"og:site_name\" content=\"ALL FLAMENCO\" \/>\n<meta property=\"article:publisher\" content=\"https:\/\/www.facebook.com\/allflamenco\" \/>\n<meta property=\"article:published_time\" content=\"2023-10-02T02:50:45+00:00\" \/>\n<meta property=\"article:modified_time\" content=\"2023-10-02T19:34:19+00:00\" \/>\n<meta property=\"og:image\" content=\"https:\/\/allflamenco.net\/wp-content\/uploads\/2023\/10\/Sara-Baras-e1696212765733.jpg\" \/>\n\t<meta property=\"og:image:width\" content=\"1280\" \/>\n\t<meta property=\"og:image:height\" content=\"819\" \/>\n\t<meta property=\"og:image:type\" content=\"image\/jpeg\" \/>\n<meta name=\"author\" content=\"operations\" \/>\n<meta name=\"twitter:card\" content=\"summary_large_image\" \/>\n<meta name=\"twitter:creator\" content=\"@all_flamenco\" \/>\n<meta name=\"twitter:site\" content=\"@all_flamenco\" \/>\n<meta name=\"twitter:label1\" content=\"Written by\" \/>\n\t<meta name=\"twitter:data1\" content=\"operations\" \/>\n\t<meta name=\"twitter:label2\" content=\"Est. reading time\" \/>\n\t<meta name=\"twitter:data2\" content=\"12 minutes\" \/>\n<script type=\"application\/ld+json\" class=\"yoast-schema-graph\">{\"@context\":\"https:\/\/schema.org\",\"@graph\":[{\"@type\":\"Article\",\"@id\":\"https:\/\/allflamenco.net\/en\/blog\/program-festival-de-jerez-2024\/#article\",\"isPartOf\":{\"@id\":\"https:\/\/allflamenco.net\/en\/blog\/program-festival-de-jerez-2024\/\"},\"author\":{\"name\":\"operations\",\"@id\":\"https:\/\/allflamenco.net\/en\/#\/schema\/person\/d719366e7dbfec3bf209ab328be58252\"},\"headline\":\"We tell you the program of the Festival de Jerez 2024\",\"datePublished\":\"2023-10-02T02:50:45+00:00\",\"dateModified\":\"2023-10-02T19:34:19+00:00\",\"mainEntityOfPage\":{\"@id\":\"https:\/\/allflamenco.net\/en\/blog\/program-festival-de-jerez-2024\/\"},\"wordCount\":2379,\"commentCount\":0,\"publisher\":{\"@id\":\"https:\/\/allflamenco.net\/en\/#organization\"},\"image\":{\"@id\":\"https:\/\/allflamenco.net\/en\/blog\/program-festival-de-jerez-2024\/#primaryimage\"},\"thumbnailUrl\":\"https:\/\/allflamenco.net\/wp-content\/uploads\/2023\/10\/Sara-Baras-e1696212765733.jpg\",\"articleSection\":[\"Festival of Jerez\",\"What's New\"],\"inLanguage\":\"en-US\",\"potentialAction\":[{\"@type\":\"CommentAction\",\"name\":\"Comment\",\"target\":[\"https:\/\/allflamenco.net\/en\/blog\/program-festival-de-jerez-2024\/#respond\"]}]},{\"@type\":\"WebPage\",\"@id\":\"https:\/\/allflamenco.net\/en\/blog\/program-festival-de-jerez-2024\/\",\"url\":\"https:\/\/allflamenco.net\/en\/blog\/program-festival-de-jerez-2024\/\",\"name\":\"We tell you the program of the Festival de Jerez 2024 - ALL FLAMENCO\",\"isPartOf\":{\"@id\":\"https:\/\/allflamenco.net\/en\/#website\"},\"primaryImageOfPage\":{\"@id\":\"https:\/\/allflamenco.net\/en\/blog\/program-festival-de-jerez-2024\/#primaryimage\"},\"image\":{\"@id\":\"https:\/\/allflamenco.net\/en\/blog\/program-festival-de-jerez-2024\/#primaryimage\"},\"thumbnailUrl\":\"https:\/\/allflamenco.net\/wp-content\/uploads\/2023\/10\/Sara-Baras-e1696212765733.jpg\",\"datePublished\":\"2023-10-02T02:50:45+00:00\",\"dateModified\":\"2023-10-02T19:34:19+00:00\",\"description\":\"We tell you how the Festival de Jerez 2024 will be, which will begin on February 23 and will be until March 9 giving the best of flamenco.\",\"breadcrumb\":{\"@id\":\"https:\/\/allflamenco.net\/en\/blog\/program-festival-de-jerez-2024\/#breadcrumb\"},\"inLanguage\":\"en-US\",\"potentialAction\":[{\"@type\":\"ReadAction\",\"target\":[\"https:\/\/allflamenco.net\/en\/blog\/program-festival-de-jerez-2024\/\"]}]},{\"@type\":\"ImageObject\",\"inLanguage\":\"en-US\",\"@id\":\"https:\/\/allflamenco.net\/en\/blog\/program-festival-de-jerez-2024\/#primaryimage\",\"url\":\"https:\/\/allflamenco.net\/wp-content\/uploads\/2023\/10\/Sara-Baras-e1696212765733.jpg\",\"contentUrl\":\"https:\/\/allflamenco.net\/wp-content\/uploads\/2023\/10\/Sara-Baras-e1696212765733.jpg\",\"width\":1280,\"height\":819,\"caption\":\"Sara Baras en el Festival de Jerez 2024\"},{\"@type\":\"BreadcrumbList\",\"@id\":\"https:\/\/allflamenco.net\/en\/blog\/program-festival-de-jerez-2024\/#breadcrumb\",\"itemListElement\":[{\"@type\":\"ListItem\",\"position\":1,\"name\":\"Home\",\"item\":\"https:\/\/allflamenco.net\/en\/\"},{\"@type\":\"ListItem\",\"position\":2,\"name\":\"We tell you the program of the Festival de Jerez 2024\"}]},{\"@type\":\"WebSite\",\"@id\":\"https:\/\/allflamenco.net\/en\/#website\",\"url\":\"https:\/\/allflamenco.net\/en\/\",\"name\":\"ALL FLAMENCO\",\"description\":\"El canal para los amantes del flamenco\",\"publisher\":{\"@id\":\"https:\/\/allflamenco.net\/en\/#organization\"},\"potentialAction\":[{\"@type\":\"SearchAction\",\"target\":{\"@type\":\"EntryPoint\",\"urlTemplate\":\"https:\/\/allflamenco.net\/en\/?s={search_term_string}\"},\"query-input\":{\"@type\":\"PropertyValueSpecification\",\"valueRequired\":true,\"valueName\":\"search_term_string\"}}],\"inLanguage\":\"en-US\"},{\"@type\":\"Organization\",\"@id\":\"https:\/\/allflamenco.net\/en\/#organization\",\"name\":\"ALL FLAMENCO\",\"alternateName\":\"AF\",\"url\":\"https:\/\/allflamenco.net\/en\/\",\"logo\":{\"@type\":\"ImageObject\",\"inLanguage\":\"en-US\",\"@id\":\"https:\/\/allflamenco.net\/en\/#\/schema\/logo\/image\/\",\"url\":\"https:\/\/allflamenco.net\/wp-content\/uploads\/2023\/09\/logo-allflamenco.jpg\",\"contentUrl\":\"https:\/\/allflamenco.net\/wp-content\/uploads\/2023\/09\/logo-allflamenco.jpg\",\"width\":696,\"height\":696,\"caption\":\"ALL FLAMENCO\"},\"image\":{\"@id\":\"https:\/\/allflamenco.net\/en\/#\/schema\/logo\/image\/\"},\"sameAs\":[\"https:\/\/www.facebook.com\/allflamenco\",\"https:\/\/x.com\/all_flamenco\",\"https:\/\/www.instagram.com\/allflamenco\",\"https:\/\/www.pinterest.es\/allflamenco\/\",\"https:\/\/www.youtube.com\/@ALLFLAMENCO\",\"https:\/\/www.tiktok.com\/@allflamenco\"]},{\"@type\":\"Person\",\"@id\":\"https:\/\/allflamenco.net\/en\/#\/schema\/person\/d719366e7dbfec3bf209ab328be58252\",\"name\":\"operations\",\"sameAs\":[\"http:\/\/new.allflamenco.net\"]}]}<\/script>\n<!-- \/ Yoast SEO plugin. -->","yoast_head_json":{"title":"We tell you the program of the Festival de Jerez 2024 - ALL FLAMENCO","description":"We tell you how the Festival de Jerez 2024 will be, which will begin on February 23 and will be until March 9 giving the best of flamenco.","robots":{"index":"index","follow":"follow","max-snippet":"max-snippet:-1","max-image-preview":"max-image-preview:large","max-video-preview":"max-video-preview:-1"},"canonical":"https:\/\/allflamenco.net\/en\/blog\/program-festival-de-jerez-2024\/","og_locale":"en_US","og_type":"article","og_title":"We tell you the program of the Festival de Jerez 2024 - ALL FLAMENCO","og_description":"We tell you how the Festival de Jerez 2024 will be, which will begin on February 23 and will be until March 9 giving the best of flamenco.","og_url":"https:\/\/allflamenco.net\/en\/blog\/program-festival-de-jerez-2024\/","og_site_name":"ALL FLAMENCO","article_publisher":"https:\/\/www.facebook.com\/allflamenco","article_published_time":"2023-10-02T02:50:45+00:00","article_modified_time":"2023-10-02T19:34:19+00:00","og_image":[{"width":1280,"height":819,"url":"https:\/\/allflamenco.net\/wp-content\/uploads\/2023\/10\/Sara-Baras-e1696212765733.jpg","type":"image\/jpeg"}],"author":"operations","twitter_card":"summary_large_image","twitter_creator":"@all_flamenco","twitter_site":"@all_flamenco","twitter_misc":{"Written by":"operations","Est. reading time":"12 minutes"},"schema":{"@context":"https:\/\/schema.org","@graph":[{"@type":"Article","@id":"https:\/\/allflamenco.net\/en\/blog\/program-festival-de-jerez-2024\/#article","isPartOf":{"@id":"https:\/\/allflamenco.net\/en\/blog\/program-festival-de-jerez-2024\/"},"author":{"name":"operations","@id":"https:\/\/allflamenco.net\/en\/#\/schema\/person\/d719366e7dbfec3bf209ab328be58252"},"headline":"We tell you the program of the Festival de Jerez 2024","datePublished":"2023-10-02T02:50:45+00:00","dateModified":"2023-10-02T19:34:19+00:00","mainEntityOfPage":{"@id":"https:\/\/allflamenco.net\/en\/blog\/program-festival-de-jerez-2024\/"},"wordCount":2379,"commentCount":0,"publisher":{"@id":"https:\/\/allflamenco.net\/en\/#organization"},"image":{"@id":"https:\/\/allflamenco.net\/en\/blog\/program-festival-de-jerez-2024\/#primaryimage"},"thumbnailUrl":"https:\/\/allflamenco.net\/wp-content\/uploads\/2023\/10\/Sara-Baras-e1696212765733.jpg","articleSection":["Festival of Jerez","What's New"],"inLanguage":"en-US","potentialAction":[{"@type":"CommentAction","name":"Comment","target":["https:\/\/allflamenco.net\/en\/blog\/program-festival-de-jerez-2024\/#respond"]}]},{"@type":"WebPage","@id":"https:\/\/allflamenco.net\/en\/blog\/program-festival-de-jerez-2024\/","url":"https:\/\/allflamenco.net\/en\/blog\/program-festival-de-jerez-2024\/","name":"We tell you the program of the Festival de Jerez 2024 - ALL FLAMENCO","isPartOf":{"@id":"https:\/\/allflamenco.net\/en\/#website"},"primaryImageOfPage":{"@id":"https:\/\/allflamenco.net\/en\/blog\/program-festival-de-jerez-2024\/#primaryimage"},"image":{"@id":"https:\/\/allflamenco.net\/en\/blog\/program-festival-de-jerez-2024\/#primaryimage"},"thumbnailUrl":"https:\/\/allflamenco.net\/wp-content\/uploads\/2023\/10\/Sara-Baras-e1696212765733.jpg","datePublished":"2023-10-02T02:50:45+00:00","dateModified":"2023-10-02T19:34:19+00:00","description":"We tell you how the Festival de Jerez 2024 will be, which will begin on February 23 and will be until March 9 giving the best of flamenco.","breadcrumb":{"@id":"https:\/\/allflamenco.net\/en\/blog\/program-festival-de-jerez-2024\/#breadcrumb"},"inLanguage":"en-US","potentialAction":[{"@type":"ReadAction","target":["https:\/\/allflamenco.net\/en\/blog\/program-festival-de-jerez-2024\/"]}]},{"@type":"ImageObject","inLanguage":"en-US","@id":"https:\/\/allflamenco.net\/en\/blog\/program-festival-de-jerez-2024\/#primaryimage","url":"https:\/\/allflamenco.net\/wp-content\/uploads\/2023\/10\/Sara-Baras-e1696212765733.jpg","contentUrl":"https:\/\/allflamenco.net\/wp-content\/uploads\/2023\/10\/Sara-Baras-e1696212765733.jpg","width":1280,"height":819,"caption":"Sara Baras en el Festival de Jerez 2024"},{"@type":"BreadcrumbList","@id":"https:\/\/allflamenco.net\/en\/blog\/program-festival-de-jerez-2024\/#breadcrumb","itemListElement":[{"@type":"ListItem","position":1,"name":"Home","item":"https:\/\/allflamenco.net\/en\/"},{"@type":"ListItem","position":2,"name":"We tell you the program of the Festival de Jerez 2024"}]},{"@type":"WebSite","@id":"https:\/\/allflamenco.net\/en\/#website","url":"https:\/\/allflamenco.net\/en\/","name":"ALL FLAMENCO","description":"El canal para los amantes del flamenco","publisher":{"@id":"https:\/\/allflamenco.net\/en\/#organization"},"potentialAction":[{"@type":"SearchAction","target":{"@type":"EntryPoint","urlTemplate":"https:\/\/allflamenco.net\/en\/?s={search_term_string}"},"query-input":{"@type":"PropertyValueSpecification","valueRequired":true,"valueName":"search_term_string"}}],"inLanguage":"en-US"},{"@type":"Organization","@id":"https:\/\/allflamenco.net\/en\/#organization","name":"ALL FLAMENCO","alternateName":"AF","url":"https:\/\/allflamenco.net\/en\/","logo":{"@type":"ImageObject","inLanguage":"en-US","@id":"https:\/\/allflamenco.net\/en\/#\/schema\/logo\/image\/","url":"https:\/\/allflamenco.net\/wp-content\/uploads\/2023\/09\/logo-allflamenco.jpg","contentUrl":"https:\/\/allflamenco.net\/wp-content\/uploads\/2023\/09\/logo-allflamenco.jpg","width":696,"height":696,"caption":"ALL FLAMENCO"},"image":{"@id":"https:\/\/allflamenco.net\/en\/#\/schema\/logo\/image\/"},"sameAs":["https:\/\/www.facebook.com\/allflamenco","https:\/\/x.com\/all_flamenco","https:\/\/www.instagram.com\/allflamenco","https:\/\/www.pinterest.es\/allflamenco\/","https:\/\/www.youtube.com\/@ALLFLAMENCO","https:\/\/www.tiktok.com\/@allflamenco"]},{"@type":"Person","@id":"https:\/\/allflamenco.net\/en\/#\/schema\/person\/d719366e7dbfec3bf209ab328be58252","name":"operations","sameAs":["http:\/\/new.allflamenco.net"]}]}},"_links":{"self":[{"href":"https:\/\/allflamenco.net\/en\/wp-json\/wp\/v2\/posts\/400772","targetHints":{"allow":["GET"]}}],"collection":[{"href":"https:\/\/allflamenco.net\/en\/wp-json\/wp\/v2\/posts"}],"about":[{"href":"https:\/\/allflamenco.net\/en\/wp-json\/wp\/v2\/types\/post"}],"author":[{"embeddable":true,"href":"https:\/\/allflamenco.net\/en\/wp-json\/wp\/v2\/users\/1"}],"replies":[{"embeddable":true,"href":"https:\/\/allflamenco.net\/en\/wp-json\/wp\/v2\/comments?post=400772"}],"version-history":[{"count":5,"href":"https:\/\/allflamenco.net\/en\/wp-json\/wp\/v2\/posts\/400772\/revisions"}],"predecessor-version":[{"id":400875,"href":"https:\/\/allflamenco.net\/en\/wp-json\/wp\/v2\/posts\/400772\/revisions\/400875"}],"wp:featuredmedia":[{"embeddable":true,"href":"https:\/\/allflamenco.net\/en\/wp-json\/wp\/v2\/media\/400729"}],"wp:attachment":[{"href":"https:\/\/allflamenco.net\/en\/wp-json\/wp\/v2\/media?parent=400772"}],"wp:term":[{"taxonomy":"category","embeddable":true,"href":"https:\/\/allflamenco.net\/en\/wp-json\/wp\/v2\/categories?post=400772"},{"taxonomy":"post_tag","embeddable":true,"href":"https:\/\/allflamenco.net\/en\/wp-json\/wp\/v2\/tags?post=400772"}],"curies":[{"name":"wp","href":"https:\/\/api.w.org\/{rel}","templated":true}]}}