{"id":400611,"date":"2023-09-27T00:29:03","date_gmt":"2023-09-27T00:29:03","guid":{"rendered":"https:\/\/allflamenco.net\/flamenco-in-malaga-de-pena-en-pena\/"},"modified":"2023-09-27T01:40:53","modified_gmt":"2023-09-27T01:40:53","slug":"flamenco-in-malaga-de-pena-en-pena","status":"publish","type":"post","link":"https:\/\/allflamenco.net\/en\/blog\/flamenco-in-malaga-de-pena-en-pena\/","title":{"rendered":"Three months of flamenco in Malaga, from pe\u00f1a to pe\u00f1a"},"content":{"rendered":"<p>[et_pb_section fb_built=&#8221;1&#8243; admin_label=&#8221;Social Sharing Buttons &#8221; _builder_version=&#8221;4.21.0&#8243; custom_margin=&#8221;0px|0px|0px|0px|true|true&#8221; custom_padding=&#8221;0px|0px|10px|0px|false|true&#8221; global_colors_info=&#8221;{}&#8221;][et_pb_row _builder_version=&#8221;4.21.0&#8243; background_size=&#8221;initial&#8221; background_position=&#8221;top_left&#8221; background_repeat=&#8221;repeat&#8221; max_width=&#8221;1280px&#8221; custom_padding=&#8221;0px|0px|0px|0px|false|false&#8221; global_colors_info=&#8221;{}&#8221;][et_pb_column type=&#8221;4_4&#8243; _builder_version=&#8221;4.21.0&#8243; _module_preset=&#8221;default&#8221; global_colors_info=&#8221;{}&#8221;][dssb_sharing_buttons icon_placement=&#8221;icon&#8221; columns=&#8221;6&#8243; icon_width=&#8221;fixed&#8221; alignment=&#8221;left&#8221; icon_color=&#8221;#111111&#8243; use_custom_icon_size=&#8221;on&#8221; icon_font_size=&#8221;16px&#8221; icon_bg=&#8221;#f4f4f4&#8243; _builder_version=&#8221;4.21.0&#8243; _module_preset=&#8221;default&#8221; border_radii_main=&#8221;on|4px|4px|4px|4px&#8221; border_radii_icon=&#8221;on|4px|4px|4px|4px&#8221; border_width_all_icon=&#8221;1px&#8221; border_color_all_icon=&#8221;#f4f4f4&#8243; border_color_all_icon_last_edited=&#8221;off|desktop&#8221; global_colors_info=&#8221;{}&#8221; border_color_all_icon__hover_enabled=&#8221;on|hover&#8221; border_color_all_icon__hover=&#8221;#111111&#8243;][dssb_sharing_button _builder_version=&#8221;4.21.0&#8243; _module_preset=&#8221;default&#8221; global_colors_info=&#8221;{}&#8221;][\/dssb_sharing_button][dssb_sharing_button social_network=&#8221;twitter&#8221; _builder_version=&#8221;4.21.0&#8243; _module_preset=&#8221;default&#8221; global_colors_info=&#8221;{}&#8221;][\/dssb_sharing_button][dssb_sharing_button social_network=&#8221;whatsapp&#8221; _builder_version=&#8221;4.21.0&#8243; _module_preset=&#8221;default&#8221; global_colors_info=&#8221;{}&#8221;][\/dssb_sharing_button][dssb_sharing_button social_network=&#8221;telegram&#8221; _builder_version=&#8221;4.21.0&#8243; _module_preset=&#8221;default&#8221; global_colors_info=&#8221;{}&#8221;][\/dssb_sharing_button][dssb_sharing_button social_network=&#8221;email&#8221; _builder_version=&#8221;4.21.0&#8243; _module_preset=&#8221;default&#8221; global_colors_info=&#8221;{}&#8221;][\/dssb_sharing_button][dssb_sharing_button social_network=&#8221;copy&#8221; _builder_version=&#8221;4.21.0&#8243; _module_preset=&#8221;default&#8221; global_colors_info=&#8221;{}&#8221;][\/dssb_sharing_button][\/dssb_sharing_buttons][\/et_pb_column][\/et_pb_row][\/et_pb_section][et_pb_section fb_built=&#8221;1&#8243; admin_label=&#8221;Header&#8221; _builder_version=&#8221;4.21.0&#8243; _dynamic_attributes=&#8221;link_option_url&#8221; _module_preset=&#8221;default&#8221; custom_margin=&#8221;0px||0px||false|false&#8221; custom_padding=&#8221;0px||0px||false|false&#8221; link_option_url=&#8221;@ET-DC@eyJkeW5hbWljIjp0cnVlLCJjb250ZW50IjoicG9zdF9saW5rX3VybF9wb3N0Iiwic2V0dGluZ3MiOnsicG9zdF9pZCI6IjEifX0=@&#8221; collapsed=&#8221;off&#8221; global_colors_info=&#8221;{}&#8221;][et_pb_row _builder_version=&#8221;4.21.0&#8243; _module_preset=&#8221;default&#8221; background_color=&#8221;RGBA(255,255,255,0)&#8221; global_colors_info=&#8221;{}&#8221;][et_pb_column type=&#8221;4_4&#8243; _builder_version=&#8221;4.21.0&#8243; _module_preset=&#8221;default&#8221; global_colors_info=&#8221;{}&#8221;][et_pb_text _builder_version=&#8221;4.21.0&#8243; _module_preset=&#8221;1ed31946-a827-4a52-8038-5b6fe27bc4ea&#8221; text_font=&#8221;Domine||||||||&#8221; text_text_color=&#8221;#000000&#8243; text_font_size=&#8221;25px&#8221; text_line_height=&#8221;35em&#8221; header_2_font=&#8221;Domine|700|||||||&#8221; header_2_text_color=&#8221;#000000&#8243; background_layout=&#8221;dark&#8221; global_colors_info=&#8221;{}&#8221;]<\/p>\n<p>Around 45 pe\u00f1as from Malaga have come together to fill the Andalusian province of Malaga with flamenco. Under the name &#8220;See you in your rock&#8221;, more than 60 artists will perform in 32 locations. We tell you where, how and at what price. <\/p>\n<p>[\/et_pb_text][\/et_pb_column][\/et_pb_row][et_pb_row column_structure=&#8221;1_2,1_2&#8243; _builder_version=&#8221;4.21.0&#8243; _module_preset=&#8221;default&#8221; background_color=&#8221;RGBA(255,255,255,0)&#8221; locked=&#8221;off&#8221; global_colors_info=&#8221;{}&#8221;][et_pb_column type=&#8221;1_2&#8243; _builder_version=&#8221;4.20.0&#8243; _module_preset=&#8221;default&#8221; custom_padding_tablet=&#8221;||30px||false|false&#8221; custom_padding_phone=&#8221;||30px||false|false&#8221; custom_padding_last_edited=&#8221;on|tablet&#8221; global_colors_info=&#8221;{}&#8221;][et_pb_text _builder_version=&#8221;4.21.0&#8243; _module_preset=&#8221;default&#8221; text_font=&#8221;Domine||||||||&#8221; text_text_color=&#8221;#000000&#8243; text_font_size=&#8221;20px&#8221; text_line_height=&#8221;32em&#8221; quote_font=&#8221;Domine||||||||&#8221; quote_text_color=&#8221;#000000&#8243; quote_font_size=&#8221;22px&#8221; quote_line_height=&#8221;32em&#8221; header_2_font=&#8221;Domine|700|||||||&#8221; header_2_text_color=&#8221;#000000&#8243; background_layout=&#8221;dark&#8221; global_colors_info=&#8221;{}&#8221;]<\/p>\n<p style=\"font-weight: 400;\">The flamenco lover in Malaga is in luck. <span>With 40 performances and 63 artists of singing, playing and dancing, the local pe\u00f1as are filled with Andalusian art until November 21, 2023. <\/span><\/p>\n<p>[\/et_pb_text][et_pb_text _builder_version=&#8221;4.21.0&#8243; _module_preset=&#8221;default&#8221; text_font=&#8221;Domine||||||||&#8221; text_text_color=&#8221;#000000&#8243; text_font_size=&#8221;20px&#8221; text_line_height=&#8221;32em&#8221; quote_font=&#8221;Domine||||||||&#8221; quote_text_color=&#8221;#000000&#8243; quote_font_size=&#8221;22px&#8221; quote_line_height=&#8221;32em&#8221; header_2_font=&#8221;Domine|700|||||||&#8221; header_2_text_color=&#8221;#000000&#8243; background_layout=&#8221;dark&#8221; global_colors_info=&#8221;{}&#8221;]<\/p>\n<p style=\"font-weight: 400;\">A singular artist, such as &#8220;El \u00c1lvarez&#8221;, is the honoree in this edition of the circuit &#8220;See you in your rock&#8221;. <\/p>\n<p>[\/et_pb_text][\/et_pb_column][et_pb_column type=&#8221;1_2&#8243; _builder_version=&#8221;4.20.0&#8243; _module_preset=&#8221;default&#8221; global_colors_info=&#8221;{}&#8221;][et_pb_image src=&#8221;@ET-DC@eyJkeW5hbWljIjp0cnVlLCJjb250ZW50IjoicG9zdF9mZWF0dXJlZF9pbWFnZSIsInNldHRpbmdzIjp7fX0=@&#8221; _builder_version=&#8221;4.22.1&#8243; _module_preset=&#8221;default&#8221; _dynamic_attributes=&#8221;src&#8221; hover_enabled=&#8221;0&#8243; sticky_enabled=&#8221;0&#8243;][\/et_pb_image][\/et_pb_column][\/et_pb_row][\/et_pb_section][et_pb_section fb_built=&#8221;1&#8243; admin_label=&#8221;Services&#8221; _builder_version=&#8221;4.21.0&#8243; _module_preset=&#8221;default&#8221; background_color=&#8221;RGBA(255,255,255,0)&#8221; custom_padding=&#8221;0px|||||&#8221; collapsed=&#8221;on&#8221; global_colors_info=&#8221;{}&#8221;][et_pb_row _builder_version=&#8221;4.21.0&#8243; _module_preset=&#8221;default&#8221; custom_margin=&#8221;0px||||false|false&#8221; custom_padding=&#8221;0px|||||&#8221; global_colors_info=&#8221;{}&#8221;][et_pb_column type=&#8221;4_4&#8243; _builder_version=&#8221;4.21.0&#8243; _module_preset=&#8221;default&#8221; global_colors_info=&#8221;{}&#8221;][et_pb_text _builder_version=&#8221;4.21.0&#8243; _module_preset=&#8221;default&#8221; text_font=&#8221;Domine||||||||&#8221; text_text_color=&#8221;#000000&#8243; text_font_size=&#8221;22px&#8221; text_line_height=&#8221;32em&#8221; header_2_font=&#8221;Domine|700|||||||&#8221; header_2_text_color=&#8221;#000000&#8243; custom_margin=&#8221;0px||0px||false|false&#8221; custom_padding=&#8221;0px||0px||false|false&#8221; inline_fonts=&#8221;ABeeZee,Karla&#8221; global_colors_info=&#8221;{}&#8221;]<\/p>\n<p><!--\u2013column\u2013--><!--\u2013column\u2013--><\/p>\n<h2>What does this circuit consist of?<\/h2>\n<p style=\"font-weight: 400;\"><span>For three months of performances, this circuit &#8220;from pe\u00f1a to pe\u00f1a&#8221; has been held for 15 years. It focuses on artists from Malaga, but there are always some exceptions. On this occasion, Antonio Moya, who comes from Utrera &#8220;but who is one more from Malaga&#8221;, say the organizers.<\/span><\/p>\n<p style=\"font-weight: 400;\"><span><span style=\"font-weight: 400; background-color: rgba(255, 255, 255, 0);\">Commissioning, <a href=\"https:\/\/www.malaga.es\/\">that part of the deputation of Malaga,<\/a> <\/span><span style=\"font-weight: 400; background-color: rgba(255, 255, 255, 0);\">It divides the programme into three cycles: &#8216;De pe\u00f1a en pe\u00f1a&#8217;, &#8216;El baile por bandera&#8217; and &#8216;M\u00e1laga cantaora&#8217;. It divides the programme into three cycles: &#8216;De pe\u00f1a en pe\u00f1a&#8217;, &#8216;El baile por bandera&#8217; and &#8216;M\u00e1laga cantaora&#8217;.<\/span>he Provincial Federation of Pe\u00f1as Flamencas de M\u00e1laga is fundamental in its development. <\/span><\/p>\n<p>[\/et_pb_text][et_pb_text _builder_version=&#8221;4.21.0&#8243; _module_preset=&#8221;default&#8221; text_font=&#8221;Domine||||||||&#8221; text_text_color=&#8221;#000000&#8243; text_font_size=&#8221;22px&#8221; text_line_height=&#8221;32em&#8221; header_2_font=&#8221;Domine|700|||||||&#8221; header_2_text_color=&#8221;#000000&#8243; custom_margin=&#8221;0px||0px||false|false&#8221; custom_padding=&#8221;0px||0px||false|false&#8221; inline_fonts=&#8221;ABeeZee,Karla&#8221; global_colors_info=&#8221;{}&#8221;]<\/p>\n<p><!--\u2013column\u2013--><!--\u2013column\u2013--><\/p>\n<h2>Where is it celebrated and how much does it cost?<\/h2>\n<p style=\"font-weight: 400;\"><span style=\"font-weight: 400; background-color: rgba(255, 255, 255, 0);\">It will be in 45 clubs of 32 municipalities the scene of the performances that fill this autumn a Malaga focused on flamenco. All performances are free until the capacity of the premises is completed. <\/span><\/p>\n<p style=\"font-weight: 400;\"><span style=\"font-weight: 400; background-color: rgba(255, 255, 255, 0);\"><\/span><\/p>\n<p style=\"font-weight: 400;\"><span style=\"font-weight: 400; background-color: rgba(255, 255, 255, 0);\"><span><a href=\"https:\/\/www.federacion-pfmalaga.org\/listado-de-penas\/\">The clubs in which there are performances are these:list of pe\u00f1as in Malaga.<\/a> <\/span><\/span><\/p>\n<p style=\"font-weight: 400;\"><span style=\"font-weight: 400; background-color: rgba(255, 255, 255, 0);\"><span>The towns that host the most ambitious flamenco circuit in Malaga of the year are: Mijas Costa, C\u00f3mpeta, Co\u00edn, Nerja, Alhaur\u00edn de la Torre, Antequera, Casarabonela, Ronda, Tolox and Alhaur\u00edn el Grande.<\/span><\/span><\/p>\n<p style=\"font-weight: 400;\"><span style=\"font-weight: 400; background-color: rgba(255, 255, 255, 0);\"><span> In addition to the capital, Malaga, also Marbella, Guaro, San Pedro Alc\u00e1ntara, Teba, Alozaina, Campillos, Casabermeja, Valle de Abdalaj\u00eds, Manilva, El Burgo, Rinc\u00f3n de la Victoria, Monda, Alora, Benalm\u00e1dena, Humilladero, Riogordo, Alm\u00e1char, Cuevas de San Marcos, C\u00e1rtama, Colmenar and Oj\u00e9n.<\/span><\/span><\/p>\n<p>[\/et_pb_text][et_pb_text _builder_version=&#8221;4.21.0&#8243; _module_preset=&#8221;default&#8221; text_font=&#8221;Domine||||||||&#8221; text_text_color=&#8221;#000000&#8243; text_font_size=&#8221;22px&#8221; text_line_height=&#8221;32em&#8221; header_2_font=&#8221;Domine|700|||||||&#8221; header_2_text_color=&#8221;#000000&#8243; custom_margin=&#8221;0px||0px||false|false&#8221; custom_padding=&#8221;0px||0px||false|false&#8221; inline_fonts=&#8221;ABeeZee,Karla&#8221; global_colors_info=&#8221;{}&#8221;]<\/p>\n<p><!--\u2013column\u2013--><!--\u2013column\u2013--><\/p>\n<h2>Who acts?<span style=\"font-weight: 400; background-color: rgba(255, 255, 255, 0);\"><\/span><\/h2>\n<p style=\"font-weight: 400;\"><span style=\"font-weight: 400; background-color: rgba(255, 255, 255, 0);\">No less than 63<\/span> <span style=\"font-weight: 400; background-color: rgba(255, 255, 255, 0);\">artists o<\/span><span style=\"font-weight: 400; background-color: rgba(255, 255, 255, 0);\">f singing, playing and dancing.<\/span><\/p>\n<p style=\"font-weight: 400;\"><strong>Al cante, entre otros,<\/strong> Rosi Campos, Virginia G\u00e1mez, Bonela Hijo, Jos\u00e9 de Chaparro, Paqui Corpas, Ana Fargas, Rosa Linero, Chelo Soto y Amparo Heredia &#8220;La Repompilla&#8221;.<\/p>\n<p style=\"font-weight: 400;\"><strong>In the field of touch,<\/strong> there will be, for example, Ismael Rueda, Antonio Soto, Carlos Haro, Andr\u00e9s Cansino, Pepe Fern\u00e1ndez, Paco Lara, Chaparro de M\u00e1laga, Camar\u00f3n de Pitita and Francisco Mart\u00edn Cerd\u00e1n.<\/p>\n<p style=\"font-weight: 400;\"><strong>And to the dance,<\/strong> Rafa Ram\u00edrez, Sandra Cisneros, Jos\u00e9 Lucena, Sara Carnero, Susana &#8220;Solera Chica&#8221;, Luisa Chicano, Ana Pastrana, F\u00e1tima Navarro, Paula Carmona and Carmen Camacho.<\/p>\n<p style=\"font-weight: 400;\"><a href=\"\/?page_id=383603\">Check in our agenda the daily events of this route and other appointments with flamenco. <\/a><\/p>\n<p style=\"font-weight: 400;\">\n<p>[\/et_pb_text][\/et_pb_column][\/et_pb_row][et_pb_row column_structure=&#8221;1_2,1_2&#8243; _builder_version=&#8221;4.22.1&#8243; _module_preset=&#8221;default&#8221; global_colors_info=&#8221;{}&#8221;][et_pb_column type=&#8221;1_2&#8243; _builder_version=&#8221;4.22.1&#8243; _module_preset=&#8221;default&#8221; global_colors_info=&#8221;{}&#8221;][et_pb_image src=&#8221;https:\/\/allflamenco.net\/wp-content\/uploads\/2023\/09\/Nos-vemos-en-tu-pena_30-sept.jpg&#8221; alt=&#8221;Nos vemos en tu pe\u00f1a_30 sept&#8221; title_text=&#8221;Nos vemos en tu pe\u00f1a_30 sept&#8221; _builder_version=&#8221;4.22.1&#8243; _module_preset=&#8221;default&#8221; global_colors_info=&#8221;{}&#8221;][\/et_pb_image][\/et_pb_column][et_pb_column type=&#8221;1_2&#8243; _builder_version=&#8221;4.22.1&#8243; _module_preset=&#8221;default&#8221; global_colors_info=&#8221;{}&#8221;][et_pb_image src=&#8221;https:\/\/allflamenco.net\/wp-content\/uploads\/2023\/09\/Nos-vemos-en-tu-pena_06-oct.jpg&#8221; alt=&#8221;Nos vemos en tu pe\u00f1a_06 oct.&#8221; title_text=&#8221;Nos vemos en tu pe\u00f1a_06 oct.&#8221; _builder_version=&#8221;4.22.1&#8243; _module_preset=&#8221;default&#8221; global_colors_info=&#8221;{}&#8221;][\/et_pb_image][\/et_pb_column][\/et_pb_row][\/et_pb_section][et_pb_section fb_built=&#8221;1&#8243; _builder_version=&#8221;4.22.1&#8243; _module_preset=&#8221;default&#8221; border_radii=&#8221;on|1px|1px|1px|1px&#8221; border_width_all=&#8221;1px&#8221; border_color_all=&#8221;#000000&#8243; box_shadow_style=&#8221;preset1&#8243; global_colors_info=&#8221;{}&#8221;][et_pb_row column_structure=&#8221;2_5,3_5&#8243; _builder_version=&#8221;4.21.0&#8243; _module_preset=&#8221;default&#8221; global_colors_info=&#8221;{}&#8221;][et_pb_column type=&#8221;2_5&#8243; _builder_version=&#8221;4.21.0&#8243; _module_preset=&#8221;default&#8221; global_colors_info=&#8221;{}&#8221;][et_pb_text _builder_version=&#8221;4.21.0&#8243; _module_preset=&#8221;default&#8221; global_colors_info=&#8221;{}&#8221;]<\/p>\n<p><strong>In this video, the presentation of this event of the best flamenco in Malaga with the presence of the cantaor &#8220;El \u00c1lvarez&#8221;,<\/strong> an artist who did not want to be a typical artist. In a very emotional act, this great man had a few words. <\/p>\n<p>[\/et_pb_text][et_pb_text _builder_version=&#8221;4.21.0&#8243; _module_preset=&#8221;default&#8221; global_colors_info=&#8221;{}&#8221;]<\/p>\n<p><span>As explained by the vice president of the Malaga Provincial Council, &#8220;this edition of <em>See you in your pe\u00f1a<\/em> wants to pay tribute to Antonio \u00c1lvarez Rosales, El \u00c1lvarez. He gave up dedicating himself professionally to flamenco, but it is a joy to hear him sing at parties or meetings of friends, where he shows his knowledge of flamenco art, especially the different styles of fandango&#8221;.<\/span><\/p>\n<p>[\/et_pb_text][\/et_pb_column][et_pb_column type=&#8221;3_5&#8243; _builder_version=&#8221;4.21.0&#8243; _module_preset=&#8221;default&#8221; global_colors_info=&#8221;{}&#8221;][et_pb_video src=&#8221;https:\/\/www.youtube.com\/live\/5q3_nEgZ5qw?si=3HLFVDkkUrg_dKci&#8221; _builder_version=&#8221;4.22.1&#8243; _module_preset=&#8221;default&#8221; global_colors_info=&#8221;{}&#8221;][\/et_pb_video][\/et_pb_column][\/et_pb_row][\/et_pb_section]<\/p>\n","protected":false},"excerpt":{"rendered":"<p>From this September until November 21, flamenco in Malaga is lived in 45 pe\u00f1as, with more than 60 artists and for free. <\/p>\n","protected":false},"author":1,"featured_media":400592,"comment_status":"open","ping_status":"open","sticky":false,"template":"","format":"standard","meta":{"_et_pb_use_builder":"on","_et_pb_old_content":"","_et_gb_content_width":"","footnotes":""},"categories":[150,156],"tags":[],"class_list":["post-400611","post","type-post","status-publish","format-standard","has-post-thumbnail","hentry","category-penas-en","category-whats-new"],"yoast_head":"<!-- This site is optimized with the Yoast SEO plugin v26.8 - https:\/\/yoast.com\/product\/yoast-seo-wordpress\/ -->\n<title>Three months of flamenco in Malaga, from pe\u00f1a to pe\u00f1a - ALL FLAMENCO<\/title>\n<meta name=\"description\" content=\"From this September until November 21, flamenco in Malaga is lived in 45 pe\u00f1as, with more than 60 artists and for free.\" \/>\n<meta name=\"robots\" content=\"index, follow, max-snippet:-1, max-image-preview:large, max-video-preview:-1\" \/>\n<link rel=\"canonical\" href=\"https:\/\/allflamenco.net\/en\/blog\/flamenco-in-malaga-de-pena-en-pena\/\" \/>\n<meta property=\"og:locale\" content=\"en_US\" \/>\n<meta property=\"og:type\" content=\"article\" \/>\n<meta property=\"og:title\" content=\"Three months of flamenco in Malaga, from pe\u00f1a to pe\u00f1a - ALL FLAMENCO\" \/>\n<meta property=\"og:description\" content=\"From this September until November 21, flamenco in Malaga is lived in 45 pe\u00f1as, with more than 60 artists and for free.\" \/>\n<meta property=\"og:url\" content=\"https:\/\/allflamenco.net\/en\/blog\/flamenco-in-malaga-de-pena-en-pena\/\" \/>\n<meta property=\"og:site_name\" content=\"ALL FLAMENCO\" \/>\n<meta property=\"article:publisher\" content=\"https:\/\/www.facebook.com\/allflamenco\" \/>\n<meta property=\"article:published_time\" content=\"2023-09-27T00:29:03+00:00\" \/>\n<meta property=\"article:modified_time\" content=\"2023-09-27T01:40:53+00:00\" \/>\n<meta property=\"og:image\" content=\"https:\/\/allflamenco.net\/wp-content\/uploads\/2023\/09\/Flamenco-en-Malaga-e1695773575307.jpg\" \/>\n\t<meta property=\"og:image:width\" content=\"1280\" \/>\n\t<meta property=\"og:image:height\" content=\"853\" \/>\n\t<meta property=\"og:image:type\" content=\"image\/jpeg\" \/>\n<meta name=\"author\" content=\"operations\" \/>\n<meta name=\"twitter:card\" content=\"summary_large_image\" \/>\n<meta name=\"twitter:creator\" content=\"@all_flamenco\" \/>\n<meta name=\"twitter:site\" content=\"@all_flamenco\" \/>\n<meta name=\"twitter:label1\" content=\"Written by\" \/>\n\t<meta name=\"twitter:data1\" content=\"operations\" \/>\n\t<meta name=\"twitter:label2\" content=\"Est. reading time\" \/>\n\t<meta name=\"twitter:data2\" content=\"8 minutes\" \/>\n<script type=\"application\/ld+json\" class=\"yoast-schema-graph\">{\"@context\":\"https:\/\/schema.org\",\"@graph\":[{\"@type\":\"Article\",\"@id\":\"https:\/\/allflamenco.net\/en\/blog\/flamenco-in-malaga-de-pena-en-pena\/#article\",\"isPartOf\":{\"@id\":\"https:\/\/allflamenco.net\/en\/blog\/flamenco-in-malaga-de-pena-en-pena\/\"},\"author\":{\"name\":\"operations\",\"@id\":\"https:\/\/allflamenco.net\/en\/#\/schema\/person\/d719366e7dbfec3bf209ab328be58252\"},\"headline\":\"Three months of flamenco in Malaga, from pe\u00f1a to pe\u00f1a\",\"datePublished\":\"2023-09-27T00:29:03+00:00\",\"dateModified\":\"2023-09-27T01:40:53+00:00\",\"mainEntityOfPage\":{\"@id\":\"https:\/\/allflamenco.net\/en\/blog\/flamenco-in-malaga-de-pena-en-pena\/\"},\"wordCount\":1676,\"commentCount\":0,\"publisher\":{\"@id\":\"https:\/\/allflamenco.net\/en\/#organization\"},\"image\":{\"@id\":\"https:\/\/allflamenco.net\/en\/blog\/flamenco-in-malaga-de-pena-en-pena\/#primaryimage\"},\"thumbnailUrl\":\"https:\/\/allflamenco.net\/wp-content\/uploads\/2023\/09\/Flamenco-en-Malaga-e1695773575307.jpg\",\"articleSection\":[\"Pe\u00f1as\",\"What's New\"],\"inLanguage\":\"en-US\",\"potentialAction\":[{\"@type\":\"CommentAction\",\"name\":\"Comment\",\"target\":[\"https:\/\/allflamenco.net\/en\/blog\/flamenco-in-malaga-de-pena-en-pena\/#respond\"]}]},{\"@type\":\"WebPage\",\"@id\":\"https:\/\/allflamenco.net\/en\/blog\/flamenco-in-malaga-de-pena-en-pena\/\",\"url\":\"https:\/\/allflamenco.net\/en\/blog\/flamenco-in-malaga-de-pena-en-pena\/\",\"name\":\"Three months of flamenco in Malaga, from pe\u00f1a to pe\u00f1a - ALL FLAMENCO\",\"isPartOf\":{\"@id\":\"https:\/\/allflamenco.net\/en\/#website\"},\"primaryImageOfPage\":{\"@id\":\"https:\/\/allflamenco.net\/en\/blog\/flamenco-in-malaga-de-pena-en-pena\/#primaryimage\"},\"image\":{\"@id\":\"https:\/\/allflamenco.net\/en\/blog\/flamenco-in-malaga-de-pena-en-pena\/#primaryimage\"},\"thumbnailUrl\":\"https:\/\/allflamenco.net\/wp-content\/uploads\/2023\/09\/Flamenco-en-Malaga-e1695773575307.jpg\",\"datePublished\":\"2023-09-27T00:29:03+00:00\",\"dateModified\":\"2023-09-27T01:40:53+00:00\",\"description\":\"From this September until November 21, flamenco in Malaga is lived in 45 pe\u00f1as, with more than 60 artists and for free.\",\"breadcrumb\":{\"@id\":\"https:\/\/allflamenco.net\/en\/blog\/flamenco-in-malaga-de-pena-en-pena\/#breadcrumb\"},\"inLanguage\":\"en-US\",\"potentialAction\":[{\"@type\":\"ReadAction\",\"target\":[\"https:\/\/allflamenco.net\/en\/blog\/flamenco-in-malaga-de-pena-en-pena\/\"]}]},{\"@type\":\"ImageObject\",\"inLanguage\":\"en-US\",\"@id\":\"https:\/\/allflamenco.net\/en\/blog\/flamenco-in-malaga-de-pena-en-pena\/#primaryimage\",\"url\":\"https:\/\/allflamenco.net\/wp-content\/uploads\/2023\/09\/Flamenco-en-Malaga-e1695773575307.jpg\",\"contentUrl\":\"https:\/\/allflamenco.net\/wp-content\/uploads\/2023\/09\/Flamenco-en-Malaga-e1695773575307.jpg\",\"width\":1280,\"height\":853,\"caption\":\"Flamenco en M\u00e1laga\"},{\"@type\":\"BreadcrumbList\",\"@id\":\"https:\/\/allflamenco.net\/en\/blog\/flamenco-in-malaga-de-pena-en-pena\/#breadcrumb\",\"itemListElement\":[{\"@type\":\"ListItem\",\"position\":1,\"name\":\"Home\",\"item\":\"https:\/\/allflamenco.net\/en\/\"},{\"@type\":\"ListItem\",\"position\":2,\"name\":\"Three months of flamenco in Malaga, from pe\u00f1a to pe\u00f1a\"}]},{\"@type\":\"WebSite\",\"@id\":\"https:\/\/allflamenco.net\/en\/#website\",\"url\":\"https:\/\/allflamenco.net\/en\/\",\"name\":\"ALL FLAMENCO\",\"description\":\"El canal para los amantes del flamenco\",\"publisher\":{\"@id\":\"https:\/\/allflamenco.net\/en\/#organization\"},\"potentialAction\":[{\"@type\":\"SearchAction\",\"target\":{\"@type\":\"EntryPoint\",\"urlTemplate\":\"https:\/\/allflamenco.net\/en\/?s={search_term_string}\"},\"query-input\":{\"@type\":\"PropertyValueSpecification\",\"valueRequired\":true,\"valueName\":\"search_term_string\"}}],\"inLanguage\":\"en-US\"},{\"@type\":\"Organization\",\"@id\":\"https:\/\/allflamenco.net\/en\/#organization\",\"name\":\"ALL FLAMENCO\",\"alternateName\":\"AF\",\"url\":\"https:\/\/allflamenco.net\/en\/\",\"logo\":{\"@type\":\"ImageObject\",\"inLanguage\":\"en-US\",\"@id\":\"https:\/\/allflamenco.net\/en\/#\/schema\/logo\/image\/\",\"url\":\"https:\/\/allflamenco.net\/wp-content\/uploads\/2023\/09\/logo-allflamenco.jpg\",\"contentUrl\":\"https:\/\/allflamenco.net\/wp-content\/uploads\/2023\/09\/logo-allflamenco.jpg\",\"width\":696,\"height\":696,\"caption\":\"ALL FLAMENCO\"},\"image\":{\"@id\":\"https:\/\/allflamenco.net\/en\/#\/schema\/logo\/image\/\"},\"sameAs\":[\"https:\/\/www.facebook.com\/allflamenco\",\"https:\/\/x.com\/all_flamenco\",\"https:\/\/www.instagram.com\/allflamenco\",\"https:\/\/www.pinterest.es\/allflamenco\/\",\"https:\/\/www.youtube.com\/@ALLFLAMENCO\",\"https:\/\/www.tiktok.com\/@allflamenco\"]},{\"@type\":\"Person\",\"@id\":\"https:\/\/allflamenco.net\/en\/#\/schema\/person\/d719366e7dbfec3bf209ab328be58252\",\"name\":\"operations\",\"sameAs\":[\"http:\/\/new.allflamenco.net\"]}]}<\/script>\n<!-- \/ Yoast SEO plugin. -->","yoast_head_json":{"title":"Three months of flamenco in Malaga, from pe\u00f1a to pe\u00f1a - ALL FLAMENCO","description":"From this September until November 21, flamenco in Malaga is lived in 45 pe\u00f1as, with more than 60 artists and for free.","robots":{"index":"index","follow":"follow","max-snippet":"max-snippet:-1","max-image-preview":"max-image-preview:large","max-video-preview":"max-video-preview:-1"},"canonical":"https:\/\/allflamenco.net\/en\/blog\/flamenco-in-malaga-de-pena-en-pena\/","og_locale":"en_US","og_type":"article","og_title":"Three months of flamenco in Malaga, from pe\u00f1a to pe\u00f1a - ALL FLAMENCO","og_description":"From this September until November 21, flamenco in Malaga is lived in 45 pe\u00f1as, with more than 60 artists and for free.","og_url":"https:\/\/allflamenco.net\/en\/blog\/flamenco-in-malaga-de-pena-en-pena\/","og_site_name":"ALL FLAMENCO","article_publisher":"https:\/\/www.facebook.com\/allflamenco","article_published_time":"2023-09-27T00:29:03+00:00","article_modified_time":"2023-09-27T01:40:53+00:00","og_image":[{"width":1280,"height":853,"url":"https:\/\/allflamenco.net\/wp-content\/uploads\/2023\/09\/Flamenco-en-Malaga-e1695773575307.jpg","type":"image\/jpeg"}],"author":"operations","twitter_card":"summary_large_image","twitter_creator":"@all_flamenco","twitter_site":"@all_flamenco","twitter_misc":{"Written by":"operations","Est. reading time":"8 minutes"},"schema":{"@context":"https:\/\/schema.org","@graph":[{"@type":"Article","@id":"https:\/\/allflamenco.net\/en\/blog\/flamenco-in-malaga-de-pena-en-pena\/#article","isPartOf":{"@id":"https:\/\/allflamenco.net\/en\/blog\/flamenco-in-malaga-de-pena-en-pena\/"},"author":{"name":"operations","@id":"https:\/\/allflamenco.net\/en\/#\/schema\/person\/d719366e7dbfec3bf209ab328be58252"},"headline":"Three months of flamenco in Malaga, from pe\u00f1a to pe\u00f1a","datePublished":"2023-09-27T00:29:03+00:00","dateModified":"2023-09-27T01:40:53+00:00","mainEntityOfPage":{"@id":"https:\/\/allflamenco.net\/en\/blog\/flamenco-in-malaga-de-pena-en-pena\/"},"wordCount":1676,"commentCount":0,"publisher":{"@id":"https:\/\/allflamenco.net\/en\/#organization"},"image":{"@id":"https:\/\/allflamenco.net\/en\/blog\/flamenco-in-malaga-de-pena-en-pena\/#primaryimage"},"thumbnailUrl":"https:\/\/allflamenco.net\/wp-content\/uploads\/2023\/09\/Flamenco-en-Malaga-e1695773575307.jpg","articleSection":["Pe\u00f1as","What's New"],"inLanguage":"en-US","potentialAction":[{"@type":"CommentAction","name":"Comment","target":["https:\/\/allflamenco.net\/en\/blog\/flamenco-in-malaga-de-pena-en-pena\/#respond"]}]},{"@type":"WebPage","@id":"https:\/\/allflamenco.net\/en\/blog\/flamenco-in-malaga-de-pena-en-pena\/","url":"https:\/\/allflamenco.net\/en\/blog\/flamenco-in-malaga-de-pena-en-pena\/","name":"Three months of flamenco in Malaga, from pe\u00f1a to pe\u00f1a - ALL FLAMENCO","isPartOf":{"@id":"https:\/\/allflamenco.net\/en\/#website"},"primaryImageOfPage":{"@id":"https:\/\/allflamenco.net\/en\/blog\/flamenco-in-malaga-de-pena-en-pena\/#primaryimage"},"image":{"@id":"https:\/\/allflamenco.net\/en\/blog\/flamenco-in-malaga-de-pena-en-pena\/#primaryimage"},"thumbnailUrl":"https:\/\/allflamenco.net\/wp-content\/uploads\/2023\/09\/Flamenco-en-Malaga-e1695773575307.jpg","datePublished":"2023-09-27T00:29:03+00:00","dateModified":"2023-09-27T01:40:53+00:00","description":"From this September until November 21, flamenco in Malaga is lived in 45 pe\u00f1as, with more than 60 artists and for free.","breadcrumb":{"@id":"https:\/\/allflamenco.net\/en\/blog\/flamenco-in-malaga-de-pena-en-pena\/#breadcrumb"},"inLanguage":"en-US","potentialAction":[{"@type":"ReadAction","target":["https:\/\/allflamenco.net\/en\/blog\/flamenco-in-malaga-de-pena-en-pena\/"]}]},{"@type":"ImageObject","inLanguage":"en-US","@id":"https:\/\/allflamenco.net\/en\/blog\/flamenco-in-malaga-de-pena-en-pena\/#primaryimage","url":"https:\/\/allflamenco.net\/wp-content\/uploads\/2023\/09\/Flamenco-en-Malaga-e1695773575307.jpg","contentUrl":"https:\/\/allflamenco.net\/wp-content\/uploads\/2023\/09\/Flamenco-en-Malaga-e1695773575307.jpg","width":1280,"height":853,"caption":"Flamenco en M\u00e1laga"},{"@type":"BreadcrumbList","@id":"https:\/\/allflamenco.net\/en\/blog\/flamenco-in-malaga-de-pena-en-pena\/#breadcrumb","itemListElement":[{"@type":"ListItem","position":1,"name":"Home","item":"https:\/\/allflamenco.net\/en\/"},{"@type":"ListItem","position":2,"name":"Three months of flamenco in Malaga, from pe\u00f1a to pe\u00f1a"}]},{"@type":"WebSite","@id":"https:\/\/allflamenco.net\/en\/#website","url":"https:\/\/allflamenco.net\/en\/","name":"ALL FLAMENCO","description":"El canal para los amantes del flamenco","publisher":{"@id":"https:\/\/allflamenco.net\/en\/#organization"},"potentialAction":[{"@type":"SearchAction","target":{"@type":"EntryPoint","urlTemplate":"https:\/\/allflamenco.net\/en\/?s={search_term_string}"},"query-input":{"@type":"PropertyValueSpecification","valueRequired":true,"valueName":"search_term_string"}}],"inLanguage":"en-US"},{"@type":"Organization","@id":"https:\/\/allflamenco.net\/en\/#organization","name":"ALL FLAMENCO","alternateName":"AF","url":"https:\/\/allflamenco.net\/en\/","logo":{"@type":"ImageObject","inLanguage":"en-US","@id":"https:\/\/allflamenco.net\/en\/#\/schema\/logo\/image\/","url":"https:\/\/allflamenco.net\/wp-content\/uploads\/2023\/09\/logo-allflamenco.jpg","contentUrl":"https:\/\/allflamenco.net\/wp-content\/uploads\/2023\/09\/logo-allflamenco.jpg","width":696,"height":696,"caption":"ALL FLAMENCO"},"image":{"@id":"https:\/\/allflamenco.net\/en\/#\/schema\/logo\/image\/"},"sameAs":["https:\/\/www.facebook.com\/allflamenco","https:\/\/x.com\/all_flamenco","https:\/\/www.instagram.com\/allflamenco","https:\/\/www.pinterest.es\/allflamenco\/","https:\/\/www.youtube.com\/@ALLFLAMENCO","https:\/\/www.tiktok.com\/@allflamenco"]},{"@type":"Person","@id":"https:\/\/allflamenco.net\/en\/#\/schema\/person\/d719366e7dbfec3bf209ab328be58252","name":"operations","sameAs":["http:\/\/new.allflamenco.net"]}]}},"_links":{"self":[{"href":"https:\/\/allflamenco.net\/en\/wp-json\/wp\/v2\/posts\/400611","targetHints":{"allow":["GET"]}}],"collection":[{"href":"https:\/\/allflamenco.net\/en\/wp-json\/wp\/v2\/posts"}],"about":[{"href":"https:\/\/allflamenco.net\/en\/wp-json\/wp\/v2\/types\/post"}],"author":[{"embeddable":true,"href":"https:\/\/allflamenco.net\/en\/wp-json\/wp\/v2\/users\/1"}],"replies":[{"embeddable":true,"href":"https:\/\/allflamenco.net\/en\/wp-json\/wp\/v2\/comments?post=400611"}],"version-history":[{"count":4,"href":"https:\/\/allflamenco.net\/en\/wp-json\/wp\/v2\/posts\/400611\/revisions"}],"predecessor-version":[{"id":400649,"href":"https:\/\/allflamenco.net\/en\/wp-json\/wp\/v2\/posts\/400611\/revisions\/400649"}],"wp:featuredmedia":[{"embeddable":true,"href":"https:\/\/allflamenco.net\/en\/wp-json\/wp\/v2\/media\/400592"}],"wp:attachment":[{"href":"https:\/\/allflamenco.net\/en\/wp-json\/wp\/v2\/media?parent=400611"}],"wp:term":[{"taxonomy":"category","embeddable":true,"href":"https:\/\/allflamenco.net\/en\/wp-json\/wp\/v2\/categories?post=400611"},{"taxonomy":"post_tag","embeddable":true,"href":"https:\/\/allflamenco.net\/en\/wp-json\/wp\/v2\/tags?post=400611"}],"curies":[{"name":"wp","href":"https:\/\/api.w.org\/{rel}","templated":true}]}}