{"id":400358,"date":"2023-09-17T11:52:59","date_gmt":"2023-09-17T11:52:59","guid":{"rendered":"https:\/\/allflamenco.net\/tribute-juan-villar\/"},"modified":"2023-10-07T21:48:38","modified_gmt":"2023-10-07T21:48:38","slug":"tribute-juan-villar","status":"publish","type":"post","link":"https:\/\/allflamenco.net\/en\/blog\/tribute-juan-villar\/","title":{"rendered":"Historic tribute to Juan Villar at the &#8220;biennial of C\u00e1diz&#8221;"},"content":{"rendered":"<p>[et_pb_section fb_built=&#8221;1&#8243; admin_label=&#8221;Social Sharing Buttons &#8221; _builder_version=&#8221;4.21.0&#8243; custom_margin=&#8221;0px|0px|0px|0px|true|true&#8221; custom_padding=&#8221;0px|0px|10px|0px|false|true&#8221; global_colors_info=&#8221;{}&#8221;][et_pb_row _builder_version=&#8221;4.21.0&#8243; background_size=&#8221;initial&#8221; background_position=&#8221;top_left&#8221; background_repeat=&#8221;repeat&#8221; max_width=&#8221;1280px&#8221; custom_padding=&#8221;0px|0px|0px|0px|false|false&#8221; global_colors_info=&#8221;{}&#8221;][et_pb_column type=&#8221;4_4&#8243; _builder_version=&#8221;4.21.0&#8243; _module_preset=&#8221;default&#8221; global_colors_info=&#8221;{}&#8221;][dssb_sharing_buttons icon_placement=&#8221;icon&#8221; columns=&#8221;6&#8243; icon_width=&#8221;fixed&#8221; alignment=&#8221;left&#8221; icon_color=&#8221;#111111&#8243; use_custom_icon_size=&#8221;on&#8221; icon_font_size=&#8221;16px&#8221; icon_bg=&#8221;#f4f4f4&#8243; _builder_version=&#8221;4.21.0&#8243; _module_preset=&#8221;default&#8221; border_radii_main=&#8221;on|4px|4px|4px|4px&#8221; border_radii_icon=&#8221;on|4px|4px|4px|4px&#8221; border_width_all_icon=&#8221;1px&#8221; border_color_all_icon=&#8221;#f4f4f4&#8243; border_color_all_icon_last_edited=&#8221;off|desktop&#8221; global_colors_info=&#8221;{}&#8221; border_color_all_icon__hover_enabled=&#8221;on|hover&#8221; border_color_all_icon__hover=&#8221;#111111&#8243;][dssb_sharing_button _builder_version=&#8221;4.21.0&#8243; _module_preset=&#8221;default&#8221; global_colors_info=&#8221;{}&#8221;][\/dssb_sharing_button][dssb_sharing_button social_network=&#8221;twitter&#8221; _builder_version=&#8221;4.21.0&#8243; _module_preset=&#8221;default&#8221; global_colors_info=&#8221;{}&#8221;][\/dssb_sharing_button][dssb_sharing_button social_network=&#8221;whatsapp&#8221; _builder_version=&#8221;4.21.0&#8243; _module_preset=&#8221;default&#8221; global_colors_info=&#8221;{}&#8221;][\/dssb_sharing_button][dssb_sharing_button social_network=&#8221;telegram&#8221; _builder_version=&#8221;4.21.0&#8243; _module_preset=&#8221;default&#8221; global_colors_info=&#8221;{}&#8221;][\/dssb_sharing_button][dssb_sharing_button social_network=&#8221;email&#8221; _builder_version=&#8221;4.21.0&#8243; _module_preset=&#8221;default&#8221; global_colors_info=&#8221;{}&#8221;][\/dssb_sharing_button][dssb_sharing_button social_network=&#8221;copy&#8221; _builder_version=&#8221;4.21.0&#8243; _module_preset=&#8221;default&#8221; global_colors_info=&#8221;{}&#8221;][\/dssb_sharing_button][\/dssb_sharing_buttons][et_pb_text _builder_version=&#8221;4.22.1&#8243; _module_preset=&#8221;default&#8221; text_font=&#8221;Domine||||||||&#8221; text_text_color=&#8221;#000000&#8243; text_font_size=&#8221;25px&#8221; text_line_height=&#8221;35em&#8221; header_2_font=&#8221;Domine|700|||||||&#8221; header_2_text_color=&#8221;#000000&#8243; background_layout=&#8221;dark&#8221; global_colors_info=&#8221;{}&#8221; text_letter_spacing__hover=&#8221;0px&#8221; text_letter_spacing__hover_enabled=&#8221;0px&#8221; text_text_shadow_color__hover=&#8221;rgba(0,0,0,0.4)&#8221; text_text_shadow_color__hover_enabled=&#8221;rgba(0,0,0,0.4)&#8221;]<\/p>\n<p><span style=\"color: #000000;\">It could not be held this summer, as planned, but it was worth it. The III Flamenco Biennial of C\u00e1diz, Jerez and Los Puertos will celebrate a tribute to the cantaor Juan Villar with great figures of the moment. The show promises to be one of the memorable ones. <\/span><\/p>\n<p>[\/et_pb_text][\/et_pb_column][\/et_pb_row][\/et_pb_section][et_pb_section fb_built=&#8221;1&#8243; theme_builder_area=&#8221;post_content&#8221; _builder_version=&#8221;4.22.1&#8243; _module_preset=&#8221;default&#8221; custom_margin=&#8221;1%||1%||false|false&#8221; custom_padding=&#8221;1%||1%||false|false&#8221; hover_enabled=&#8221;0&#8243; sticky_enabled=&#8221;0&#8243;][et_pb_row _builder_version=&#8221;4.22.1&#8243; _module_preset=&#8221;default&#8221; theme_builder_area=&#8221;post_content&#8221;][et_pb_column _builder_version=&#8221;4.22.1&#8243; _module_preset=&#8221;default&#8221; type=&#8221;4_4&#8243; theme_builder_area=&#8221;post_content&#8221;][et_pb_image src=&#8221;https:\/\/allflamenco.net\/wp-content\/uploads\/2023\/10\/bienal-homenaje-juan-villar-e1696482213854.jpg&#8221; _builder_version=&#8221;4.22.1&#8243; _module_preset=&#8221;default&#8221; theme_builder_area=&#8221;post_content&#8221; alt=&#8221;Biennial-Tribute-Juan-Villar&#8221; title_text=&#8221;Biennial-Tribute-Juan-Villar&#8221; hover_enabled=&#8221;0&#8243; sticky_enabled=&#8221;0&#8243;][\/et_pb_image][\/et_pb_column][\/et_pb_row][\/et_pb_section][et_pb_section fb_built=&#8221;1&#8243; _builder_version=&#8221;4.22.1&#8243; _module_preset=&#8221;default&#8221; custom_margin=&#8221;1%||1%||false|false&#8221; custom_padding=&#8221;1%||1%||false|false&#8221; global_colors_info=&#8221;{}&#8221;][et_pb_row _builder_version=&#8221;4.22.1&#8243; _module_preset=&#8221;default&#8221; global_colors_info=&#8221;{}&#8221;][et_pb_column type=&#8221;4_4&#8243; _builder_version=&#8221;4.22.1&#8243; _module_preset=&#8221;default&#8221; global_colors_info=&#8221;{}&#8221;][et_pb_text _builder_version=&#8221;4.22.1&#8243; _module_preset=&#8221;default&#8221; text_font=&#8221;Domine||||||||&#8221; text_text_color=&#8221;#000000&#8243; text_font_size=&#8221;20px&#8221; text_line_height=&#8221;32em&#8221; background_layout=&#8221;dark&#8221; global_colors_info=&#8221;{}&#8221;]<\/p>\n<p>The cantaor Juan Villar, a living legend of flamenco, is headlining the III Biennial of C\u00e1diz, Jerez and Los Puertos from October 1 to November 30.<\/p>\n<p>This third edition will be held in 8 locations in the Community of C\u00e1diz with more than twenty shows, as well as different exhibitions and conferences.<\/p>\n<p>[\/et_pb_text][\/et_pb_column][\/et_pb_row][\/et_pb_section][et_pb_section fb_built=&#8221;1&#8243; _builder_version=&#8221;4.21.0&#8243; _module_preset=&#8221;default&#8221; border_radii=&#8221;on|1px|1px|1px|1px&#8221; border_width_all=&#8221;1px&#8221; border_color_all=&#8221;#000000&#8243; box_shadow_style=&#8221;preset1&#8243; global_colors_info=&#8221;{}&#8221;][et_pb_row column_structure=&#8221;2_5,3_5&#8243; _builder_version=&#8221;4.21.0&#8243; _module_preset=&#8221;default&#8221; global_colors_info=&#8221;{}&#8221;][et_pb_column type=&#8221;2_5&#8243; _builder_version=&#8221;4.21.0&#8243; _module_preset=&#8221;default&#8221; global_colors_info=&#8221;{}&#8221;][et_pb_text _builder_version=&#8221;4.21.0&#8243; _module_preset=&#8221;default&#8221; global_colors_info=&#8221;{}&#8221;]<\/p>\n<h2 style=\"font-variant-ligatures: normal; font-variant-caps: normal; font-size: 48px; line-height: 1.2em; font-family: Unna, Georgia, 'Times New Roman', serif;\">Appointment with Juan Villar<\/h2>\n<p>[\/et_pb_text][et_pb_text _builder_version=&#8221;4.22.1&#8243; _module_preset=&#8221;default&#8221; text_font=&#8221;Domine||||||||&#8221; text_text_color=&#8221;#000000&#8243; text_font_size=&#8221;20px&#8221; text_line_height=&#8221;32em&#8221; background_layout=&#8221;dark&#8221; global_colors_info=&#8221;{}&#8221;]<\/p>\n<p class=\"MsoNormal\">Since he began in his youth in the painting Los chavalillos gaditanos, Juan Villar has added more than 50 years of career, stepping on stages around the world and obtaining different recognitions. The last one will be received next November, the Manolo Sanl\u00facar International Flamenco Prize.<\/p>\n<p class=\"MsoNormal\">Hence, the Biennial wanted to pay tribute to the artist from C\u00e1diz, being the protagonist of a great gala that will take place on October 31 at the Palacio de Congresos de C\u00e1diz. Villar and his family will be with Antonio Canales, Alonso N\u00fa\u00f1ez Rancapino Chico, Caracolillo de C\u00e1diz, Samuel Serrano, May Fern\u00e1ndez, Laura Vital, Manuel Jero and Paco Le\u00f3n.<o:p><\/o:p><\/p>\n<p>[\/et_pb_text][\/et_pb_column][et_pb_column type=&#8221;3_5&#8243; _builder_version=&#8221;4.21.0&#8243; _module_preset=&#8221;default&#8221; global_colors_info=&#8221;{}&#8221;][et_pb_image src=&#8221;https:\/\/allflamenco.net\/wp-content\/uploads\/2023\/09\/Cartel-Bienal-Cadiz.jpg&#8221; alt=&#8221;Cadiz Biennial Poster&#8221; title_text=&#8221;Cadiz Biennial Poster&#8221; _builder_version=&#8221;4.22.1&#8243; _module_preset=&#8221;default&#8221; global_colors_info=&#8221;{}&#8221;][\/et_pb_image][\/et_pb_column][\/et_pb_row][\/et_pb_section][et_pb_section fb_built=&#8221;1&#8243; _builder_version=&#8221;4.22.1&#8243; _module_preset=&#8221;default&#8221; custom_margin=&#8221;1%||1%||false|false&#8221; custom_padding=&#8221;1%||1%||false|false&#8221; global_colors_info=&#8221;{}&#8221;][et_pb_row _builder_version=&#8221;4.22.1&#8243; _module_preset=&#8221;default&#8221; global_colors_info=&#8221;{}&#8221;][et_pb_column type=&#8221;4_4&#8243; _builder_version=&#8221;4.22.1&#8243; _module_preset=&#8221;default&#8221; global_colors_info=&#8221;{}&#8221;][et_pb_text _builder_version=&#8221;4.22.1&#8243; _module_preset=&#8221;default&#8221; text_font=&#8221;Domine||||||||&#8221; text_text_color=&#8221;#000000&#8243; text_font_size=&#8221;20px&#8221; text_line_height=&#8221;32em&#8221; header_2_font=&#8221;Domine|700|||||||&#8221; header_2_text_color=&#8221;#000000&#8243; background_layout=&#8221;dark&#8221; global_colors_info=&#8221;{}&#8221;]<\/p>\n<h2>In and around Juan Villar<\/h2>\n<p>The capital of Cadiz will host a singing recital by Anabel Rivera and another with the saga of Juan Villar, both at the La Merced Cultural Center.<\/p>\n<p>This space will also house an exhibition of paintings by the artist Miguel Heredia and another photographic, with images donated by the Pe\u00f1a flamenca Juan Villar, both with a theme about the artist.<\/p>\n<p>For his part, F\u00e9lix Rodr\u00edguez will hold the conference &#8220;Juan Villar, el duende de lo jondo&#8221; in the flamenco club that bears his name, where there will also be a singing recital by Caracolillo de C\u00e1diz and Miguel Salado.<\/p>\n<p class=\"MsoNormal\"><o:p><\/o:p><\/p>\n<p>[\/et_pb_text][et_pb_text _builder_version=&#8221;4.22.1&#8243; _module_preset=&#8221;default&#8221; text_font=&#8221;Domine||||||||&#8221; text_text_color=&#8221;#000000&#8243; text_font_size=&#8221;20px&#8221; text_line_height=&#8221;32em&#8221; header_2_font=&#8221;Domine|700|||||||&#8221; header_2_text_color=&#8221;#000000&#8243; background_layout=&#8221;dark&#8221; global_colors_info=&#8221;{}&#8221;]<\/p>\n<h2>The Biennial in Chiclana, San Fernando and Sanl\u00facar<\/h2>\n<p>In <strong>Chiclana<\/strong>, on October 6 and at the Teatro Moderno, the dance company of David Nieto and Paula Sierra will present &#8220;Alma&#8221;. On October 20, on the same stage, Selu del Puerto and Alvar\u00f3 Gal\u00e1n will be the protagonists of the show &#8220;Flamenc\u00f3licos&#8221;.<\/p>\n<p><strong>San Fernando,<\/strong>with the journalist of Radio Nacional de Espa\u00f1a Joaqu\u00edn L\u00f3pez Bustamante, he will host a conference on the gypsy lexicon of Camar\u00f3n in his songs. In addition, on October 14, at the cultural center of Camar\u00f3n, there will be a singing recital by Pedr\u00edn Garc\u00eda and Carmen de la Jara. <\/p>\n<p>If we go to <strong>Sanlucar de Barrameda,<\/strong> on October 27, the Manolo Sanl\u00facar auditorium will host &#8220;Fuente de inspiraci\u00f3n&#8221;, a dance show by Cristina Ald\u00f3n. A day later, in the same auditorium, Tomasa Guerrero La Macanita, along with Manolo Valencia, will be the protagonists. And on October 29, the Biennial will say goodbye to this town with the guitar recital of Carlos P\u00e9rez.<\/p>\n<p class=\"MsoNormal\"><o:p><\/o:p><\/p>\n<p>[\/et_pb_text][et_pb_text _builder_version=&#8221;4.22.1&#8243; _module_preset=&#8221;default&#8221; text_font=&#8221;Domine||||||||&#8221; text_text_color=&#8221;#000000&#8243; text_font_size=&#8221;20px&#8221; text_line_height=&#8221;32em&#8221; header_2_font=&#8221;Domine|700|||||||&#8221; header_2_text_color=&#8221;#000000&#8243; background_layout=&#8221;dark&#8221; global_colors_info=&#8221;{}&#8221;]<\/p>\n<h2>We are going to El Puerto, Algeciras and <\/h2>\n<p>Already in November, the Rosa Butler cultural center of <strong>Puerto Real<\/strong> It will host on the 10th a recital by the dance schools of the town. On November 17, in the same cultural center, a recital of singing by Susana Romero.<\/p>\n<p>That same day, but in the municipal museum of <strong>Algeciras<\/strong>, will take place the conference &#8220;The influence of the bullfighters of C\u00e1diz in flamenco&#8221;, by Guillermo Boto, putting the flamenco sounds the artist Carmen de la Jara.<\/p>\n<p>And from Campo de Gibraltar to the Bay. On November 24, the Monastery of the Victory of <strong>The Port<\/strong> It will host a show by the dance schools of the port town. A day later, on the same stage, May Fern\u00e1ndez and Anabel Rosado.<\/p>\n<p>Already in <strong>Sherry<\/strong>, on November 16, the Pe\u00f1a Flamenca Feminista LGTBI La Lola will host a dance recital by Paula Sierra. La Guarida del \u00c1ngel will be the scene, on the one hand, of a conference by the flamencologist Jos\u00e9 Mar\u00eda Casta\u00f1o; on the other, a recital by Antonio Agujetas Chico and Jos\u00e9 Carpio El Mijita, accompanied on guitar by Domingo Rubichi. <\/p>\n<p class=\"MsoNormal\"><o:p><\/o:p><\/p>\n<p>[\/et_pb_text][et_pb_text _builder_version=&#8221;4.22.1&#8243; _module_preset=&#8221;default&#8221; text_font=&#8221;Domine||||||||&#8221; text_text_color=&#8221;#000000&#8243; text_font_size=&#8221;18px&#8221; background_layout=&#8221;dark&#8221; global_colors_info=&#8221;{}&#8221;]<\/p>\n<p><strong><a href=\"https:\/\/bienalflamencocadiz.com\/\" target=\"_blank\" rel=\"noopener\">III Biennial of C\u00e1diz, Jerez and Los Puertos: web<\/a><\/strong><\/p>\n<p>[\/et_pb_text][\/et_pb_column][\/et_pb_row][\/et_pb_section][et_pb_section fb_built=&#8221;1&#8243; _builder_version=&#8221;4.21.0&#8243; _module_preset=&#8221;default&#8221; border_radii=&#8221;on|1px|1px|1px|1px&#8221; border_width_all=&#8221;1px&#8221; border_color_all=&#8221;#000000&#8243; box_shadow_style=&#8221;preset1&#8243; global_colors_info=&#8221;{}&#8221;][et_pb_row column_structure=&#8221;2_5,3_5&#8243; _builder_version=&#8221;4.21.0&#8243; _module_preset=&#8221;default&#8221; global_colors_info=&#8221;{}&#8221;][et_pb_column type=&#8221;2_5&#8243; _builder_version=&#8221;4.21.0&#8243; _module_preset=&#8221;default&#8221; global_colors_info=&#8221;{}&#8221;][et_pb_text _builder_version=&#8221;4.21.0&#8243; _module_preset=&#8221;default&#8221; global_colors_info=&#8221;{}&#8221;]<\/p>\n<p>If you like the singing of Juan Villar, his show &#8220;Fiesta de la Parpuja&#8221; will excite you. It is available in ALL FLAMENCO. We leave you his trailer on the right and the complete program in the link.<\/p>\n<p>[\/et_pb_text][et_pb_button button_url=&#8221;https:\/\/app.allflamenco.net\/detail\/1544\/juan-villar-fiesta-de-la-parpuja&#8221; url_new_window=&#8221;on&#8221; button_text=&#8221;Fiesta de la Parpuja, the show&#8221; _builder_version=&#8221;4.22.1&#8243; _module_preset=&#8221;default&#8221; custom_button=&#8221;on&#8221; button_text_size=&#8221;18px&#8221; button_text_color=&#8221;#FFFFFF&#8221; button_bg_color=&#8221;#C12A21&#8243; button_border_color=&#8221;#000000&#8243; button_font=&#8221;Domine|700|||||||&#8221; button_icon_color=&#8221;#C12A21&#8243; global_colors_info=&#8221;{}&#8221;][\/et_pb_button][\/et_pb_column][et_pb_column type=&#8221;3_5&#8243; _builder_version=&#8221;4.21.0&#8243; _module_preset=&#8221;default&#8221; global_colors_info=&#8221;{}&#8221;][et_pb_video src=&#8221;https:\/\/youtu.be\/TD_NUq01C3I?si=4BefswOZbFmlhJk9&#8243; _builder_version=&#8221;4.22.1&#8243; _module_preset=&#8221;default&#8221; module_alignment=&#8221;center&#8221; global_colors_info=&#8221;{}&#8221;][\/et_pb_video][\/et_pb_column][\/et_pb_row][\/et_pb_section]<\/p>\n","protected":false},"excerpt":{"rendered":"<p>A tribute to the great cantaor Juan Villar, highlight of a great poster at the III Biennial of C\u00e1diz, Jerez and Los Puertos. <\/p>\n","protected":false},"author":1,"featured_media":400346,"comment_status":"open","ping_status":"open","sticky":false,"template":"","format":"standard","meta":{"_et_pb_use_builder":"on","_et_pb_old_content":"","_et_gb_content_width":"","footnotes":""},"categories":[170,156],"tags":[],"class_list":["post-400358","post","type-post","status-publish","format-standard","has-post-thumbnail","hentry","category-festivals-spain","category-whats-new"],"yoast_head":"<!-- This site is optimized with the Yoast SEO plugin v26.8 - https:\/\/yoast.com\/product\/yoast-seo-wordpress\/ -->\n<title>Historic tribute to Juan Villar at the &quot;biennial of C\u00e1diz&quot; - ALL FLAMENCO<\/title>\n<meta name=\"description\" content=\"A tribute to the great cantaor Juan Villar, highlight of a great poster at the III Biennial of C\u00e1diz, Jerez and Los Puertos.\" \/>\n<meta name=\"robots\" content=\"index, follow, max-snippet:-1, max-image-preview:large, max-video-preview:-1\" \/>\n<link rel=\"canonical\" href=\"https:\/\/allflamenco.net\/en\/blog\/tribute-juan-villar\/\" \/>\n<meta property=\"og:locale\" content=\"en_US\" \/>\n<meta property=\"og:type\" content=\"article\" \/>\n<meta property=\"og:title\" content=\"Historic tribute to Juan Villar at the &quot;biennial of C\u00e1diz&quot; - ALL FLAMENCO\" \/>\n<meta property=\"og:description\" content=\"A tribute to the great cantaor Juan Villar, highlight of a great poster at the III Biennial of C\u00e1diz, Jerez and Los Puertos.\" \/>\n<meta property=\"og:url\" content=\"https:\/\/allflamenco.net\/en\/blog\/tribute-juan-villar\/\" \/>\n<meta property=\"og:site_name\" content=\"ALL FLAMENCO\" \/>\n<meta property=\"article:publisher\" content=\"https:\/\/www.facebook.com\/allflamenco\" \/>\n<meta property=\"article:published_time\" content=\"2023-09-17T11:52:59+00:00\" \/>\n<meta property=\"article:modified_time\" content=\"2023-10-07T21:48:38+00:00\" \/>\n<meta property=\"og:image\" content=\"https:\/\/allflamenco.net\/wp-content\/uploads\/2023\/09\/Juan-Villar.jpg\" \/>\n\t<meta property=\"og:image:width\" content=\"1280\" \/>\n\t<meta property=\"og:image:height\" content=\"768\" \/>\n\t<meta property=\"og:image:type\" content=\"image\/jpeg\" \/>\n<meta name=\"author\" content=\"operations\" \/>\n<meta name=\"twitter:card\" content=\"summary_large_image\" \/>\n<meta name=\"twitter:creator\" content=\"@all_flamenco\" \/>\n<meta name=\"twitter:site\" content=\"@all_flamenco\" \/>\n<meta name=\"twitter:label1\" content=\"Written by\" \/>\n\t<meta name=\"twitter:data1\" content=\"operations\" \/>\n\t<meta name=\"twitter:label2\" content=\"Est. reading time\" \/>\n\t<meta name=\"twitter:data2\" content=\"9 minutes\" \/>\n<script type=\"application\/ld+json\" class=\"yoast-schema-graph\">{\"@context\":\"https:\/\/schema.org\",\"@graph\":[{\"@type\":\"Article\",\"@id\":\"https:\/\/allflamenco.net\/en\/blog\/tribute-juan-villar\/#article\",\"isPartOf\":{\"@id\":\"https:\/\/allflamenco.net\/en\/blog\/tribute-juan-villar\/\"},\"author\":{\"name\":\"operations\",\"@id\":\"https:\/\/allflamenco.net\/en\/#\/schema\/person\/d719366e7dbfec3bf209ab328be58252\"},\"headline\":\"Historic tribute to Juan Villar at the &#8220;biennial of C\u00e1diz&#8221;\",\"datePublished\":\"2023-09-17T11:52:59+00:00\",\"dateModified\":\"2023-10-07T21:48:38+00:00\",\"mainEntityOfPage\":{\"@id\":\"https:\/\/allflamenco.net\/en\/blog\/tribute-juan-villar\/\"},\"wordCount\":1790,\"commentCount\":0,\"publisher\":{\"@id\":\"https:\/\/allflamenco.net\/en\/#organization\"},\"image\":{\"@id\":\"https:\/\/allflamenco.net\/en\/blog\/tribute-juan-villar\/#primaryimage\"},\"thumbnailUrl\":\"https:\/\/allflamenco.net\/wp-content\/uploads\/2023\/09\/Juan-Villar.jpg\",\"articleSection\":[\"Festivals in Spain\",\"What's New\"],\"inLanguage\":\"en-US\",\"potentialAction\":[{\"@type\":\"CommentAction\",\"name\":\"Comment\",\"target\":[\"https:\/\/allflamenco.net\/en\/blog\/tribute-juan-villar\/#respond\"]}]},{\"@type\":\"WebPage\",\"@id\":\"https:\/\/allflamenco.net\/en\/blog\/tribute-juan-villar\/\",\"url\":\"https:\/\/allflamenco.net\/en\/blog\/tribute-juan-villar\/\",\"name\":\"Historic tribute to Juan Villar at the \\\"biennial of C\u00e1diz\\\" - ALL FLAMENCO\",\"isPartOf\":{\"@id\":\"https:\/\/allflamenco.net\/en\/#website\"},\"primaryImageOfPage\":{\"@id\":\"https:\/\/allflamenco.net\/en\/blog\/tribute-juan-villar\/#primaryimage\"},\"image\":{\"@id\":\"https:\/\/allflamenco.net\/en\/blog\/tribute-juan-villar\/#primaryimage\"},\"thumbnailUrl\":\"https:\/\/allflamenco.net\/wp-content\/uploads\/2023\/09\/Juan-Villar.jpg\",\"datePublished\":\"2023-09-17T11:52:59+00:00\",\"dateModified\":\"2023-10-07T21:48:38+00:00\",\"description\":\"A tribute to the great cantaor Juan Villar, highlight of a great poster at the III Biennial of C\u00e1diz, Jerez and Los Puertos.\",\"breadcrumb\":{\"@id\":\"https:\/\/allflamenco.net\/en\/blog\/tribute-juan-villar\/#breadcrumb\"},\"inLanguage\":\"en-US\",\"potentialAction\":[{\"@type\":\"ReadAction\",\"target\":[\"https:\/\/allflamenco.net\/en\/blog\/tribute-juan-villar\/\"]}]},{\"@type\":\"ImageObject\",\"inLanguage\":\"en-US\",\"@id\":\"https:\/\/allflamenco.net\/en\/blog\/tribute-juan-villar\/#primaryimage\",\"url\":\"https:\/\/allflamenco.net\/wp-content\/uploads\/2023\/09\/Juan-Villar.jpg\",\"contentUrl\":\"https:\/\/allflamenco.net\/wp-content\/uploads\/2023\/09\/Juan-Villar.jpg\",\"width\":1280,\"height\":768,\"caption\":\"Juan Villar en La III Bienal de C\u00e1diz\"},{\"@type\":\"BreadcrumbList\",\"@id\":\"https:\/\/allflamenco.net\/en\/blog\/tribute-juan-villar\/#breadcrumb\",\"itemListElement\":[{\"@type\":\"ListItem\",\"position\":1,\"name\":\"Home\",\"item\":\"https:\/\/allflamenco.net\/en\/\"},{\"@type\":\"ListItem\",\"position\":2,\"name\":\"Historic tribute to Juan Villar at the \u00abbiennial of C\u00e1diz\u00bb\"}]},{\"@type\":\"WebSite\",\"@id\":\"https:\/\/allflamenco.net\/en\/#website\",\"url\":\"https:\/\/allflamenco.net\/en\/\",\"name\":\"ALL FLAMENCO\",\"description\":\"El canal para los amantes del flamenco\",\"publisher\":{\"@id\":\"https:\/\/allflamenco.net\/en\/#organization\"},\"potentialAction\":[{\"@type\":\"SearchAction\",\"target\":{\"@type\":\"EntryPoint\",\"urlTemplate\":\"https:\/\/allflamenco.net\/en\/?s={search_term_string}\"},\"query-input\":{\"@type\":\"PropertyValueSpecification\",\"valueRequired\":true,\"valueName\":\"search_term_string\"}}],\"inLanguage\":\"en-US\"},{\"@type\":\"Organization\",\"@id\":\"https:\/\/allflamenco.net\/en\/#organization\",\"name\":\"ALL FLAMENCO\",\"alternateName\":\"AF\",\"url\":\"https:\/\/allflamenco.net\/en\/\",\"logo\":{\"@type\":\"ImageObject\",\"inLanguage\":\"en-US\",\"@id\":\"https:\/\/allflamenco.net\/en\/#\/schema\/logo\/image\/\",\"url\":\"https:\/\/allflamenco.net\/wp-content\/uploads\/2023\/09\/logo-allflamenco.jpg\",\"contentUrl\":\"https:\/\/allflamenco.net\/wp-content\/uploads\/2023\/09\/logo-allflamenco.jpg\",\"width\":696,\"height\":696,\"caption\":\"ALL FLAMENCO\"},\"image\":{\"@id\":\"https:\/\/allflamenco.net\/en\/#\/schema\/logo\/image\/\"},\"sameAs\":[\"https:\/\/www.facebook.com\/allflamenco\",\"https:\/\/x.com\/all_flamenco\",\"https:\/\/www.instagram.com\/allflamenco\",\"https:\/\/www.pinterest.es\/allflamenco\/\",\"https:\/\/www.youtube.com\/@ALLFLAMENCO\",\"https:\/\/www.tiktok.com\/@allflamenco\"]},{\"@type\":\"Person\",\"@id\":\"https:\/\/allflamenco.net\/en\/#\/schema\/person\/d719366e7dbfec3bf209ab328be58252\",\"name\":\"operations\",\"sameAs\":[\"http:\/\/new.allflamenco.net\"]}]}<\/script>\n<!-- \/ Yoast SEO plugin. -->","yoast_head_json":{"title":"Historic tribute to Juan Villar at the \"biennial of C\u00e1diz\" - ALL FLAMENCO","description":"A tribute to the great cantaor Juan Villar, highlight of a great poster at the III Biennial of C\u00e1diz, Jerez and Los Puertos.","robots":{"index":"index","follow":"follow","max-snippet":"max-snippet:-1","max-image-preview":"max-image-preview:large","max-video-preview":"max-video-preview:-1"},"canonical":"https:\/\/allflamenco.net\/en\/blog\/tribute-juan-villar\/","og_locale":"en_US","og_type":"article","og_title":"Historic tribute to Juan Villar at the \"biennial of C\u00e1diz\" - ALL FLAMENCO","og_description":"A tribute to the great cantaor Juan Villar, highlight of a great poster at the III Biennial of C\u00e1diz, Jerez and Los Puertos.","og_url":"https:\/\/allflamenco.net\/en\/blog\/tribute-juan-villar\/","og_site_name":"ALL FLAMENCO","article_publisher":"https:\/\/www.facebook.com\/allflamenco","article_published_time":"2023-09-17T11:52:59+00:00","article_modified_time":"2023-10-07T21:48:38+00:00","og_image":[{"width":1280,"height":768,"url":"https:\/\/allflamenco.net\/wp-content\/uploads\/2023\/09\/Juan-Villar.jpg","type":"image\/jpeg"}],"author":"operations","twitter_card":"summary_large_image","twitter_creator":"@all_flamenco","twitter_site":"@all_flamenco","twitter_misc":{"Written by":"operations","Est. reading time":"9 minutes"},"schema":{"@context":"https:\/\/schema.org","@graph":[{"@type":"Article","@id":"https:\/\/allflamenco.net\/en\/blog\/tribute-juan-villar\/#article","isPartOf":{"@id":"https:\/\/allflamenco.net\/en\/blog\/tribute-juan-villar\/"},"author":{"name":"operations","@id":"https:\/\/allflamenco.net\/en\/#\/schema\/person\/d719366e7dbfec3bf209ab328be58252"},"headline":"Historic tribute to Juan Villar at the &#8220;biennial of C\u00e1diz&#8221;","datePublished":"2023-09-17T11:52:59+00:00","dateModified":"2023-10-07T21:48:38+00:00","mainEntityOfPage":{"@id":"https:\/\/allflamenco.net\/en\/blog\/tribute-juan-villar\/"},"wordCount":1790,"commentCount":0,"publisher":{"@id":"https:\/\/allflamenco.net\/en\/#organization"},"image":{"@id":"https:\/\/allflamenco.net\/en\/blog\/tribute-juan-villar\/#primaryimage"},"thumbnailUrl":"https:\/\/allflamenco.net\/wp-content\/uploads\/2023\/09\/Juan-Villar.jpg","articleSection":["Festivals in Spain","What's New"],"inLanguage":"en-US","potentialAction":[{"@type":"CommentAction","name":"Comment","target":["https:\/\/allflamenco.net\/en\/blog\/tribute-juan-villar\/#respond"]}]},{"@type":"WebPage","@id":"https:\/\/allflamenco.net\/en\/blog\/tribute-juan-villar\/","url":"https:\/\/allflamenco.net\/en\/blog\/tribute-juan-villar\/","name":"Historic tribute to Juan Villar at the \"biennial of C\u00e1diz\" - ALL FLAMENCO","isPartOf":{"@id":"https:\/\/allflamenco.net\/en\/#website"},"primaryImageOfPage":{"@id":"https:\/\/allflamenco.net\/en\/blog\/tribute-juan-villar\/#primaryimage"},"image":{"@id":"https:\/\/allflamenco.net\/en\/blog\/tribute-juan-villar\/#primaryimage"},"thumbnailUrl":"https:\/\/allflamenco.net\/wp-content\/uploads\/2023\/09\/Juan-Villar.jpg","datePublished":"2023-09-17T11:52:59+00:00","dateModified":"2023-10-07T21:48:38+00:00","description":"A tribute to the great cantaor Juan Villar, highlight of a great poster at the III Biennial of C\u00e1diz, Jerez and Los Puertos.","breadcrumb":{"@id":"https:\/\/allflamenco.net\/en\/blog\/tribute-juan-villar\/#breadcrumb"},"inLanguage":"en-US","potentialAction":[{"@type":"ReadAction","target":["https:\/\/allflamenco.net\/en\/blog\/tribute-juan-villar\/"]}]},{"@type":"ImageObject","inLanguage":"en-US","@id":"https:\/\/allflamenco.net\/en\/blog\/tribute-juan-villar\/#primaryimage","url":"https:\/\/allflamenco.net\/wp-content\/uploads\/2023\/09\/Juan-Villar.jpg","contentUrl":"https:\/\/allflamenco.net\/wp-content\/uploads\/2023\/09\/Juan-Villar.jpg","width":1280,"height":768,"caption":"Juan Villar en La III Bienal de C\u00e1diz"},{"@type":"BreadcrumbList","@id":"https:\/\/allflamenco.net\/en\/blog\/tribute-juan-villar\/#breadcrumb","itemListElement":[{"@type":"ListItem","position":1,"name":"Home","item":"https:\/\/allflamenco.net\/en\/"},{"@type":"ListItem","position":2,"name":"Historic tribute to Juan Villar at the \u00abbiennial of C\u00e1diz\u00bb"}]},{"@type":"WebSite","@id":"https:\/\/allflamenco.net\/en\/#website","url":"https:\/\/allflamenco.net\/en\/","name":"ALL FLAMENCO","description":"El canal para los amantes del flamenco","publisher":{"@id":"https:\/\/allflamenco.net\/en\/#organization"},"potentialAction":[{"@type":"SearchAction","target":{"@type":"EntryPoint","urlTemplate":"https:\/\/allflamenco.net\/en\/?s={search_term_string}"},"query-input":{"@type":"PropertyValueSpecification","valueRequired":true,"valueName":"search_term_string"}}],"inLanguage":"en-US"},{"@type":"Organization","@id":"https:\/\/allflamenco.net\/en\/#organization","name":"ALL FLAMENCO","alternateName":"AF","url":"https:\/\/allflamenco.net\/en\/","logo":{"@type":"ImageObject","inLanguage":"en-US","@id":"https:\/\/allflamenco.net\/en\/#\/schema\/logo\/image\/","url":"https:\/\/allflamenco.net\/wp-content\/uploads\/2023\/09\/logo-allflamenco.jpg","contentUrl":"https:\/\/allflamenco.net\/wp-content\/uploads\/2023\/09\/logo-allflamenco.jpg","width":696,"height":696,"caption":"ALL FLAMENCO"},"image":{"@id":"https:\/\/allflamenco.net\/en\/#\/schema\/logo\/image\/"},"sameAs":["https:\/\/www.facebook.com\/allflamenco","https:\/\/x.com\/all_flamenco","https:\/\/www.instagram.com\/allflamenco","https:\/\/www.pinterest.es\/allflamenco\/","https:\/\/www.youtube.com\/@ALLFLAMENCO","https:\/\/www.tiktok.com\/@allflamenco"]},{"@type":"Person","@id":"https:\/\/allflamenco.net\/en\/#\/schema\/person\/d719366e7dbfec3bf209ab328be58252","name":"operations","sameAs":["http:\/\/new.allflamenco.net"]}]}},"_links":{"self":[{"href":"https:\/\/allflamenco.net\/en\/wp-json\/wp\/v2\/posts\/400358","targetHints":{"allow":["GET"]}}],"collection":[{"href":"https:\/\/allflamenco.net\/en\/wp-json\/wp\/v2\/posts"}],"about":[{"href":"https:\/\/allflamenco.net\/en\/wp-json\/wp\/v2\/types\/post"}],"author":[{"embeddable":true,"href":"https:\/\/allflamenco.net\/en\/wp-json\/wp\/v2\/users\/1"}],"replies":[{"embeddable":true,"href":"https:\/\/allflamenco.net\/en\/wp-json\/wp\/v2\/comments?post=400358"}],"version-history":[{"count":6,"href":"https:\/\/allflamenco.net\/en\/wp-json\/wp\/v2\/posts\/400358\/revisions"}],"predecessor-version":[{"id":401128,"href":"https:\/\/allflamenco.net\/en\/wp-json\/wp\/v2\/posts\/400358\/revisions\/401128"}],"wp:featuredmedia":[{"embeddable":true,"href":"https:\/\/allflamenco.net\/en\/wp-json\/wp\/v2\/media\/400346"}],"wp:attachment":[{"href":"https:\/\/allflamenco.net\/en\/wp-json\/wp\/v2\/media?parent=400358"}],"wp:term":[{"taxonomy":"category","embeddable":true,"href":"https:\/\/allflamenco.net\/en\/wp-json\/wp\/v2\/categories?post=400358"},{"taxonomy":"post_tag","embeddable":true,"href":"https:\/\/allflamenco.net\/en\/wp-json\/wp\/v2\/tags?post=400358"}],"curies":[{"name":"wp","href":"https:\/\/api.w.org\/{rel}","templated":true}]}}