{"id":400039,"date":"2023-09-15T02:35:12","date_gmt":"2023-09-15T02:35:12","guid":{"rendered":"https:\/\/allflamenco.net\/corral-de-la-moreria\/"},"modified":"2023-09-15T02:57:14","modified_gmt":"2023-09-15T02:57:14","slug":"corral-de-la-moreria","status":"publish","type":"post","link":"https:\/\/allflamenco.net\/en\/blog\/corral-de-la-moreria\/","title":{"rendered":"Corral de la Morer\u00eda: the indestructible tablao"},"content":{"rendered":"<p>[et_pb_section fb_built=&#8221;1&#8243; admin_label=&#8221;Social Sharing Buttons &#8221; _builder_version=&#8221;4.21.0&#8243; custom_margin=&#8221;0px|0px|0px|0px|true|true&#8221; custom_padding=&#8221;0px|0px|10px|0px|false|true&#8221; global_colors_info=&#8221;{}&#8221;][et_pb_row _builder_version=&#8221;4.21.0&#8243; background_size=&#8221;initial&#8221; background_position=&#8221;top_left&#8221; background_repeat=&#8221;repeat&#8221; max_width=&#8221;1280px&#8221; custom_padding=&#8221;0px|0px|0px|0px|false|false&#8221; global_colors_info=&#8221;{}&#8221;][et_pb_column type=&#8221;4_4&#8243; _builder_version=&#8221;4.21.0&#8243; _module_preset=&#8221;default&#8221; global_colors_info=&#8221;{}&#8221;][dssb_sharing_buttons icon_placement=&#8221;icon&#8221; columns=&#8221;6&#8243; icon_width=&#8221;fixed&#8221; alignment=&#8221;left&#8221; icon_color=&#8221;#111111&#8243; use_custom_icon_size=&#8221;on&#8221; icon_font_size=&#8221;16px&#8221; icon_bg=&#8221;#f4f4f4&#8243; _builder_version=&#8221;4.21.0&#8243; _module_preset=&#8221;default&#8221; border_radii_main=&#8221;on|4px|4px|4px|4px&#8221; border_radii_icon=&#8221;on|4px|4px|4px|4px&#8221; border_width_all_icon=&#8221;1px&#8221; border_color_all_icon=&#8221;#f4f4f4&#8243; border_color_all_icon_last_edited=&#8221;off|desktop&#8221; global_colors_info=&#8221;{}&#8221; border_color_all_icon__hover_enabled=&#8221;on|hover&#8221; border_color_all_icon__hover=&#8221;#111111&#8243;][dssb_sharing_button _builder_version=&#8221;4.21.0&#8243; _module_preset=&#8221;default&#8221; global_colors_info=&#8221;{}&#8221;][\/dssb_sharing_button][dssb_sharing_button social_network=&#8221;twitter&#8221; _builder_version=&#8221;4.21.0&#8243; _module_preset=&#8221;default&#8221; global_colors_info=&#8221;{}&#8221;][\/dssb_sharing_button][dssb_sharing_button social_network=&#8221;whatsapp&#8221; _builder_version=&#8221;4.21.0&#8243; _module_preset=&#8221;default&#8221; global_colors_info=&#8221;{}&#8221;][\/dssb_sharing_button][dssb_sharing_button social_network=&#8221;telegram&#8221; _builder_version=&#8221;4.21.0&#8243; _module_preset=&#8221;default&#8221; global_colors_info=&#8221;{}&#8221;][\/dssb_sharing_button][dssb_sharing_button social_network=&#8221;email&#8221; _builder_version=&#8221;4.21.0&#8243; _module_preset=&#8221;default&#8221; global_colors_info=&#8221;{}&#8221;][\/dssb_sharing_button][dssb_sharing_button social_network=&#8221;copy&#8221; _builder_version=&#8221;4.21.0&#8243; _module_preset=&#8221;default&#8221; global_colors_info=&#8221;{}&#8221;][\/dssb_sharing_button][\/dssb_sharing_buttons][\/et_pb_column][\/et_pb_row][\/et_pb_section][et_pb_section fb_built=&#8221;1&#8243; admin_label=&#8221;Header&#8221; _builder_version=&#8221;4.22.1&#8243; _module_preset=&#8221;default&#8221; background_color=&#8221;gcid-67960745-cc0c-4d73-b86b-ef2d6023be78&#8243; custom_margin=&#8221;1%||0px||false|false&#8221; custom_padding=&#8221;||0px||false|false&#8221; locked=&#8221;off&#8221; collapsed=&#8221;on&#8221; global_colors_info=&#8221;{%22gcid-67960745-cc0c-4d73-b86b-ef2d6023be78%22:%91%22background_color%22%93}&#8221;][et_pb_row _builder_version=&#8221;4.20.0&#8243; _module_preset=&#8221;default&#8221; custom_padding=&#8221;||0px||false|false&#8221; global_colors_info=&#8221;{}&#8221;][et_pb_column type=&#8221;4_4&#8243; _builder_version=&#8221;4.20.0&#8243; _module_preset=&#8221;default&#8221; global_colors_info=&#8221;{}&#8221;][et_pb_text _builder_version=&#8221;4.22.1&#8243; _module_preset=&#8221;aa5b14eb-2645-41dc-ab60-cf6b348c2f39&#8243; text_font=&#8221;Domine||||||||&#8221; text_text_color=&#8221;#000000&#8243; text_font_size=&#8221;20px&#8221; text_line_height=&#8221;32em&#8221; global_colors_info=&#8221;{}&#8221;]<\/p>\n<p>It has resisted the crisis of the tablaos in the 80s and the lack of customers during the pandemic. We are talking about El Corral de la Morer\u00eda, the most famous tablao on the planet and the only one with a Michelin Star, the most important gastronomy award in the world. <\/p>\n<p>[\/et_pb_text][\/et_pb_column][\/et_pb_row][et_pb_row _builder_version=&#8221;4.20.0&#8243; _module_preset=&#8221;default&#8221; global_colors_info=&#8221;{}&#8221;][et_pb_column type=&#8221;4_4&#8243; _builder_version=&#8221;4.20.0&#8243; _module_preset=&#8221;default&#8221; global_colors_info=&#8221;{}&#8221;][et_pb_image src=&#8221;@ET-DC@eyJkeW5hbWljIjp0cnVlLCJjb250ZW50IjoicG9zdF9mZWF0dXJlZF9pbWFnZSIsInNldHRpbmdzIjp7fX0=@&#8221; title_text=&#8221;home-goods-30&#8243; _builder_version=&#8221;4.22.1&#8243; _dynamic_attributes=&#8221;src&#8221; _module_preset=&#8221;default&#8221; custom_margin=&#8221;||0px||false|false&#8221; image_caption_font=&#8221;Domine||||||||&#8221; image_caption_color=&#8221;#000000&#8243; image_caption_size=&#8221;12px&#8221; image_caption_lineheight=&#8221;1em&#8221; image_caption_alignment=&#8221;left&#8221; global_colors_info=&#8221;{}&#8221;][\/et_pb_image][\/et_pb_column][\/et_pb_row][\/et_pb_section][et_pb_section fb_built=&#8221;1&#8243; admin_label=&#8221;About&#8221; _builder_version=&#8221;4.22.1&#8243; _module_preset=&#8221;default&#8221; background_enable_color=&#8221;off&#8221; custom_margin=&#8221;1%||1%||false|false&#8221; custom_padding=&#8221;1%||1%||false|false&#8221; collapsed=&#8221;on&#8221; global_colors_info=&#8221;{%22gcid-67960745-cc0c-4d73-b86b-ef2d6023be78%22:%91%22background_color%22%93}&#8221;][et_pb_row column_structure=&#8221;3_5,2_5&#8243; _builder_version=&#8221;4.20.0&#8243; _module_preset=&#8221;default&#8221; global_colors_info=&#8221;{}&#8221;][et_pb_column type=&#8221;3_5&#8243; _builder_version=&#8221;4.20.0&#8243; _module_preset=&#8221;default&#8221; global_colors_info=&#8221;{}&#8221;][et_pb_text _builder_version=&#8221;4.20.0&#8243; _module_preset=&#8221;e29bfea1-35c6-4a81-a8a4-a5f637d8c143&#8243; text_font=&#8221;Domine||||||||&#8221; text_font_size=&#8221;20px&#8221; text_line_height=&#8221;32em&#8221; global_colors_info=&#8221;{}&#8221;]<\/p>\n<p><span><\/span><\/p>\n<p><span>A son of hotel entrepreneurs and a great flamenco fan, <strong>Manuel del Rey, inaugurated El Corral de la Morer\u00eda on May 25, 1956.<\/strong> The place was (and still is) on Calle Morer\u00eda, 17, in one of the most traditional neighborhoods of Madrid. <\/span><\/p>\n<p><span><\/span><\/p>\n<p><span><\/span><\/p>\n<p><span><\/span><\/p>\n<p><span>Although in many places you can read or hear that it is the oldest in the Spanish capital, it is not so. In Madrid, if we look at those that still survive dozens of years later, <a href=\"https:\/\/allflamenco.net\/en\/blog\/where-to-watch-flamenco-madrid\/\">the most traditional is the Tablao 1911, formerly called Villa Rosa.<\/a> <\/span><\/p>\n<p><span>But what can be said of the Corral de la Morer\u00eda is that there is no other that beats him to world fame. The <em>New York Times<\/em> mentions it constantly. In May of this year, he published that this place is the first visit that every tourist must make as soon as they land in Madrid. Neither the Prado Museum nor the Palacio de Oriente.<\/span><\/p>\n<p><em>(<a href=\"https:\/\/www.nytimes.com\/interactive\/2023\/02\/16\/travel\/things-to-do-madrid.html\">Here,<\/a> the May 2023 New York Times article.) <\/em><\/p>\n<p>[\/et_pb_text][et_pb_text _builder_version=&#8221;4.20.0&#8243; _module_preset=&#8221;e29bfea1-35c6-4a81-a8a4-a5f637d8c143&#8243; text_font=&#8221;Domine||||||||&#8221; text_font_size=&#8221;20px&#8221; text_line_height=&#8221;32em&#8221; global_colors_info=&#8221;{}&#8221;]<\/p>\n<p><span><\/span><\/p>\n<p><span>The same American newspaper put the Corral on the list of the<\/span> <em>&#8220;1000 places you have to see before you die&#8221;.<\/em><\/p>\n<p>In Spain, the Festival del Cante de las Minas has named it &#8220;the best tablao in the world&#8221; and, in 2022, it was recognized as the &#8220;best restaurant of the year&#8221;. <\/p>\n<p>In Spain, the Festival del Cante de las Minas has named it &#8220;the best tablao in the world&#8221; and, in 2022, it was recognized as the &#8220;best restaurant of the year&#8221;. Does this space on Calle Morer\u00eda have a special elf? Let&#8217;s find out&#8230;<em><\/em><\/p>\n<p>[\/et_pb_text][\/et_pb_column][et_pb_column type=&#8221;2_5&#8243; _builder_version=&#8221;4.20.0&#8243; _module_preset=&#8221;default&#8221; global_colors_info=&#8221;{}&#8221;][et_pb_image src=&#8221;https:\/\/allflamenco.net\/wp-content\/uploads\/2023\/09\/Corral-Moreria-en-el-59.jpeg&#8221; alt=&#8221;The Corral de la Morer\u00eda in 1959. &#8221; title_text=&#8221;Corral Morer\u00eda in 59.&#8221; _builder_version=&#8221;4.22.1&#8243; _module_preset=&#8221;default&#8221; enable_caption_text=&#8221;on&#8221; image_caption_font=&#8221;Domine||||||||&#8221; image_caption_color=&#8221;#000000&#8243; image_caption_size=&#8221;12px&#8221; image_caption_lineheight=&#8221;1em&#8221; image_caption_alignment=&#8221;left&#8221; global_colors_info=&#8221;{}&#8221;][\/et_pb_image][et_pb_image src=&#8221;https:\/\/allflamenco.net\/wp-content\/uploads\/2023\/09\/EL-COJO-MANUEL-DEL-REY-Y-MARISOL-e1694739954235.jpg&#8221; alt=&#8221;El Cojo, Manuel del Rey and Marisol&#8221; title_text=&#8221;EL-COJO-MANUEL-DEL-REY-Y-MARISOL&#8221; _builder_version=&#8221;4.22.1&#8243; _module_preset=&#8221;default&#8221; enable_caption_text=&#8221;on&#8221; image_caption_font=&#8221;Domine||||||||&#8221; image_caption_color=&#8221;#000000&#8243; image_caption_size=&#8221;12px&#8221; image_caption_lineheight=&#8221;1em&#8221; image_caption_alignment=&#8221;left&#8221; global_colors_info=&#8221;{}&#8221; transform_styles__hover_enabled=&#8221;on|hover&#8221; transform_scale__hover=&#8221;98%|98%&#8221; transform_scale__hover_enabled=&#8221;on|hover&#8221; transform_translate__hover_enabled=&#8221;on|desktop&#8221; transform_rotate__hover_enabled=&#8221;on|desktop&#8221; transform_skew__hover_enabled=&#8221;on|desktop&#8221; transform_origin__hover_enabled=&#8221;on|desktop&#8221;][\/et_pb_image][et_pb_image src=&#8221;https:\/\/allflamenco.net\/wp-content\/uploads\/2023\/09\/Corral-de-la-Moreria.-ROCK-HUDSON-e1694740048558.jpg&#8221; alt=&#8221;Rock Hudson visits El Corral de la Morer\u00eda.&#8221; title_text=&#8221;Corral de la Morer\u00eda. ROCK-HUDSON&#8221; _builder_version=&#8221;4.22.1&#8243; _module_preset=&#8221;default&#8221; enable_caption_text=&#8221;on&#8221; image_caption_font=&#8221;Domine||||||||&#8221; image_caption_color=&#8221;#000000&#8243; image_caption_size=&#8221;12px&#8221; image_caption_lineheight=&#8221;1em&#8221; image_caption_alignment=&#8221;left&#8221; global_colors_info=&#8221;{}&#8221;][\/et_pb_image][\/et_pb_column][\/et_pb_row][\/et_pb_section][et_pb_section fb_built=&#8221;1&#8243; _builder_version=&#8221;4.22.1&#8243; _module_preset=&#8221;default&#8221; custom_margin=&#8221;1%||1%||false|false&#8221; custom_padding=&#8221;1%||1%||false|false&#8221; global_colors_info=&#8221;{}&#8221;][et_pb_row _builder_version=&#8221;4.22.1&#8243; _module_preset=&#8221;default&#8221; global_colors_info=&#8221;{}&#8221;][et_pb_column type=&#8221;4_4&#8243; _builder_version=&#8221;4.22.1&#8243; _module_preset=&#8221;default&#8221; global_colors_info=&#8221;{}&#8221;][et_pb_image src=&#8221;https:\/\/allflamenco.net\/wp-content\/uploads\/2023\/09\/Corral-Moreria.jpg&#8221; alt=&#8221;Corral Morer\u00eda&#8221; title_text=&#8221;Corral Morer\u00eda&#8221; _builder_version=&#8221;4.22.1&#8243; _module_preset=&#8221;default&#8221; image_caption_font=&#8221;Domine||||||||&#8221; image_caption_color=&#8221;#000000&#8243; image_caption_size=&#8221;12px&#8221; image_caption_lineheight=&#8221;1em&#8221; image_caption_alignment=&#8221;left&#8221; global_colors_info=&#8221;{}&#8221;][\/et_pb_image][\/et_pb_column][\/et_pb_row][\/et_pb_section][et_pb_section fb_built=&#8221;1&#8243; _builder_version=&#8221;4.22.1&#8243; _module_preset=&#8221;default&#8221; custom_margin=&#8221;1%||1%||false|false&#8221; custom_padding=&#8221;1%||1%||false|false&#8221; global_colors_info=&#8221;{}&#8221;][et_pb_row _builder_version=&#8221;4.22.1&#8243; _module_preset=&#8221;default&#8221; global_colors_info=&#8221;{}&#8221;][et_pb_column type=&#8221;4_4&#8243; _builder_version=&#8221;4.20.0&#8243; _module_preset=&#8221;default&#8221; global_colors_info=&#8221;{}&#8221;][et_pb_text _builder_version=&#8221;4.22.1&#8243; _module_preset=&#8221;e29bfea1-35c6-4a81-a8a4-a5f637d8c143&#8243; text_font=&#8221;Domine||||||||&#8221; text_font_size=&#8221;20px&#8221; text_line_height=&#8221;32em&#8221; header_2_font=&#8221;Domine|700|||||||&#8221; header_2_text_color=&#8221;#000000&#8243; global_colors_info=&#8221;{}&#8221;]<\/p>\n<h2><span>Pastora Imperio avoided its closure<\/span><\/h2>\n<p><span>Yes, El Corral de la Morer\u00eda did not start buoyant. The most urgent thing after acquiring the &#8220;corral&#8221; by Manuel was to convert that authentic cow corral into a tablao dedicated to good flamenco. This was commissioned by an Italian architect. <\/span><\/p>\n<p><span>Then came the decoration. Arabic touches, Castilian furniture and wrought iron details gave it its own style, not so typical of what would be expected of a tablao. That style continues to star in this business today. <\/span><span><\/span><\/p>\n<p><span><\/span><\/p>\n<p><span><\/span><\/p>\n<p><span>Finally, for the inauguration of that May of 56, Manuel put all the meat on the grill. He hired Porrinas de Badajoz, Salvador El Chaqueta and La Chunga, among other flamenco figures of great fame at that time. As star, Pastora Imperio.<\/span><\/p>\n<p><span><\/span><\/p>\n<p><span>Pastora would end up being fundamental in these principles in which Manuel invested more than he entered. Del Rey asked this great woman with a reputation for generosity to help him by making contacts and with some acting. The dancer was retired, but she did. She was also in charge of a tablao, El Duende, and knew about the difficulties of the business. <\/span><span><\/span><\/p>\n<p>[\/et_pb_text][\/et_pb_column][\/et_pb_row][\/et_pb_section][et_pb_section fb_built=&#8221;1&#8243; admin_label=&#8221;Header&#8221; _builder_version=&#8221;4.22.1&#8243; _module_preset=&#8221;default&#8221; background_color=&#8221;#000000&#8243; use_background_color_gradient=&#8221;on&#8221; background_color_gradient_direction=&#8221;90deg&#8221; background_color_gradient_stops=&#8221;rgba(0,0,0,0.75) 48%|#000000 48%&#8221; background_color_gradient_overlays_image=&#8221;on&#8221; background_enable_image=&#8221;off&#8221; overflow-x=&#8221;hidden&#8221; overflow-y=&#8221;hidden&#8221; custom_padding=&#8221;2%||2%||true|false&#8221; collapsed=&#8221;on&#8221; global_colors_info=&#8221;{}&#8221;][et_pb_row column_structure=&#8221;1_2,1_2&#8243; _builder_version=&#8221;4.19.2&#8243; _module_preset=&#8221;default&#8221; global_colors_info=&#8221;{}&#8221;][et_pb_column type=&#8221;1_2&#8243; _builder_version=&#8221;4.19.2&#8243; _module_preset=&#8221;default&#8221; global_colors_info=&#8221;{}&#8221;][et_pb_image src=&#8221;https:\/\/allflamenco.net\/wp-content\/uploads\/2023\/09\/Blanca-del-rey.jpg&#8221; alt=&#8221;Blanca, del Rey&#8221; title_text=&#8221;Blanca, del Rey&#8221; _builder_version=&#8221;4.22.1&#8243; _module_preset=&#8221;default&#8221; image_caption_font=&#8221;Domine||||||||&#8221; image_caption_color=&#8221;#000000&#8243; image_caption_size=&#8221;12px&#8221; image_caption_lineheight=&#8221;1em&#8221; image_caption_alignment=&#8221;left&#8221; global_colors_info=&#8221;{}&#8221;][\/et_pb_image][\/et_pb_column][et_pb_column type=&#8221;1_2&#8243; _builder_version=&#8221;4.19.2&#8243; _module_preset=&#8221;default&#8221; global_colors_info=&#8221;{}&#8221;][et_pb_text _builder_version=&#8221;4.22.1&#8243; _module_preset=&#8221;0642bdc5-ac02-40e6-8303-309afa0c8092&#8243; text_font=&#8221;Domine||||||||&#8221; text_text_color=&#8221;#000000&#8243; text_font_size=&#8221;20px&#8221; text_line_height=&#8221;32em&#8221; global_colors_info=&#8221;{}&#8221;]<\/p>\n<p><span style=\"color: #ffffff;\">Of all the artists who passed through the tablao, there was a special dancer, the one who stole the heart of Manuel Rey.<\/span><\/p>\n<p><span style=\"color: #ffffff;\">Blanca \u00c1vila Moreno, La Platera, debuted at the Corral de la Morer\u00eda in 1964. Soon after, she and Manuel married and Blanca became Blanca del Rey. <\/span><\/p>\n<p><span style=\"color: #ffffff;\">Soon after, she and Manuel married and Blanca became Blanca del Rey. Also a choreographer, her original &#8220;sole\u00e1 del mant\u00f3n&#8221; is a contribution to flamenco art. <\/span><span style=\"color: #ffffff;\"><\/span><\/p>\n<p>[\/et_pb_text][\/et_pb_column][\/et_pb_row][\/et_pb_section][et_pb_section fb_built=&#8221;1&#8243; _builder_version=&#8221;4.22.1&#8243; _module_preset=&#8221;default&#8221; custom_margin=&#8221;1%||1%||false|false&#8221; custom_padding=&#8221;1%||1%||false|false&#8221; global_colors_info=&#8221;{}&#8221;][et_pb_row _builder_version=&#8221;4.22.1&#8243; _module_preset=&#8221;default&#8221; global_colors_info=&#8221;{}&#8221;][et_pb_column type=&#8221;4_4&#8243; _builder_version=&#8221;4.22.1&#8243; _module_preset=&#8221;default&#8221; global_colors_info=&#8221;{}&#8221;][et_pb_text _builder_version=&#8221;4.22.1&#8243; _module_preset=&#8221;e29bfea1-35c6-4a81-a8a4-a5f637d8c143&#8243; text_font=&#8221;Domine||||||||&#8221; text_font_size=&#8221;20px&#8221; text_line_height=&#8221;32em&#8221; header_2_font=&#8221;Domine|700|||||||&#8221; header_2_text_color=&#8221;#000000&#8243; hover_enabled=&#8221;0&#8243; global_colors_info=&#8221;{}&#8221; sticky_enabled=&#8221;0&#8243;]<\/p>\n<h2><span>All went through the Corral de la Morer\u00eda<\/span><\/h2>\n<p><span>And those difficulties were greater in the case of El Corral de la Morer\u00eda, because Manuel always opted for artists of the highest level (also for new talents). That gamble was key to its success. Even the star artists of other tablaos went to his to see who came on stage. <\/span><\/p>\n<p><span> So this tablao became in record time the epicenter of a golden stage of flamenco. Antonio Gades, Chocolate, Fosforito, Mario Maya, La Ca\u00f1eta, Serranito and members of the Habichuela family, among many others, worked for a long time or performed in El Corral.<\/span><\/p>\n<p><span><\/span><\/p>\n<p><span><\/span><\/p>\n<p>Mar\u00eda Albaic\u00edn, El G\u00fcito, Fernanda and Bernarda Utrera, Manuela Vargas, Lucero Tena, Isabel Pantoja, Lola Greco, Javier Bar\u00f3n, Diego el Cigala, Jos\u00e9 Merc\u00e9, Antonio Canales&#8230; The list of artists who were born or have passed through its tables is huge. <\/p>\n<p><span><\/span><\/p>\n<p>The official presentation of <em>Entre dos aguas,<\/em> by Paco de Luc\u00eda, was in Corral de la Morer\u00eda; the nights of Sabicas&#8217; holidays in the capital during the 80s were spent in the &#8220;house&#8221; of Manuel Rey.<\/p>\n<p>The contribution of this place to flamenco did not stop there. It is considered fundamental to understand the era of flamenco the recording of 1960 in the same tablao called <em>Una noche en El Corral de la Morer\u00eda.<\/em> <\/p>\n<p>[\/et_pb_text][\/et_pb_column][\/et_pb_row][\/et_pb_section][et_pb_section fb_built=&#8221;1&#8243; _builder_version=&#8221;4.22.1&#8243; _module_preset=&#8221;default&#8221; custom_margin=&#8221;1%||1%||false|false&#8221; custom_padding=&#8221;1%||1%||false|false&#8221; global_colors_info=&#8221;{}&#8221;][et_pb_row _builder_version=&#8221;4.22.1&#8243; _module_preset=&#8221;default&#8221; global_colors_info=&#8221;{}&#8221;][et_pb_column type=&#8221;4_4&#8243; _builder_version=&#8221;4.22.1&#8243; _module_preset=&#8221;default&#8221; global_colors_info=&#8221;{}&#8221;][et_pb_text _builder_version=&#8221;4.22.1&#8243; _module_preset=&#8221;e29bfea1-35c6-4a81-a8a4-a5f637d8c143&#8243; text_font=&#8221;Domine||||||||&#8221; text_font_size=&#8221;20px&#8221; text_line_height=&#8221;32em&#8221; header_2_font=&#8221;Domine|700|||||||&#8221; header_2_text_color=&#8221;#000000&#8243; global_colors_info=&#8221;{}&#8221;]<\/p>\n<h2><span>Manuel Rey invents the tablao <em>gastro<\/em><\/span><\/h2>\n<p>When it came to bringing in the best artists, there was a lot of competition. Zambra (opened in 1954) was the first modern tablao to appear in Madrid. To mention it was to speak of a temple of pure flamenco. Its prestige was enormous and Manuel Rey&#8217;s tablao had in it its greatest competitor.<\/p>\n<p><span>Of the 60 is Torres Bermejas, where<\/span> Camar\u00f3n de la Isla would be more than a decade, the only cantaor who got a full house every night.<\/p>\n<p><span><\/span><\/p>\n<p>El Duende (the one mentioned above that was in the hands of Pastora Imperio) and Las Cuevas de Nemesio would be other contemporary tablaos. <a href=\"https:\/\/allflamenco.net\/en\/blog\/that-was-from-tablao-canasteros\/\">How Los Canasteros, by Manolo Caracol himself.<\/a> <span><\/span><span><\/span><span><\/span><\/p>\n<p>[\/et_pb_text][et_pb_text _builder_version=&#8221;4.22.1&#8243; _module_preset=&#8221;e29bfea1-35c6-4a81-a8a4-a5f637d8c143&#8243; text_font=&#8221;Domine||||||||&#8221; text_font_size=&#8221;20px&#8221; text_line_height=&#8221;32em&#8221; header_2_font=&#8221;Domine|700|||||||&#8221; header_2_text_color=&#8221;#000000&#8243; global_colors_info=&#8221;{}&#8221;]<\/p>\n<p><span><\/span><\/p>\n<p>But the letters of El Corral de la Morer\u00eda were more valuable: Del Rey invented dining in the style of a restaurant while enjoying the show. That is, not a tapas, but a gourmet meal. There was nothing similar and attracted numerous celebrities of the time animated by that atmosphere of glamour as well as tablao.<\/p>\n<p>[\/et_pb_text][\/et_pb_column][\/et_pb_row][\/et_pb_section][et_pb_section fb_built=&#8221;1&#8243; admin_label=&#8221;Services&#8221; _builder_version=&#8221;4.22.1&#8243; _module_preset=&#8221;default&#8221; background_color=&#8221;#eaebe6&#8243; use_background_color_gradient=&#8221;on&#8221; background_color_gradient_stops=&#8221;#f0ebe7 80%|#dfdad6 80%&#8221; custom_padding=&#8221;||0px|||&#8221; collapsed=&#8221;on&#8221; global_colors_info=&#8221;{}&#8221;][et_pb_row _builder_version=&#8221;4.22.1&#8243; _module_preset=&#8221;default&#8221; global_colors_info=&#8221;{}&#8221;][et_pb_column type=&#8221;4_4&#8243; _builder_version=&#8221;4.22.1&#8243; _module_preset=&#8221;default&#8221; global_colors_info=&#8221;{}&#8221;][et_pb_image src=&#8221;https:\/\/allflamenco.net\/wp-content\/uploads\/2023\/09\/corral_de_la_moreria-e1694744636324.jpg&#8221; alt=&#8221;Gastronomic restaurant of the Corral.&#8221; title_text=&#8221;corral_de_la_moreria&#8221; align=&#8221;center&#8221; _builder_version=&#8221;4.22.1&#8243; _module_preset=&#8221;default&#8221; enable_caption_text=&#8221;on&#8221; image_caption_font=&#8221;Domine||||||||&#8221; image_caption_color=&#8221;#000000&#8243; image_caption_size=&#8221;12px&#8221; image_caption_lineheight=&#8221;1em&#8221; image_caption_alignment=&#8221;center&#8221; global_colors_info=&#8221;{}&#8221;][\/et_pb_image][\/et_pb_column][\/et_pb_row][et_pb_row column_structure=&#8221;1_2,1_2&#8243; _builder_version=&#8221;4.22.1&#8243; _module_preset=&#8221;default&#8221; max_width=&#8221;none&#8221; global_colors_info=&#8221;{}&#8221;][et_pb_column type=&#8221;1_2&#8243; _builder_version=&#8221;4.19.2&#8243; _module_preset=&#8221;default&#8221; global_colors_info=&#8221;{}&#8221;][et_pb_text _builder_version=&#8221;4.19.2&#8243; _module_preset=&#8221;0642bdc5-ac02-40e6-8303-309afa0c8092&#8243; text_font=&#8221;Domine||||||||&#8221; text_text_color=&#8221;#000000&#8243; text_font_size=&#8221;20px&#8221; text_line_height=&#8221;32em&#8221; global_colors_info=&#8221;{}&#8221;]<\/p>\n<p>It was almost natural this evolution of the business towards the gastro. Manuel&#8217;s parents had restaurants and he himself had tried exporting paellas. <strong>So he applied his knowledge and it didn&#8217;t go badly.<\/strong> In 2023, Corral de la Morer\u00eda is the only tablao with 1 Michelin Star (it won it in 2019) and 2 Repsol Suns, something unimaginable just a decade ago. <\/p>\n<p>[\/et_pb_text][\/et_pb_column][et_pb_column type=&#8221;1_2&#8243; _builder_version=&#8221;4.19.2&#8243; _module_preset=&#8221;default&#8221; global_colors_info=&#8221;{}&#8221;][et_pb_text _builder_version=&#8221;4.22.1&#8243; _module_preset=&#8221;0642bdc5-ac02-40e6-8303-309afa0c8092&#8243; text_font=&#8221;Domine||||||||&#8221; text_text_color=&#8221;#000000&#8243; text_font_size=&#8221;20px&#8221; text_line_height=&#8221;32em&#8221; global_colors_info=&#8221;{}&#8221;]<\/p>\n<p><strong>Caviar, thermidor lobster or bouillabaisse<\/strong> were the delights that VIPs could take in the early years of the tablao.<br \/>Corral de la Morer\u00eda has two gastronomic spaces: a premium restaurant for four tables (with or without a show), and a tablao restaurant, more informal, near the main stage. The chef is David Garcia.<\/p>\n<p>[\/et_pb_text][\/et_pb_column][\/et_pb_row][\/et_pb_section][et_pb_section fb_built=&#8221;1&#8243; _builder_version=&#8221;4.22.1&#8243; _module_preset=&#8221;default&#8221; border_width_all=&#8221;1px&#8221; global_colors_info=&#8221;{}&#8221;][et_pb_row _builder_version=&#8221;4.22.1&#8243; _module_preset=&#8221;default&#8221; global_colors_info=&#8221;{}&#8221;][et_pb_column type=&#8221;4_4&#8243; _builder_version=&#8221;4.22.1&#8243; _module_preset=&#8221;default&#8221; global_colors_info=&#8221;{}&#8221;][et_pb_image src=&#8221;https:\/\/allflamenco.net\/wp-content\/uploads\/2023\/09\/Blanca-del-Rey-y-sus-hijos.jpg&#8221; alt=&#8221;Blanca del Rey and her children.&#8221; title_text=&#8221;Blanca del Rey and her children.&#8221; _builder_version=&#8221;4.22.1&#8243; _module_preset=&#8221;default&#8221; enable_caption_text=&#8221;on&#8221; image_caption_font=&#8221;Domine||||||||&#8221; image_caption_color=&#8221;#000000&#8243; image_caption_size=&#8221;12px&#8221; image_caption_lineheight=&#8221;1em&#8221; image_caption_alignment=&#8221;left&#8221; global_colors_info=&#8221;{}&#8221;][\/et_pb_image][et_pb_text _builder_version=&#8221;4.22.1&#8243; _module_preset=&#8221;default&#8221; text_font=&#8221;Domine||||||||&#8221; text_text_color=&#8221;#000000&#8243; text_font_size=&#8221;20px&#8221; text_line_height=&#8221;32em&#8221; background_layout=&#8221;dark&#8221; global_colors_info=&#8221;{}&#8221;]<\/p>\n<p><span style=\"color: #000000;\">When the founder of the Corral de la Morer\u00eda died (2006), Blanca del Rey took the lead with her two sons, today, co-owners. <\/span>Attentive to trends, they have been redefining their offer to remain that indestructible tablao of Madrid. They also produce flamenco dance shows. <\/p>\n<p>[\/et_pb_text][\/et_pb_column][\/et_pb_row][\/et_pb_section]<\/p>\n","protected":false},"excerpt":{"rendered":"<p>It has resisted the crisis of the tablaos in the 80s and the lack of customers due to the pandemic. It is the Corral de la Morer\u00eda, the most famous in the world.<\/p>\n","protected":false},"author":1,"featured_media":400019,"comment_status":"open","ping_status":"open","sticky":false,"template":"","format":"standard","meta":{"_et_pb_use_builder":"on","_et_pb_old_content":"","_et_gb_content_width":"","footnotes":""},"categories":[],"tags":[],"class_list":["post-400039","post","type-post","status-publish","format-standard","has-post-thumbnail","hentry"],"yoast_head":"<!-- This site is optimized with the Yoast SEO plugin v26.8 - https:\/\/yoast.com\/product\/yoast-seo-wordpress\/ -->\n<title>Corral de la Morer\u00eda: the indestructible tablao - ALL FLAMENCO<\/title>\n<meta name=\"description\" content=\"It has resisted the crisis of the tablaos in the 80s and the lack of customers due to the pandemic. It is the Corral de la Morer\u00eda, the most famous in the world.\" \/>\n<meta name=\"robots\" content=\"index, follow, max-snippet:-1, max-image-preview:large, max-video-preview:-1\" \/>\n<link rel=\"canonical\" href=\"https:\/\/allflamenco.net\/en\/blog\/corral-de-la-moreria\/\" \/>\n<meta property=\"og:locale\" content=\"en_US\" \/>\n<meta property=\"og:type\" content=\"article\" \/>\n<meta property=\"og:title\" content=\"Corral de la Morer\u00eda: the indestructible tablao - ALL FLAMENCO\" \/>\n<meta property=\"og:description\" content=\"It has resisted the crisis of the tablaos in the 80s and the lack of customers due to the pandemic. It is the Corral de la Morer\u00eda, the most famous in the world.\" \/>\n<meta property=\"og:url\" content=\"https:\/\/allflamenco.net\/en\/blog\/corral-de-la-moreria\/\" \/>\n<meta property=\"og:site_name\" content=\"ALL FLAMENCO\" \/>\n<meta property=\"article:publisher\" content=\"https:\/\/www.facebook.com\/allflamenco\" \/>\n<meta property=\"article:published_time\" content=\"2023-09-15T02:35:12+00:00\" \/>\n<meta property=\"article:modified_time\" content=\"2023-09-15T02:57:14+00:00\" \/>\n<meta property=\"og:image\" content=\"https:\/\/allflamenco.net\/wp-content\/uploads\/2023\/09\/Corral-de-la-Moreria-e1694744874873.jpg\" \/>\n\t<meta property=\"og:image:width\" content=\"1280\" \/>\n\t<meta property=\"og:image:height\" content=\"937\" \/>\n\t<meta property=\"og:image:type\" content=\"image\/jpeg\" \/>\n<meta name=\"author\" content=\"operations\" \/>\n<meta name=\"twitter:card\" content=\"summary_large_image\" \/>\n<meta name=\"twitter:creator\" content=\"@all_flamenco\" \/>\n<meta name=\"twitter:site\" content=\"@all_flamenco\" \/>\n<meta name=\"twitter:label1\" content=\"Written by\" \/>\n\t<meta name=\"twitter:data1\" content=\"operations\" \/>\n\t<meta name=\"twitter:label2\" content=\"Est. reading time\" \/>\n\t<meta name=\"twitter:data2\" content=\"15 minutes\" \/>\n<script type=\"application\/ld+json\" class=\"yoast-schema-graph\">{\"@context\":\"https:\/\/schema.org\",\"@graph\":[{\"@type\":\"Article\",\"@id\":\"https:\/\/allflamenco.net\/en\/blog\/corral-de-la-moreria\/#article\",\"isPartOf\":{\"@id\":\"https:\/\/allflamenco.net\/en\/blog\/corral-de-la-moreria\/\"},\"author\":{\"name\":\"operations\",\"@id\":\"https:\/\/allflamenco.net\/en\/#\/schema\/person\/d719366e7dbfec3bf209ab328be58252\"},\"headline\":\"Corral de la Morer\u00eda: the indestructible tablao\",\"datePublished\":\"2023-09-15T02:35:12+00:00\",\"dateModified\":\"2023-09-15T02:57:14+00:00\",\"mainEntityOfPage\":{\"@id\":\"https:\/\/allflamenco.net\/en\/blog\/corral-de-la-moreria\/\"},\"wordCount\":3004,\"commentCount\":0,\"publisher\":{\"@id\":\"https:\/\/allflamenco.net\/en\/#organization\"},\"image\":{\"@id\":\"https:\/\/allflamenco.net\/en\/blog\/corral-de-la-moreria\/#primaryimage\"},\"thumbnailUrl\":\"https:\/\/allflamenco.net\/wp-content\/uploads\/2023\/09\/Corral-de-la-Moreria-e1694744874873.jpg\",\"inLanguage\":\"en-US\",\"potentialAction\":[{\"@type\":\"CommentAction\",\"name\":\"Comment\",\"target\":[\"https:\/\/allflamenco.net\/en\/blog\/corral-de-la-moreria\/#respond\"]}]},{\"@type\":\"WebPage\",\"@id\":\"https:\/\/allflamenco.net\/en\/blog\/corral-de-la-moreria\/\",\"url\":\"https:\/\/allflamenco.net\/en\/blog\/corral-de-la-moreria\/\",\"name\":\"Corral de la Morer\u00eda: the indestructible tablao - ALL FLAMENCO\",\"isPartOf\":{\"@id\":\"https:\/\/allflamenco.net\/en\/#website\"},\"primaryImageOfPage\":{\"@id\":\"https:\/\/allflamenco.net\/en\/blog\/corral-de-la-moreria\/#primaryimage\"},\"image\":{\"@id\":\"https:\/\/allflamenco.net\/en\/blog\/corral-de-la-moreria\/#primaryimage\"},\"thumbnailUrl\":\"https:\/\/allflamenco.net\/wp-content\/uploads\/2023\/09\/Corral-de-la-Moreria-e1694744874873.jpg\",\"datePublished\":\"2023-09-15T02:35:12+00:00\",\"dateModified\":\"2023-09-15T02:57:14+00:00\",\"description\":\"It has resisted the crisis of the tablaos in the 80s and the lack of customers due to the pandemic. It is the Corral de la Morer\u00eda, the most famous in the world.\",\"breadcrumb\":{\"@id\":\"https:\/\/allflamenco.net\/en\/blog\/corral-de-la-moreria\/#breadcrumb\"},\"inLanguage\":\"en-US\",\"potentialAction\":[{\"@type\":\"ReadAction\",\"target\":[\"https:\/\/allflamenco.net\/en\/blog\/corral-de-la-moreria\/\"]}]},{\"@type\":\"ImageObject\",\"inLanguage\":\"en-US\",\"@id\":\"https:\/\/allflamenco.net\/en\/blog\/corral-de-la-moreria\/#primaryimage\",\"url\":\"https:\/\/allflamenco.net\/wp-content\/uploads\/2023\/09\/Corral-de-la-Moreria-e1694744874873.jpg\",\"contentUrl\":\"https:\/\/allflamenco.net\/wp-content\/uploads\/2023\/09\/Corral-de-la-Moreria-e1694744874873.jpg\",\"width\":1280,\"height\":937,\"caption\":\"Corral de la Morer\u00eda\"},{\"@type\":\"BreadcrumbList\",\"@id\":\"https:\/\/allflamenco.net\/en\/blog\/corral-de-la-moreria\/#breadcrumb\",\"itemListElement\":[{\"@type\":\"ListItem\",\"position\":1,\"name\":\"Home\",\"item\":\"https:\/\/allflamenco.net\/en\/\"},{\"@type\":\"ListItem\",\"position\":2,\"name\":\"Corral de la Morer\u00eda: the indestructible tablao\"}]},{\"@type\":\"WebSite\",\"@id\":\"https:\/\/allflamenco.net\/en\/#website\",\"url\":\"https:\/\/allflamenco.net\/en\/\",\"name\":\"ALL FLAMENCO\",\"description\":\"El canal para los amantes del flamenco\",\"publisher\":{\"@id\":\"https:\/\/allflamenco.net\/en\/#organization\"},\"potentialAction\":[{\"@type\":\"SearchAction\",\"target\":{\"@type\":\"EntryPoint\",\"urlTemplate\":\"https:\/\/allflamenco.net\/en\/?s={search_term_string}\"},\"query-input\":{\"@type\":\"PropertyValueSpecification\",\"valueRequired\":true,\"valueName\":\"search_term_string\"}}],\"inLanguage\":\"en-US\"},{\"@type\":\"Organization\",\"@id\":\"https:\/\/allflamenco.net\/en\/#organization\",\"name\":\"ALL FLAMENCO\",\"alternateName\":\"AF\",\"url\":\"https:\/\/allflamenco.net\/en\/\",\"logo\":{\"@type\":\"ImageObject\",\"inLanguage\":\"en-US\",\"@id\":\"https:\/\/allflamenco.net\/en\/#\/schema\/logo\/image\/\",\"url\":\"https:\/\/allflamenco.net\/wp-content\/uploads\/2023\/09\/logo-allflamenco.jpg\",\"contentUrl\":\"https:\/\/allflamenco.net\/wp-content\/uploads\/2023\/09\/logo-allflamenco.jpg\",\"width\":696,\"height\":696,\"caption\":\"ALL FLAMENCO\"},\"image\":{\"@id\":\"https:\/\/allflamenco.net\/en\/#\/schema\/logo\/image\/\"},\"sameAs\":[\"https:\/\/www.facebook.com\/allflamenco\",\"https:\/\/x.com\/all_flamenco\",\"https:\/\/www.instagram.com\/allflamenco\",\"https:\/\/www.pinterest.es\/allflamenco\/\",\"https:\/\/www.youtube.com\/@ALLFLAMENCO\",\"https:\/\/www.tiktok.com\/@allflamenco\"]},{\"@type\":\"Person\",\"@id\":\"https:\/\/allflamenco.net\/en\/#\/schema\/person\/d719366e7dbfec3bf209ab328be58252\",\"name\":\"operations\",\"sameAs\":[\"http:\/\/new.allflamenco.net\"]}]}<\/script>\n<!-- \/ Yoast SEO plugin. -->","yoast_head_json":{"title":"Corral de la Morer\u00eda: the indestructible tablao - ALL FLAMENCO","description":"It has resisted the crisis of the tablaos in the 80s and the lack of customers due to the pandemic. It is the Corral de la Morer\u00eda, the most famous in the world.","robots":{"index":"index","follow":"follow","max-snippet":"max-snippet:-1","max-image-preview":"max-image-preview:large","max-video-preview":"max-video-preview:-1"},"canonical":"https:\/\/allflamenco.net\/en\/blog\/corral-de-la-moreria\/","og_locale":"en_US","og_type":"article","og_title":"Corral de la Morer\u00eda: the indestructible tablao - ALL FLAMENCO","og_description":"It has resisted the crisis of the tablaos in the 80s and the lack of customers due to the pandemic. It is the Corral de la Morer\u00eda, the most famous in the world.","og_url":"https:\/\/allflamenco.net\/en\/blog\/corral-de-la-moreria\/","og_site_name":"ALL FLAMENCO","article_publisher":"https:\/\/www.facebook.com\/allflamenco","article_published_time":"2023-09-15T02:35:12+00:00","article_modified_time":"2023-09-15T02:57:14+00:00","og_image":[{"width":1280,"height":937,"url":"https:\/\/allflamenco.net\/wp-content\/uploads\/2023\/09\/Corral-de-la-Moreria-e1694744874873.jpg","type":"image\/jpeg"}],"author":"operations","twitter_card":"summary_large_image","twitter_creator":"@all_flamenco","twitter_site":"@all_flamenco","twitter_misc":{"Written by":"operations","Est. reading time":"15 minutes"},"schema":{"@context":"https:\/\/schema.org","@graph":[{"@type":"Article","@id":"https:\/\/allflamenco.net\/en\/blog\/corral-de-la-moreria\/#article","isPartOf":{"@id":"https:\/\/allflamenco.net\/en\/blog\/corral-de-la-moreria\/"},"author":{"name":"operations","@id":"https:\/\/allflamenco.net\/en\/#\/schema\/person\/d719366e7dbfec3bf209ab328be58252"},"headline":"Corral de la Morer\u00eda: the indestructible tablao","datePublished":"2023-09-15T02:35:12+00:00","dateModified":"2023-09-15T02:57:14+00:00","mainEntityOfPage":{"@id":"https:\/\/allflamenco.net\/en\/blog\/corral-de-la-moreria\/"},"wordCount":3004,"commentCount":0,"publisher":{"@id":"https:\/\/allflamenco.net\/en\/#organization"},"image":{"@id":"https:\/\/allflamenco.net\/en\/blog\/corral-de-la-moreria\/#primaryimage"},"thumbnailUrl":"https:\/\/allflamenco.net\/wp-content\/uploads\/2023\/09\/Corral-de-la-Moreria-e1694744874873.jpg","inLanguage":"en-US","potentialAction":[{"@type":"CommentAction","name":"Comment","target":["https:\/\/allflamenco.net\/en\/blog\/corral-de-la-moreria\/#respond"]}]},{"@type":"WebPage","@id":"https:\/\/allflamenco.net\/en\/blog\/corral-de-la-moreria\/","url":"https:\/\/allflamenco.net\/en\/blog\/corral-de-la-moreria\/","name":"Corral de la Morer\u00eda: the indestructible tablao - ALL FLAMENCO","isPartOf":{"@id":"https:\/\/allflamenco.net\/en\/#website"},"primaryImageOfPage":{"@id":"https:\/\/allflamenco.net\/en\/blog\/corral-de-la-moreria\/#primaryimage"},"image":{"@id":"https:\/\/allflamenco.net\/en\/blog\/corral-de-la-moreria\/#primaryimage"},"thumbnailUrl":"https:\/\/allflamenco.net\/wp-content\/uploads\/2023\/09\/Corral-de-la-Moreria-e1694744874873.jpg","datePublished":"2023-09-15T02:35:12+00:00","dateModified":"2023-09-15T02:57:14+00:00","description":"It has resisted the crisis of the tablaos in the 80s and the lack of customers due to the pandemic. It is the Corral de la Morer\u00eda, the most famous in the world.","breadcrumb":{"@id":"https:\/\/allflamenco.net\/en\/blog\/corral-de-la-moreria\/#breadcrumb"},"inLanguage":"en-US","potentialAction":[{"@type":"ReadAction","target":["https:\/\/allflamenco.net\/en\/blog\/corral-de-la-moreria\/"]}]},{"@type":"ImageObject","inLanguage":"en-US","@id":"https:\/\/allflamenco.net\/en\/blog\/corral-de-la-moreria\/#primaryimage","url":"https:\/\/allflamenco.net\/wp-content\/uploads\/2023\/09\/Corral-de-la-Moreria-e1694744874873.jpg","contentUrl":"https:\/\/allflamenco.net\/wp-content\/uploads\/2023\/09\/Corral-de-la-Moreria-e1694744874873.jpg","width":1280,"height":937,"caption":"Corral de la Morer\u00eda"},{"@type":"BreadcrumbList","@id":"https:\/\/allflamenco.net\/en\/blog\/corral-de-la-moreria\/#breadcrumb","itemListElement":[{"@type":"ListItem","position":1,"name":"Home","item":"https:\/\/allflamenco.net\/en\/"},{"@type":"ListItem","position":2,"name":"Corral de la Morer\u00eda: the indestructible tablao"}]},{"@type":"WebSite","@id":"https:\/\/allflamenco.net\/en\/#website","url":"https:\/\/allflamenco.net\/en\/","name":"ALL FLAMENCO","description":"El canal para los amantes del flamenco","publisher":{"@id":"https:\/\/allflamenco.net\/en\/#organization"},"potentialAction":[{"@type":"SearchAction","target":{"@type":"EntryPoint","urlTemplate":"https:\/\/allflamenco.net\/en\/?s={search_term_string}"},"query-input":{"@type":"PropertyValueSpecification","valueRequired":true,"valueName":"search_term_string"}}],"inLanguage":"en-US"},{"@type":"Organization","@id":"https:\/\/allflamenco.net\/en\/#organization","name":"ALL FLAMENCO","alternateName":"AF","url":"https:\/\/allflamenco.net\/en\/","logo":{"@type":"ImageObject","inLanguage":"en-US","@id":"https:\/\/allflamenco.net\/en\/#\/schema\/logo\/image\/","url":"https:\/\/allflamenco.net\/wp-content\/uploads\/2023\/09\/logo-allflamenco.jpg","contentUrl":"https:\/\/allflamenco.net\/wp-content\/uploads\/2023\/09\/logo-allflamenco.jpg","width":696,"height":696,"caption":"ALL FLAMENCO"},"image":{"@id":"https:\/\/allflamenco.net\/en\/#\/schema\/logo\/image\/"},"sameAs":["https:\/\/www.facebook.com\/allflamenco","https:\/\/x.com\/all_flamenco","https:\/\/www.instagram.com\/allflamenco","https:\/\/www.pinterest.es\/allflamenco\/","https:\/\/www.youtube.com\/@ALLFLAMENCO","https:\/\/www.tiktok.com\/@allflamenco"]},{"@type":"Person","@id":"https:\/\/allflamenco.net\/en\/#\/schema\/person\/d719366e7dbfec3bf209ab328be58252","name":"operations","sameAs":["http:\/\/new.allflamenco.net"]}]}},"_links":{"self":[{"href":"https:\/\/allflamenco.net\/en\/wp-json\/wp\/v2\/posts\/400039","targetHints":{"allow":["GET"]}}],"collection":[{"href":"https:\/\/allflamenco.net\/en\/wp-json\/wp\/v2\/posts"}],"about":[{"href":"https:\/\/allflamenco.net\/en\/wp-json\/wp\/v2\/types\/post"}],"author":[{"embeddable":true,"href":"https:\/\/allflamenco.net\/en\/wp-json\/wp\/v2\/users\/1"}],"replies":[{"embeddable":true,"href":"https:\/\/allflamenco.net\/en\/wp-json\/wp\/v2\/comments?post=400039"}],"version-history":[{"count":2,"href":"https:\/\/allflamenco.net\/en\/wp-json\/wp\/v2\/posts\/400039\/revisions"}],"predecessor-version":[{"id":400041,"href":"https:\/\/allflamenco.net\/en\/wp-json\/wp\/v2\/posts\/400039\/revisions\/400041"}],"wp:featuredmedia":[{"embeddable":true,"href":"https:\/\/allflamenco.net\/en\/wp-json\/wp\/v2\/media\/400019"}],"wp:attachment":[{"href":"https:\/\/allflamenco.net\/en\/wp-json\/wp\/v2\/media?parent=400039"}],"wp:term":[{"taxonomy":"category","embeddable":true,"href":"https:\/\/allflamenco.net\/en\/wp-json\/wp\/v2\/categories?post=400039"},{"taxonomy":"post_tag","embeddable":true,"href":"https:\/\/allflamenco.net\/en\/wp-json\/wp\/v2\/tags?post=400039"}],"curies":[{"name":"wp","href":"https:\/\/api.w.org\/{rel}","templated":true}]}}