{"id":399023,"date":"2023-09-09T15:15:47","date_gmt":"2023-09-09T15:15:47","guid":{"rendered":"https:\/\/allflamenco.net\/that-was-from-tablao-canasteros\/"},"modified":"2023-09-09T16:27:54","modified_gmt":"2023-09-09T16:27:54","slug":"that-was-from-tablao-canasteros","status":"publish","type":"post","link":"https:\/\/allflamenco.net\/en\/blog\/that-was-from-tablao-canasteros\/","title":{"rendered":"What happened to Los Canasteros, Manolo Caracol&#8217;s tablao"},"content":{"rendered":"<p>[et_pb_section fb_built=&#8221;1&#8243; admin_label=&#8221;Social Sharing Buttons &#8221; _builder_version=&#8221;4.21.0&#8243; custom_margin=&#8221;0px|0px|0px|0px|true|true&#8221; custom_padding=&#8221;0px|0px|10px|0px|false|true&#8221; global_colors_info=&#8221;{}&#8221;][et_pb_row _builder_version=&#8221;4.21.0&#8243; background_size=&#8221;initial&#8221; background_position=&#8221;top_left&#8221; background_repeat=&#8221;repeat&#8221; max_width=&#8221;1280px&#8221; custom_padding=&#8221;0px|0px|0px|0px|false|false&#8221; global_colors_info=&#8221;{}&#8221;][et_pb_column type=&#8221;4_4&#8243; _builder_version=&#8221;4.21.0&#8243; _module_preset=&#8221;default&#8221; global_colors_info=&#8221;{}&#8221;][dssb_sharing_buttons icon_placement=&#8221;icon&#8221; columns=&#8221;6&#8243; icon_width=&#8221;fixed&#8221; alignment=&#8221;left&#8221; icon_color=&#8221;#111111&#8243; use_custom_icon_size=&#8221;on&#8221; icon_font_size=&#8221;16px&#8221; icon_bg=&#8221;#f4f4f4&#8243; _builder_version=&#8221;4.21.0&#8243; _module_preset=&#8221;default&#8221; border_radii_main=&#8221;on|4px|4px|4px|4px&#8221; border_radii_icon=&#8221;on|4px|4px|4px|4px&#8221; border_width_all_icon=&#8221;1px&#8221; border_color_all_icon=&#8221;#f4f4f4&#8243; border_color_all_icon_last_edited=&#8221;off|desktop&#8221; global_colors_info=&#8221;{}&#8221; border_color_all_icon__hover_enabled=&#8221;on|hover&#8221; border_color_all_icon__hover=&#8221;#111111&#8243;][dssb_sharing_button _builder_version=&#8221;4.21.0&#8243; _module_preset=&#8221;default&#8221; global_colors_info=&#8221;{}&#8221;][\/dssb_sharing_button][dssb_sharing_button social_network=&#8221;twitter&#8221; _builder_version=&#8221;4.21.0&#8243; _module_preset=&#8221;default&#8221; global_colors_info=&#8221;{}&#8221;][\/dssb_sharing_button][dssb_sharing_button social_network=&#8221;whatsapp&#8221; _builder_version=&#8221;4.21.0&#8243; _module_preset=&#8221;default&#8221; global_colors_info=&#8221;{}&#8221;][\/dssb_sharing_button][dssb_sharing_button social_network=&#8221;telegram&#8221; _builder_version=&#8221;4.21.0&#8243; _module_preset=&#8221;default&#8221; global_colors_info=&#8221;{}&#8221;][\/dssb_sharing_button][dssb_sharing_button social_network=&#8221;email&#8221; _builder_version=&#8221;4.21.0&#8243; _module_preset=&#8221;default&#8221; global_colors_info=&#8221;{}&#8221;][\/dssb_sharing_button][dssb_sharing_button social_network=&#8221;copy&#8221; _builder_version=&#8221;4.21.0&#8243; _module_preset=&#8221;default&#8221; global_colors_info=&#8221;{}&#8221;][\/dssb_sharing_button][\/dssb_sharing_buttons][et_pb_text _builder_version=&#8221;4.22.1&#8243; _module_preset=&#8221;default&#8221; text_font=&#8221;||||||||&#8221; text_font_size=&#8221;16px&#8221; text_line_height=&#8221;2em&#8221; header_2_font=&#8221;Domine|700|||||||&#8221; header_2_text_color=&#8221;#000000&#8243; hover_enabled=&#8221;0&#8243; global_colors_info=&#8221;{}&#8221; sticky_enabled=&#8221;0&#8243; text_orientation=&#8221;justified&#8221; text_font_size_tablet=&#8221;15px&#8221; text_font_size_phone=&#8221;14px&#8221; text_font_size_last_edited=&#8221;on|phone&#8221;]<\/p>\n<p>Manolo Caracol opened Los Canasteros in 1963 to safeguard true flamenco. <em>&#8220;No mixed artists&#8221;, would say this Sevillian singer.<\/em> Today there is nothing left of what was the most important and aristocratic tablao in Madrid.<\/p>\n<p>[\/et_pb_text][\/et_pb_column][\/et_pb_row][\/et_pb_section][et_pb_section fb_built=&#8221;1&#8243; custom_padding_last_edited=&#8221;on|tablet&#8221; admin_label=&#8221;Header&#8221; _builder_version=&#8221;4.16&#8243; custom_padding=&#8221;110px|||||&#8221; custom_padding_tablet=&#8221;50px||||false|false&#8221; custom_padding_phone=&#8221;&#8221; locked=&#8221;off&#8221; global_colors_info=&#8221;{}&#8221;][et_pb_row _builder_version=&#8221;4.16&#8243; custom_padding=&#8221;0px||0px|||&#8221; global_colors_info=&#8221;{}&#8221;][et_pb_column type=&#8221;4_4&#8243; _builder_version=&#8221;4.16&#8243; z_index=&#8221;10&#8243; global_colors_info=&#8221;{}&#8221;][et_pb_divider show_divider=&#8221;off&#8221; _builder_version=&#8221;4.16&#8243; positioning=&#8221;absolute&#8221; vertical_offset=&#8221;-40px&#8221; horizontal_offset=&#8221;-40px&#8221; vertical_offset_tablet=&#8221;-20px&#8221; vertical_offset_phone=&#8221;&#8221; vertical_offset_last_edited=&#8221;on|tablet&#8221; horizontal_offset_tablet=&#8221;-20px&#8221; horizontal_offset_phone=&#8221;&#8221; horizontal_offset_last_edited=&#8221;on|desktop&#8221; width=&#8221;100%&#8221; max_width=&#8221;220px&#8221; min_height=&#8221;220px&#8221; border_width_all=&#8221;2px&#8221; border_color_all=&#8221;#d8c8a5&#8243; global_colors_info=&#8221;{}&#8221;][\/et_pb_divider][et_pb_image src=&#8221;@ET-DC@eyJkeW5hbWljIjp0cnVlLCJjb250ZW50IjoicG9zdF9mZWF0dXJlZF9pbWFnZSIsInNldHRpbmdzIjp7fX0=@&#8221; show_bottom_space=&#8221;off&#8221; _builder_version=&#8221;4.22.1&#8243; _dynamic_attributes=&#8221;src&#8221; z_index=&#8221;1&#8243; enable_caption_text=&#8221;on&#8221; image_caption_font=&#8221;Domine||||||||&#8221; image_caption_color=&#8221;#000000&#8243; image_caption_size=&#8221;12px&#8221; image_caption_lineheight=&#8221;1em&#8221; image_caption_alignment=&#8221;left&#8221; global_colors_info=&#8221;{}&#8221;][\/et_pb_image][et_pb_divider show_divider=&#8221;off&#8221; _builder_version=&#8221;4.16&#8243; transform_scale_tablet=&#8221;&#8221; transform_scale_phone=&#8221;&#8221; transform_scale_last_edited=&#8221;on|desktop&#8221; transform_rotate_tablet=&#8221;&#8221; transform_rotate_phone=&#8221;&#8221; transform_rotate_last_edited=&#8221;on|desktop&#8221; transform_skew_tablet=&#8221;&#8221; transform_skew_phone=&#8221;&#8221; transform_skew_last_edited=&#8221;on|desktop&#8221; transform_origin_tablet=&#8221;&#8221; transform_origin_phone=&#8221;&#8221; transform_origin_last_edited=&#8221;on|desktop&#8221; positioning=&#8221;absolute&#8221; position_origin_a=&#8221;bottom_right&#8221; vertical_offset=&#8221;-40px&#8221; horizontal_offset=&#8221;-40px&#8221; vertical_offset_tablet=&#8221;-20px&#8221; vertical_offset_phone=&#8221;&#8221; vertical_offset_last_edited=&#8221;on|phone&#8221; horizontal_offset_tablet=&#8221;-20px&#8221; horizontal_offset_phone=&#8221;&#8221; horizontal_offset_last_edited=&#8221;on|tablet&#8221; width=&#8221;100%&#8221; max_width=&#8221;220px&#8221; min_height=&#8221;220px&#8221; hover_enabled=&#8221;0&#8243; border_width_all=&#8221;15px&#8221; border_color_all=&#8221;rgba(0,0,0,0.1)&#8221; global_colors_info=&#8221;{}&#8221; sticky_enabled=&#8221;0&#8243;][\/et_pb_divider][\/et_pb_column][\/et_pb_row][\/et_pb_section][et_pb_section fb_built=&#8221;1&#8243; admin_label=&#8221;Post Body&#8221; _builder_version=&#8221;4.16&#8243; locked=&#8221;off&#8221; global_colors_info=&#8221;{}&#8221;][et_pb_row _builder_version=&#8221;4.16&#8243; locked=&#8221;off&#8221; global_colors_info=&#8221;{}&#8221;][et_pb_column type=&#8221;4_4&#8243; _builder_version=&#8221;4.16&#8243; custom_padding=&#8221;|||&#8221; global_colors_info=&#8221;{}&#8221; custom_padding__hover=&#8221;|||&#8221;][et_pb_text _builder_version=&#8221;4.22.1&#8243; text_font=&#8221;||||||||&#8221; text_font_size=&#8221;16px&#8221; text_line_height=&#8221;2em&#8221; header_2_font=&#8221;Domine|700|||||||&#8221; header_2_text_color=&#8221;#000000&#8243; text_orientation=&#8221;justified&#8221; text_font_size_tablet=&#8221;15px&#8221; text_font_size_phone=&#8221;14px&#8221; text_font_size_last_edited=&#8221;on|phone&#8221; text_text_align=&#8221;justify&#8221; global_colors_info=&#8221;{}&#8221; header_2_2_font_size_tablet=&#8221;42px&#8221; header_3_2_font_size_tablet=&#8221;42px&#8221; header_4_2_font_size_tablet=&#8221;42px&#8221; header_5_2_font_size_tablet=&#8221;42px&#8221; header_6_2_font_size_tablet=&#8221;42px&#8221; header_2_2_font_size_phone=&#8221;34px&#8221; header_3_2_font_size_phone=&#8221;34px&#8221; header_4_2_font_size_phone=&#8221;34px&#8221; header_5_2_font_size_phone=&#8221;34px&#8221; header_6_2_font_size_phone=&#8221;34px&#8221; header_2_2_font_size_last_edited=&#8221;on|tablet&#8221; header_3_2_font_size_last_edited=&#8221;on|tablet&#8221; header_4_2_font_size_last_edited=&#8221;on|tablet&#8221; header_5_2_font_size_last_edited=&#8221;on|tablet&#8221; header_6_2_font_size_last_edited=&#8221;on|tablet&#8221; header_2_3_font_size_tablet=&#8221;34px&#8221; header_3_3_font_size_tablet=&#8221;34px&#8221; header_4_3_font_size_tablet=&#8221;34px&#8221; header_5_3_font_size_tablet=&#8221;34px&#8221; header_6_3_font_size_tablet=&#8221;34px&#8221; header_2_3_font_size_phone=&#8221;28px&#8221; header_3_3_font_size_phone=&#8221;28px&#8221; header_4_3_font_size_phone=&#8221;28px&#8221; header_5_3_font_size_phone=&#8221;28px&#8221; header_6_3_font_size_phone=&#8221;28px&#8221; header_2_3_font_size_last_edited=&#8221;on|phone&#8221; header_3_3_font_size_last_edited=&#8221;on|phone&#8221; header_4_3_font_size_last_edited=&#8221;on|phone&#8221; header_5_3_font_size_last_edited=&#8221;on|phone&#8221; header_6_3_font_size_last_edited=&#8221;on|phone&#8221; header_2_4_font_size_tablet=&#8221;22px&#8221; header_3_4_font_size_tablet=&#8221;22px&#8221; header_4_4_font_size_tablet=&#8221;22px&#8221; header_5_4_font_size_tablet=&#8221;22px&#8221; header_6_4_font_size_tablet=&#8221;22px&#8221; header_2_4_font_size_phone=&#8221;18px&#8221; header_3_4_font_size_phone=&#8221;18px&#8221; header_4_4_font_size_phone=&#8221;18px&#8221; header_5_4_font_size_phone=&#8221;18px&#8221; header_6_4_font_size_phone=&#8221;18px&#8221; header_2_4_font_size_last_edited=&#8221;on|phone&#8221; header_3_4_font_size_last_edited=&#8221;on|phone&#8221; header_4_4_font_size_last_edited=&#8221;on|phone&#8221; header_5_4_font_size_last_edited=&#8221;on|phone&#8221; header_6_4_font_size_last_edited=&#8221;on|phone&#8221; header_2_5_font_size_phone=&#8221;16px&#8221; header_3_5_font_size_phone=&#8221;16px&#8221; header_4_5_font_size_phone=&#8221;16px&#8221; header_5_5_font_size_phone=&#8221;16px&#8221; header_6_5_font_size_phone=&#8221;16px&#8221; header_2_5_font_size_last_edited=&#8221;on|tablet&#8221; header_3_5_font_size_last_edited=&#8221;on|tablet&#8221; header_4_5_font_size_last_edited=&#8221;on|tablet&#8221; header_5_5_font_size_last_edited=&#8221;on|tablet&#8221; header_6_5_font_size_last_edited=&#8221;on|tablet&#8221;]<\/p>\n<p>In Calle Barbieri number 10 in Madrid, next to Gran V\u00eda, Manolo Caracol inaugurated the tablao Los Canasteros in 1963. Y lo dirigi\u00f3 personalmente hasta aquel fat\u00eddico accidente de tr\u00e1fico de 1973 que nos dej\u00f3 sin su voz <em>afill\u00e1<\/em> y \u00fanica.<\/p>\n<p>Practically, the singer of Sevillian origin locked himself within its walls for the 10 years in which he was in charge. <a href=\"https:\/\/allflamenco.net\/en\/blog\/antonio-mairena-biography-part-i\/\">Antonio Mairena, his &#8220;rival&#8221;, reigned at that time in flamenco festivals,<\/a> so he was not &#8220;invited&#8221; to almost any. So, from the opening of Los Canasteros, Manolo Caracol decided that he would perform only in his tablao, with very few exceptions. Melchor de Mairena would be his star guitarist and his son-in-law, Arturo Pav\u00f3n, the official pianist. <\/p>\n<p>[\/et_pb_text][et_pb_text _builder_version=&#8221;4.22.1&#8243; header_2_font=&#8221;Domine|700|||||||&#8221; header_2_text_color=&#8221;#000000&#8243; header_3_font=&#8221;Domine|700|||||||&#8221; header_3_text_color=&#8221;#000000&#8243; header_3_line_height=&#8221;2em&#8221; text_orientation=&#8221;justified&#8221; max_width=&#8221;700px&#8221; module_alignment=&#8221;center&#8221; text_text_align=&#8221;justify&#8221; locked=&#8221;off&#8221; global_colors_info=&#8221;{}&#8221; header_2_2_font_size_tablet=&#8221;42px&#8221; header_3_2_font_size_tablet=&#8221;42px&#8221; header_4_2_font_size_tablet=&#8221;42px&#8221; header_5_2_font_size_tablet=&#8221;42px&#8221; header_6_2_font_size_tablet=&#8221;42px&#8221; header_2_2_font_size_phone=&#8221;34px&#8221; header_3_2_font_size_phone=&#8221;34px&#8221; header_4_2_font_size_phone=&#8221;34px&#8221; header_5_2_font_size_phone=&#8221;34px&#8221; header_6_2_font_size_phone=&#8221;34px&#8221; header_2_2_font_size_last_edited=&#8221;on|tablet&#8221; header_3_2_font_size_last_edited=&#8221;on|tablet&#8221; header_4_2_font_size_last_edited=&#8221;on|tablet&#8221; header_5_2_font_size_last_edited=&#8221;on|tablet&#8221; header_6_2_font_size_last_edited=&#8221;on|tablet&#8221; header_2_3_font_size_tablet=&#8221;34px&#8221; header_3_3_font_size_tablet=&#8221;34px&#8221; header_4_3_font_size_tablet=&#8221;34px&#8221; header_5_3_font_size_tablet=&#8221;34px&#8221; header_6_3_font_size_tablet=&#8221;34px&#8221; header_2_3_font_size_phone=&#8221;28px&#8221; header_3_3_font_size_phone=&#8221;28px&#8221; header_4_3_font_size_phone=&#8221;28px&#8221; header_5_3_font_size_phone=&#8221;28px&#8221; header_6_3_font_size_phone=&#8221;28px&#8221; header_2_3_font_size_last_edited=&#8221;on|phone&#8221; header_3_3_font_size_last_edited=&#8221;on|phone&#8221; header_4_3_font_size_last_edited=&#8221;on|phone&#8221; header_5_3_font_size_last_edited=&#8221;on|phone&#8221; header_6_3_font_size_last_edited=&#8221;on|phone&#8221; header_2_4_font_size_tablet=&#8221;22px&#8221; header_3_4_font_size_tablet=&#8221;22px&#8221; header_4_4_font_size_tablet=&#8221;22px&#8221; header_5_4_font_size_tablet=&#8221;22px&#8221; header_6_4_font_size_tablet=&#8221;22px&#8221; header_2_4_font_size_phone=&#8221;18px&#8221; header_3_4_font_size_phone=&#8221;18px&#8221; header_4_4_font_size_phone=&#8221;18px&#8221; header_5_4_font_size_phone=&#8221;18px&#8221; header_6_4_font_size_phone=&#8221;18px&#8221; header_2_4_font_size_last_edited=&#8221;on|phone&#8221; header_3_4_font_size_last_edited=&#8221;on|phone&#8221; header_4_4_font_size_last_edited=&#8221;on|phone&#8221; header_5_4_font_size_last_edited=&#8221;on|phone&#8221; header_6_4_font_size_last_edited=&#8221;on|phone&#8221; header_2_5_font_size_phone=&#8221;16px&#8221; header_3_5_font_size_phone=&#8221;16px&#8221; header_4_5_font_size_phone=&#8221;16px&#8221; header_5_5_font_size_phone=&#8221;16px&#8221; header_6_5_font_size_phone=&#8221;16px&#8221; header_2_5_font_size_last_edited=&#8221;on|tablet&#8221; header_3_5_font_size_last_edited=&#8221;on|tablet&#8221; header_4_5_font_size_last_edited=&#8221;on|tablet&#8221; header_5_5_font_size_last_edited=&#8221;on|tablet&#8221; header_6_5_font_size_last_edited=&#8221;on|tablet&#8221; text_font=&#8221;||||||||&#8221; text_font_size=&#8221;16px&#8221; text_line_height=&#8221;2em&#8221; text_font_size_tablet=&#8221;15px&#8221; text_font_size_phone=&#8221;14px&#8221; text_font_size_last_edited=&#8221;on|phone&#8221;]<\/p>\n<h3>The tablao Los Canasteros was inaugurated on March 1, 1963 with a great performance by Manolo Caracol with the piano of Arturo Pav\u00f3n<\/h3>\n<p>[\/et_pb_text][et_pb_text _builder_version=&#8221;4.22.1&#8243; text_font=&#8221;||||||||&#8221; text_font_size=&#8221;16px&#8221; text_line_height=&#8221;2em&#8221; header_2_font=&#8221;Domine|700|||||||&#8221; header_2_text_color=&#8221;#000000&#8243; text_orientation=&#8221;justified&#8221; text_text_align=&#8221;justify&#8221; locked=&#8221;off&#8221; global_colors_info=&#8221;{}&#8221; header_2_2_font_size_tablet=&#8221;42px&#8221; header_3_2_font_size_tablet=&#8221;42px&#8221; header_4_2_font_size_tablet=&#8221;42px&#8221; header_5_2_font_size_tablet=&#8221;42px&#8221; header_6_2_font_size_tablet=&#8221;42px&#8221; header_2_2_font_size_phone=&#8221;34px&#8221; header_3_2_font_size_phone=&#8221;34px&#8221; header_4_2_font_size_phone=&#8221;34px&#8221; header_5_2_font_size_phone=&#8221;34px&#8221; header_6_2_font_size_phone=&#8221;34px&#8221; header_2_2_font_size_last_edited=&#8221;on|tablet&#8221; header_3_2_font_size_last_edited=&#8221;on|tablet&#8221; header_4_2_font_size_last_edited=&#8221;on|tablet&#8221; header_5_2_font_size_last_edited=&#8221;on|tablet&#8221; header_6_2_font_size_last_edited=&#8221;on|tablet&#8221; header_2_3_font_size_tablet=&#8221;34px&#8221; header_3_3_font_size_tablet=&#8221;34px&#8221; header_4_3_font_size_tablet=&#8221;34px&#8221; header_5_3_font_size_tablet=&#8221;34px&#8221; header_6_3_font_size_tablet=&#8221;34px&#8221; header_2_3_font_size_phone=&#8221;28px&#8221; header_3_3_font_size_phone=&#8221;28px&#8221; header_4_3_font_size_phone=&#8221;28px&#8221; header_5_3_font_size_phone=&#8221;28px&#8221; header_6_3_font_size_phone=&#8221;28px&#8221; header_2_3_font_size_last_edited=&#8221;on|phone&#8221; header_3_3_font_size_last_edited=&#8221;on|phone&#8221; header_4_3_font_size_last_edited=&#8221;on|phone&#8221; header_5_3_font_size_last_edited=&#8221;on|phone&#8221; header_6_3_font_size_last_edited=&#8221;on|phone&#8221; header_2_4_font_size_tablet=&#8221;22px&#8221; header_3_4_font_size_tablet=&#8221;22px&#8221; header_4_4_font_size_tablet=&#8221;22px&#8221; header_5_4_font_size_tablet=&#8221;22px&#8221; header_6_4_font_size_tablet=&#8221;22px&#8221; header_2_4_font_size_phone=&#8221;18px&#8221; header_3_4_font_size_phone=&#8221;18px&#8221; header_4_4_font_size_phone=&#8221;18px&#8221; header_5_4_font_size_phone=&#8221;18px&#8221; header_6_4_font_size_phone=&#8221;18px&#8221; header_2_4_font_size_last_edited=&#8221;on|phone&#8221; header_3_4_font_size_last_edited=&#8221;on|phone&#8221; header_4_4_font_size_last_edited=&#8221;on|phone&#8221; header_5_4_font_size_last_edited=&#8221;on|phone&#8221; header_6_4_font_size_last_edited=&#8221;on|phone&#8221; header_2_5_font_size_phone=&#8221;16px&#8221; header_3_5_font_size_phone=&#8221;16px&#8221; header_4_5_font_size_phone=&#8221;16px&#8221; header_5_5_font_size_phone=&#8221;16px&#8221; header_6_5_font_size_phone=&#8221;16px&#8221; header_2_5_font_size_last_edited=&#8221;on|tablet&#8221; header_3_5_font_size_last_edited=&#8221;on|tablet&#8221; header_4_5_font_size_last_edited=&#8221;on|tablet&#8221; header_5_5_font_size_last_edited=&#8221;on|tablet&#8221; header_6_5_font_size_last_edited=&#8221;on|tablet&#8221; text_font_size_tablet=&#8221;15px&#8221; text_font_size_phone=&#8221;14px&#8221; text_font_size_last_edited=&#8221;on|phone&#8221;]<\/p>\n<h2><b>Foreigners feel flamenco more than many Spaniards&#8221;<\/b><\/h2>\n<p>Immediately, criticism rained down. And with phrases like &#8220;foreigners feel flamenco more than many Spaniards&#8221;, Manolo Caracol responded to those who questioned that in a tablao good flamenco could be given. And when entering, on the left, where the bar counter, three portraits: Antonio Chac\u00f3n, Enrique el Mellizo and Manuel Torre. Quite a declaration of intent.<\/p>\n<p>What&#8217;s more: in case there were any doubts, the place was advertised as &#8220;the tablao that has to preserve the purest essence of flamenco&#8221;.<\/p>\n<p>[\/et_pb_text][\/et_pb_column][\/et_pb_row][et_pb_row column_structure=&#8221;1_2,1_2&#8243; _builder_version=&#8221;4.22.1&#8243; _module_preset=&#8221;default&#8221; global_colors_info=&#8221;{}&#8221;][et_pb_column type=&#8221;1_2&#8243; _builder_version=&#8221;4.22.1&#8243; _module_preset=&#8221;default&#8221; global_colors_info=&#8221;{}&#8221;][et_pb_image src=&#8221;https:\/\/allflamenco.net\/wp-content\/uploads\/2023\/09\/Anuncio-de-1963-en-Pueblo.jpeg&#8221; alt=&#8221;1963 advertisement in Pueblo.&#8221; title_text=&#8221;1963 advertisement in Pueblo.&#8221; _builder_version=&#8221;4.22.1&#8243; _module_preset=&#8221;default&#8221; enable_caption_text=&#8221;on&#8221; image_caption_font=&#8221;Domine||||||||&#8221; image_caption_color=&#8221;#000000&#8243; image_caption_size=&#8221;12px&#8221; image_caption_lineheight=&#8221;1em&#8221; image_caption_alignment=&#8221;left&#8221; global_colors_info=&#8221;{}&#8221;][\/et_pb_image][\/et_pb_column][et_pb_column type=&#8221;1_2&#8243; _builder_version=&#8221;4.22.1&#8243; _module_preset=&#8221;default&#8221; global_colors_info=&#8221;{}&#8221;][et_pb_image src=&#8221;https:\/\/allflamenco.net\/wp-content\/uploads\/2023\/09\/Pase-de-mano-de-Los-Canasteros.jpg&#8221; alt=&#8221;Los Canasteros hand pass.&#8221; title_text=&#8221;Los Canasteros hand pass.&#8221; _builder_version=&#8221;4.22.1&#8243; _module_preset=&#8221;default&#8221; enable_caption_text=&#8221;on&#8221; image_caption_font=&#8221;Domine||||||||&#8221; image_caption_color=&#8221;#000000&#8243; image_caption_size=&#8221;12px&#8221; image_caption_lineheight=&#8221;1em&#8221; image_caption_alignment=&#8221;left&#8221; global_colors_info=&#8221;{}&#8221;][\/et_pb_image][\/et_pb_column][\/et_pb_row][et_pb_row _builder_version=&#8221;4.22.1&#8243; _module_preset=&#8221;default&#8221; global_colors_info=&#8221;{}&#8221;][et_pb_column type=&#8221;4_4&#8243; _builder_version=&#8221;4.22.1&#8243; _module_preset=&#8221;default&#8221; global_colors_info=&#8221;{}&#8221;][et_pb_text _builder_version=&#8221;4.22.1&#8243; _module_preset=&#8221;default&#8221; header_3_font=&#8221;Domine|700|||||||&#8221; header_3_text_align=&#8221;center&#8221; header_3_text_color=&#8221;#000000&#8243; header_3_line_height=&#8221;2em&#8221; global_colors_info=&#8221;{}&#8221; text_font=&#8221;||||||||&#8221; text_font_size=&#8221;16px&#8221; text_line_height=&#8221;2em&#8221; text_orientation=&#8221;justified&#8221; text_font_size_tablet=&#8221;15px&#8221; text_font_size_phone=&#8221;14px&#8221; text_font_size_last_edited=&#8221;on|phone&#8221;]<\/p>\n<h3>The very same <strong>Manolo Caracol distributed the cards of the tablao<\/strong> As if it were &#8220;the public relations&#8221; of a modern nightclub. <\/h3>\n<p>[\/et_pb_text][et_pb_text _builder_version=&#8221;4.22.1&#8243; text_font=&#8221;||||||||&#8221; text_font_size=&#8221;16px&#8221; text_line_height=&#8221;2em&#8221; header_2_font=&#8221;Domine|700|||||||&#8221; header_2_text_color=&#8221;#000000&#8243; text_orientation=&#8221;justified&#8221; hover_enabled=&#8221;0&#8243; text_text_align=&#8221;justify&#8221; locked=&#8221;off&#8221; global_colors_info=&#8221;{}&#8221; header_2_2_font_size_tablet=&#8221;42px&#8221; header_3_2_font_size_tablet=&#8221;42px&#8221; header_4_2_font_size_tablet=&#8221;42px&#8221; header_5_2_font_size_tablet=&#8221;42px&#8221; header_6_2_font_size_tablet=&#8221;42px&#8221; header_2_2_font_size_phone=&#8221;34px&#8221; header_3_2_font_size_phone=&#8221;34px&#8221; header_4_2_font_size_phone=&#8221;34px&#8221; header_5_2_font_size_phone=&#8221;34px&#8221; header_6_2_font_size_phone=&#8221;34px&#8221; header_2_2_font_size_last_edited=&#8221;on|tablet&#8221; header_3_2_font_size_last_edited=&#8221;on|tablet&#8221; header_4_2_font_size_last_edited=&#8221;on|tablet&#8221; header_5_2_font_size_last_edited=&#8221;on|tablet&#8221; header_6_2_font_size_last_edited=&#8221;on|tablet&#8221; header_2_3_font_size_tablet=&#8221;34px&#8221; header_3_3_font_size_tablet=&#8221;34px&#8221; header_4_3_font_size_tablet=&#8221;34px&#8221; header_5_3_font_size_tablet=&#8221;34px&#8221; header_6_3_font_size_tablet=&#8221;34px&#8221; header_2_3_font_size_phone=&#8221;28px&#8221; header_3_3_font_size_phone=&#8221;28px&#8221; header_4_3_font_size_phone=&#8221;28px&#8221; header_5_3_font_size_phone=&#8221;28px&#8221; header_6_3_font_size_phone=&#8221;28px&#8221; header_2_3_font_size_last_edited=&#8221;on|phone&#8221; header_3_3_font_size_last_edited=&#8221;on|phone&#8221; header_4_3_font_size_last_edited=&#8221;on|phone&#8221; header_5_3_font_size_last_edited=&#8221;on|phone&#8221; header_6_3_font_size_last_edited=&#8221;on|phone&#8221; header_2_4_font_size_tablet=&#8221;22px&#8221; header_3_4_font_size_tablet=&#8221;22px&#8221; header_4_4_font_size_tablet=&#8221;22px&#8221; header_5_4_font_size_tablet=&#8221;22px&#8221; header_6_4_font_size_tablet=&#8221;22px&#8221; header_2_4_font_size_phone=&#8221;18px&#8221; header_3_4_font_size_phone=&#8221;18px&#8221; header_4_4_font_size_phone=&#8221;18px&#8221; header_5_4_font_size_phone=&#8221;18px&#8221; header_6_4_font_size_phone=&#8221;18px&#8221; header_2_4_font_size_last_edited=&#8221;on|phone&#8221; header_3_4_font_size_last_edited=&#8221;on|phone&#8221; header_4_4_font_size_last_edited=&#8221;on|phone&#8221; header_5_4_font_size_last_edited=&#8221;on|phone&#8221; header_6_4_font_size_last_edited=&#8221;on|phone&#8221; header_2_5_font_size_phone=&#8221;16px&#8221; header_3_5_font_size_phone=&#8221;16px&#8221; header_4_5_font_size_phone=&#8221;16px&#8221; header_5_5_font_size_phone=&#8221;16px&#8221; header_6_5_font_size_phone=&#8221;16px&#8221; header_2_5_font_size_last_edited=&#8221;on|tablet&#8221; header_3_5_font_size_last_edited=&#8221;on|tablet&#8221; header_4_5_font_size_last_edited=&#8221;on|tablet&#8221; header_5_5_font_size_last_edited=&#8221;on|tablet&#8221; header_6_5_font_size_last_edited=&#8221;on|tablet&#8221; text_font_size_tablet=&#8221;15px&#8221; text_font_size_phone=&#8221;14px&#8221; text_font_size_last_edited=&#8221;on|phone&#8221; sticky_enabled=&#8221;0&#8243;]<\/p>\n<p>&#8220;No mixed artists,&#8221; said this Sevillian singer in an interview in April 63. The journalists of the time wrote of Los Canasteros that he was &#8220;authentic&#8221;, &#8220;aristocrat&#8221;, &#8220;the best&#8221;, perhaps remembering that the Sevillian cantaor was a special guest of Francisco Franco.<\/p>\n<p>[\/et_pb_text][et_pb_text _builder_version=&#8221;4.22.1&#8243; _module_preset=&#8221;default&#8221; header_3_font=&#8221;Domine|700|||||||&#8221; header_3_text_align=&#8221;center&#8221; header_3_text_color=&#8221;#000000&#8243; header_3_line_height=&#8221;2em&#8221; global_colors_info=&#8221;{}&#8221; text_font=&#8221;||||||||&#8221; text_font_size=&#8221;16px&#8221; text_line_height=&#8221;2em&#8221; text_orientation=&#8221;justified&#8221; text_font_size_tablet=&#8221;15px&#8221; text_font_size_phone=&#8221;14px&#8221; text_font_size_last_edited=&#8221;on|phone&#8221;]<\/p>\n<h3> Such was the success of Los Canasteros, that the Duchess of Alba, Cayetana Fitz-Sutart, baptized it as &#8220;the Royal Theater of the gypsies&#8221;<\/h3>\n<p>[\/et_pb_text][et_pb_text _builder_version=&#8221;4.22.1&#8243; text_font=&#8221;||||||||&#8221; text_font_size=&#8221;16px&#8221; text_line_height=&#8221;2em&#8221; header_2_font=&#8221;Domine|700|||||||&#8221; header_2_text_color=&#8221;#000000&#8243; text_orientation=&#8221;justified&#8221; text_text_align=&#8221;justify&#8221; locked=&#8221;off&#8221; global_colors_info=&#8221;{}&#8221; header_2_2_font_size_tablet=&#8221;42px&#8221; header_3_2_font_size_tablet=&#8221;42px&#8221; header_4_2_font_size_tablet=&#8221;42px&#8221; header_5_2_font_size_tablet=&#8221;42px&#8221; header_6_2_font_size_tablet=&#8221;42px&#8221; header_2_2_font_size_phone=&#8221;34px&#8221; header_3_2_font_size_phone=&#8221;34px&#8221; header_4_2_font_size_phone=&#8221;34px&#8221; header_5_2_font_size_phone=&#8221;34px&#8221; header_6_2_font_size_phone=&#8221;34px&#8221; header_2_2_font_size_last_edited=&#8221;on|tablet&#8221; header_3_2_font_size_last_edited=&#8221;on|tablet&#8221; header_4_2_font_size_last_edited=&#8221;on|tablet&#8221; header_5_2_font_size_last_edited=&#8221;on|tablet&#8221; header_6_2_font_size_last_edited=&#8221;on|tablet&#8221; header_2_3_font_size_tablet=&#8221;34px&#8221; header_3_3_font_size_tablet=&#8221;34px&#8221; header_4_3_font_size_tablet=&#8221;34px&#8221; header_5_3_font_size_tablet=&#8221;34px&#8221; header_6_3_font_size_tablet=&#8221;34px&#8221; header_2_3_font_size_phone=&#8221;28px&#8221; header_3_3_font_size_phone=&#8221;28px&#8221; header_4_3_font_size_phone=&#8221;28px&#8221; header_5_3_font_size_phone=&#8221;28px&#8221; header_6_3_font_size_phone=&#8221;28px&#8221; header_2_3_font_size_last_edited=&#8221;on|phone&#8221; header_3_3_font_size_last_edited=&#8221;on|phone&#8221; header_4_3_font_size_last_edited=&#8221;on|phone&#8221; header_5_3_font_size_last_edited=&#8221;on|phone&#8221; header_6_3_font_size_last_edited=&#8221;on|phone&#8221; header_2_4_font_size_tablet=&#8221;22px&#8221; header_3_4_font_size_tablet=&#8221;22px&#8221; header_4_4_font_size_tablet=&#8221;22px&#8221; header_5_4_font_size_tablet=&#8221;22px&#8221; header_6_4_font_size_tablet=&#8221;22px&#8221; header_2_4_font_size_phone=&#8221;18px&#8221; header_3_4_font_size_phone=&#8221;18px&#8221; header_4_4_font_size_phone=&#8221;18px&#8221; header_5_4_font_size_phone=&#8221;18px&#8221; header_6_4_font_size_phone=&#8221;18px&#8221; header_2_4_font_size_last_edited=&#8221;on|phone&#8221; header_3_4_font_size_last_edited=&#8221;on|phone&#8221; header_4_4_font_size_last_edited=&#8221;on|phone&#8221; header_5_4_font_size_last_edited=&#8221;on|phone&#8221; header_6_4_font_size_last_edited=&#8221;on|phone&#8221; header_2_5_font_size_phone=&#8221;16px&#8221; header_3_5_font_size_phone=&#8221;16px&#8221; header_4_5_font_size_phone=&#8221;16px&#8221; header_5_5_font_size_phone=&#8221;16px&#8221; header_6_5_font_size_phone=&#8221;16px&#8221; header_2_5_font_size_last_edited=&#8221;on|tablet&#8221; header_3_5_font_size_last_edited=&#8221;on|tablet&#8221; header_4_5_font_size_last_edited=&#8221;on|tablet&#8221; header_5_5_font_size_last_edited=&#8221;on|tablet&#8221; header_6_5_font_size_last_edited=&#8221;on|tablet&#8221; text_font_size_tablet=&#8221;15px&#8221; text_font_size_phone=&#8221;14px&#8221; text_font_size_last_edited=&#8221;on|phone&#8221;]<\/p>\n<p>The tablao, with two floors, had in the background a stage in the style of those of the caves of Sacromonte (Granada). Before him, elegant tables that were filled with politicians, nobles, bullfighters, actors and fans of all kinds. Thick curtains from La Alpujarra guaranteed a warm and discreet atmosphere. <\/p>\n<p>Thick curtains from La Alpujarra guaranteed a warm and discreet atmosphere.<\/p>\n<p>The quantity and quality of the artists who stepped on the tablao of Caracol was impressive. From a young Manuela Carrasco to Antonio El Bailar\u00edn himself, who was already a myth. Singers who started, such as Pansequito or La Susi, or guitarists who would be consecrated on their stage, such as Enrique de Melchor or Sorderita. <\/p>\n<p>Pepe Marchena, Juanito Valderrama. La Ni\u00f1a de los Peines, Mar\u00eda Vargas, Juana Loreto, Fernanda de Utrera and Paco de Luc\u00eda also performed in the historic tablao.<\/p>\n<p>Afterwards, with the place closed to the public, the night would continue to be washed down with red wine, drinks, good ham and a lot of flamenco. Because there were only the artists left, who debated, improvised songs and were inspired by the chord of the guitars. Ava Gardner, who lived in Madrid trying to forget Frank Sinatra, was a regular, although not so much for Caracol as for how handsome a flamenco singer named Bambino was.<\/p>\n<p>[\/et_pb_text][et_pb_text _builder_version=&#8221;4.22.1&#8243; _module_preset=&#8221;default&#8221; header_3_font=&#8221;Domine|700|||||||&#8221; header_3_text_align=&#8221;center&#8221; header_3_text_color=&#8221;#000000&#8243; header_3_line_height=&#8221;2em&#8221; global_colors_info=&#8221;{}&#8221; text_font=&#8221;||||||||&#8221; text_font_size=&#8221;16px&#8221; text_line_height=&#8221;2em&#8221; text_orientation=&#8221;justified&#8221; text_font_size_tablet=&#8221;15px&#8221; text_font_size_phone=&#8221;14px&#8221; text_font_size_last_edited=&#8221;on|phone&#8221;]<\/p>\n<h3>Enrique de Melchor learned from those great figures behind a curtain until his uncle, Manolo Caracol, gave him the opportunity to act when he was only 15 years old: &#8220;I was very lucky. At this time it would be very difficult to have those great masters,&#8221; he would say years later. <\/h3>\n<p>[\/et_pb_text][\/et_pb_column][\/et_pb_row][\/et_pb_section][et_pb_section fb_built=&#8221;1&#8243; _builder_version=&#8221;4.22.1&#8243; _module_preset=&#8221;default&#8221; custom_margin=&#8221;0px||0px||false|false&#8221; custom_padding=&#8221;0px||0px||false|false&#8221; hover_enabled=&#8221;0&#8243; global_colors_info=&#8221;{}&#8221; sticky_enabled=&#8221;0&#8243;][et_pb_row column_structure=&#8221;1_2,1_2&#8243; _builder_version=&#8221;4.22.1&#8243; _module_preset=&#8221;default&#8221; global_colors_info=&#8221;{}&#8221;][et_pb_column type=&#8221;1_2&#8243; _builder_version=&#8221;4.22.1&#8243; _module_preset=&#8221;default&#8221; global_colors_info=&#8221;{}&#8221;][et_pb_image src=&#8221;https:\/\/allflamenco.net\/wp-content\/uploads\/2023\/09\/Instituto-de-Cultura-Gitana.jpg&#8221; alt=&#8221;Enrique de Melchor learned from those great figures behind a curtain until his uncle, Manolo Caracol, gave him the opportunity to act when he was only 15 years old: &quot;I was very lucky. At this time it would be very difficult to have those great masters,&quot; he would say years later. Photo: Institute of Gypsy Culture. &#8221; title_text=&#8221;Tablao Los Canasteros&#8221; _builder_version=&#8221;4.22.1&#8243; _module_preset=&#8221;default&#8221; enable_caption_text=&#8221;on&#8221; image_caption_font=&#8221;Domine||||||||&#8221; image_caption_color=&#8221;#000000&#8243; image_caption_size=&#8221;12px&#8221; image_caption_lineheight=&#8221;1em&#8221; image_caption_alignment=&#8221;left&#8221; global_colors_info=&#8221;{}&#8221;][\/et_pb_image][\/et_pb_column][et_pb_column type=&#8221;1_2&#8243; _builder_version=&#8221;4.22.1&#8243; _module_preset=&#8221;default&#8221; global_colors_info=&#8221;{}&#8221;][et_pb_image src=&#8221;https:\/\/allflamenco.net\/wp-content\/uploads\/2023\/09\/Manolo-Caracol-en-Los-Canasteros.-TVE.jpg&#8221; alt=&#8221;Manolo Caracol in Los Canasteros. TVE&#8221; title_text=&#8221;Manolo Caracol in Los Canasteros. TVE&#8221; _builder_version=&#8221;4.22.1&#8243; _module_preset=&#8221;default&#8221; enable_caption_text=&#8221;on&#8221; image_caption_font=&#8221;Domine||||||||&#8221; image_caption_color=&#8221;#000000&#8243; image_caption_size=&#8221;12px&#8221; image_caption_lineheight=&#8221;1em&#8221; image_caption_alignment=&#8221;left&#8221; global_colors_info=&#8221;{}&#8221;][\/et_pb_image][\/et_pb_column][\/et_pb_row][\/et_pb_section][et_pb_section fb_built=&#8221;1&#8243; admin_label=&#8221;Post Body&#8221; _builder_version=&#8221;4.22.1&#8243; custom_margin=&#8221;1%||1%||false|false&#8221; custom_padding=&#8221;1%||1%||false|false&#8221; border_width_all=&#8221;1px&#8221; border_color_all=&#8221;#E09900&#8243; locked=&#8221;off&#8221; global_colors_info=&#8221;{}&#8221;][et_pb_row _builder_version=&#8221;4.16&#8243; global_colors_info=&#8221;{}&#8221;][et_pb_column type=&#8221;4_4&#8243; _builder_version=&#8221;4.16&#8243; z_index=&#8221;11&#8243; custom_padding=&#8221;|60px|||false|false&#8221; custom_padding_tablet=&#8221;|0px|40px||false|false&#8221; custom_padding_phone=&#8221;&#8221; custom_padding_last_edited=&#8221;on|phone&#8221; global_colors_info=&#8221;{}&#8221;][et_pb_text _builder_version=&#8221;4.22.1&#8243; text_font=&#8221;||||||||&#8221; text_font_size=&#8221;16px&#8221; text_line_height=&#8221;2em&#8221; header_2_font=&#8221;Domine|700|||||||&#8221; header_2_text_color=&#8221;#000000&#8243; text_orientation=&#8221;justified&#8221; hover_enabled=&#8221;0&#8243; text_font_size_tablet=&#8221;15px&#8221; text_font_size_phone=&#8221;14px&#8221; text_font_size_last_edited=&#8221;on|phone&#8221; text_text_align=&#8221;justify&#8221; locked=&#8221;off&#8221; global_colors_info=&#8221;{}&#8221; header_2_2_font_size_tablet=&#8221;42px&#8221; header_3_2_font_size_tablet=&#8221;42px&#8221; header_4_2_font_size_tablet=&#8221;42px&#8221; header_5_2_font_size_tablet=&#8221;42px&#8221; header_6_2_font_size_tablet=&#8221;42px&#8221; header_2_2_font_size_phone=&#8221;34px&#8221; header_3_2_font_size_phone=&#8221;34px&#8221; header_4_2_font_size_phone=&#8221;34px&#8221; header_5_2_font_size_phone=&#8221;34px&#8221; header_6_2_font_size_phone=&#8221;34px&#8221; header_2_2_font_size_last_edited=&#8221;on|tablet&#8221; header_3_2_font_size_last_edited=&#8221;on|tablet&#8221; header_4_2_font_size_last_edited=&#8221;on|tablet&#8221; header_5_2_font_size_last_edited=&#8221;on|tablet&#8221; header_6_2_font_size_last_edited=&#8221;on|tablet&#8221; header_2_3_font_size_tablet=&#8221;34px&#8221; header_3_3_font_size_tablet=&#8221;34px&#8221; header_4_3_font_size_tablet=&#8221;34px&#8221; header_5_3_font_size_tablet=&#8221;34px&#8221; header_6_3_font_size_tablet=&#8221;34px&#8221; header_2_3_font_size_phone=&#8221;28px&#8221; header_3_3_font_size_phone=&#8221;28px&#8221; header_4_3_font_size_phone=&#8221;28px&#8221; header_5_3_font_size_phone=&#8221;28px&#8221; header_6_3_font_size_phone=&#8221;28px&#8221; header_2_3_font_size_last_edited=&#8221;on|phone&#8221; header_3_3_font_size_last_edited=&#8221;on|phone&#8221; header_4_3_font_size_last_edited=&#8221;on|phone&#8221; header_5_3_font_size_last_edited=&#8221;on|phone&#8221; header_6_3_font_size_last_edited=&#8221;on|phone&#8221; header_2_4_font_size_tablet=&#8221;22px&#8221; header_3_4_font_size_tablet=&#8221;22px&#8221; header_4_4_font_size_tablet=&#8221;22px&#8221; header_5_4_font_size_tablet=&#8221;22px&#8221; header_6_4_font_size_tablet=&#8221;22px&#8221; header_2_4_font_size_phone=&#8221;18px&#8221; header_3_4_font_size_phone=&#8221;18px&#8221; header_4_4_font_size_phone=&#8221;18px&#8221; header_5_4_font_size_phone=&#8221;18px&#8221; header_6_4_font_size_phone=&#8221;18px&#8221; header_2_4_font_size_last_edited=&#8221;on|phone&#8221; header_3_4_font_size_last_edited=&#8221;on|phone&#8221; header_4_4_font_size_last_edited=&#8221;on|phone&#8221; header_5_4_font_size_last_edited=&#8221;on|phone&#8221; header_6_4_font_size_last_edited=&#8221;on|phone&#8221; header_2_5_font_size_phone=&#8221;16px&#8221; header_3_5_font_size_phone=&#8221;16px&#8221; header_4_5_font_size_phone=&#8221;16px&#8221; header_5_5_font_size_phone=&#8221;16px&#8221; header_6_5_font_size_phone=&#8221;16px&#8221; header_2_5_font_size_last_edited=&#8221;on|tablet&#8221; header_3_5_font_size_last_edited=&#8221;on|tablet&#8221; header_4_5_font_size_last_edited=&#8221;on|tablet&#8221; header_5_5_font_size_last_edited=&#8221;on|tablet&#8221; header_6_5_font_size_last_edited=&#8221;on|tablet&#8221; sticky_enabled=&#8221;0&#8243;]<\/p>\n<h2>From tablao to VIP disco<\/h2>\n<p><a href=\"https:\/\/allflamenco.net\/en\/blog\/manolo-caracol\/\">The tragic death of Manolo Caracol led to the temporary closure of Los Canasteros.<\/a> His sons and Arturo Pav\u00f3n tried to refloat it, but finally, the tablao Los Canasteros closed definitively in 1993.<\/p>\n<p>The place would be occupied by El Patio de la Carreta, dedicated to Argentine tango, although once a week flamenco was played. Cancanilla de M\u00e1laga would perform on one of those occasions.<\/p>\n<p>Later, in 96, he would open a nightclub called Sala Polana through which famous and famous people passed. After years between bar and gay room, it was put up for sale for almost 4 million euros (the price included four apartments located in the same building). Today, the image below these lines is what remains of the &#8220;temple of the gypsies&#8221;, Los Canasteros.<\/p>\n<p>[\/et_pb_text][\/et_pb_column][\/et_pb_row][et_pb_row column_structure=&#8221;2_3,1_3&#8243; _builder_version=&#8221;4.22.1&#8243; _module_preset=&#8221;default&#8221; global_colors_info=&#8221;{}&#8221;][et_pb_column type=&#8221;2_3&#8243; _builder_version=&#8221;4.22.1&#8243; _module_preset=&#8221;default&#8221; global_colors_info=&#8221;{}&#8221;][et_pb_image src=&#8221;https:\/\/allflamenco.net\/wp-content\/uploads\/2023\/09\/Los-Canasteros-en-2023.jpg&#8221; alt=&#8221;The street and the building of the old tablao Los Canasteros. &#8221; title_text=&#8221;The Canasteros in 2023&#8243; _builder_version=&#8221;4.22.1&#8243; _module_preset=&#8221;default&#8221; enable_caption_text=&#8221;on&#8221; image_caption_font=&#8221;Domine||||||||&#8221; image_caption_color=&#8221;#000000&#8243; image_caption_size=&#8221;12px&#8221; image_caption_lineheight=&#8221;1em&#8221; image_caption_alignment=&#8221;left&#8221; global_colors_info=&#8221;{}&#8221;][\/et_pb_image][\/et_pb_column][et_pb_column type=&#8221;1_3&#8243; _builder_version=&#8221;4.22.1&#8243; _module_preset=&#8221;default&#8221; global_colors_info=&#8221;{}&#8221;][et_pb_image src=&#8221;https:\/\/allflamenco.net\/wp-content\/uploads\/2023\/09\/Sala-Polana-en-2017.-.jpg&#8221; alt=&#8221;Sala Polana in 2017. &#8221; title_text=&#8221;Sala Polana in 2017.&#8221; _builder_version=&#8221;4.22.1&#8243; _module_preset=&#8221;default&#8221; enable_caption_text=&#8221;on&#8221; image_caption_font=&#8221;Domine||||||||&#8221; image_caption_color=&#8221;#000000&#8243; image_caption_size=&#8221;12px&#8221; image_caption_lineheight=&#8221;1em&#8221; image_caption_alignment=&#8221;left&#8221; global_colors_info=&#8221;{}&#8221;][\/et_pb_image][\/et_pb_column][\/et_pb_row][\/et_pb_section]<\/p>\n","protected":false},"excerpt":{"rendered":"<p>The tablao in Madrid of Manolo Caracol was a place full of duende, love affairs and mythical flamenco parties. What remains of Los Canasteros?<\/p>\n","protected":false},"author":1,"featured_media":398882,"comment_status":"open","ping_status":"open","sticky":false,"template":"","format":"standard","meta":{"_et_pb_use_builder":"on","_et_pb_old_content":"","_et_gb_content_width":"","footnotes":""},"categories":[164,156],"tags":[],"class_list":["post-399023","post","type-post","status-publish","format-standard","has-post-thumbnail","hentry","category-tablaos-and-tabancos","category-whats-new"],"yoast_head":"<!-- This site is optimized with the Yoast SEO plugin v26.8 - https:\/\/yoast.com\/product\/yoast-seo-wordpress\/ -->\n<title>What happened to Los Canasteros, Manolo Caracol&#039;s tablao - ALL FLAMENCO<\/title>\n<meta name=\"description\" content=\"The tablao Los Canasteros, founded by Manolo Caracol, was a place full of duende, love affairs and mythical flamenco parties. What is left of him?\" \/>\n<meta name=\"robots\" content=\"index, follow, max-snippet:-1, max-image-preview:large, max-video-preview:-1\" \/>\n<link rel=\"canonical\" href=\"https:\/\/allflamenco.net\/en\/blog\/that-was-from-tablao-canasteros\/\" \/>\n<meta property=\"og:locale\" content=\"en_US\" \/>\n<meta property=\"og:type\" content=\"article\" \/>\n<meta property=\"og:title\" content=\"What happened to Los Canasteros, Manolo Caracol&#039;s tablao - ALL FLAMENCO\" \/>\n<meta property=\"og:description\" content=\"The tablao Los Canasteros, founded by Manolo Caracol, was a place full of duende, love affairs and mythical flamenco parties. What is left of him?\" \/>\n<meta property=\"og:url\" content=\"https:\/\/allflamenco.net\/en\/blog\/that-was-from-tablao-canasteros\/\" \/>\n<meta property=\"og:site_name\" content=\"ALL FLAMENCO\" \/>\n<meta property=\"article:publisher\" content=\"https:\/\/www.facebook.com\/allflamenco\" \/>\n<meta property=\"article:published_time\" content=\"2023-09-09T15:15:47+00:00\" \/>\n<meta property=\"article:modified_time\" content=\"2023-09-09T16:27:54+00:00\" \/>\n<meta property=\"og:image\" content=\"https:\/\/allflamenco.net\/wp-content\/uploads\/2023\/09\/Tablao-Los-Canasteros-e1694234403383.jpg\" \/>\n\t<meta property=\"og:image:width\" content=\"1280\" \/>\n\t<meta property=\"og:image:height\" content=\"860\" \/>\n\t<meta property=\"og:image:type\" content=\"image\/jpeg\" \/>\n<meta name=\"author\" content=\"operations\" \/>\n<meta name=\"twitter:card\" content=\"summary_large_image\" \/>\n<meta name=\"twitter:creator\" content=\"@all_flamenco\" \/>\n<meta name=\"twitter:site\" content=\"@all_flamenco\" \/>\n<meta name=\"twitter:label1\" content=\"Written by\" \/>\n\t<meta name=\"twitter:data1\" content=\"operations\" \/>\n\t<meta name=\"twitter:label2\" content=\"Est. reading time\" \/>\n\t<meta name=\"twitter:data2\" content=\"23 minutes\" \/>\n<script type=\"application\/ld+json\" class=\"yoast-schema-graph\">{\"@context\":\"https:\/\/schema.org\",\"@graph\":[{\"@type\":\"Article\",\"@id\":\"https:\/\/allflamenco.net\/en\/blog\/that-was-from-tablao-canasteros\/#article\",\"isPartOf\":{\"@id\":\"https:\/\/allflamenco.net\/en\/blog\/that-was-from-tablao-canasteros\/\"},\"author\":{\"name\":\"operations\",\"@id\":\"https:\/\/allflamenco.net\/en\/#\/schema\/person\/d719366e7dbfec3bf209ab328be58252\"},\"headline\":\"What happened to Los Canasteros, Manolo Caracol&#8217;s tablao\",\"datePublished\":\"2023-09-09T15:15:47+00:00\",\"dateModified\":\"2023-09-09T16:27:54+00:00\",\"mainEntityOfPage\":{\"@id\":\"https:\/\/allflamenco.net\/en\/blog\/that-was-from-tablao-canasteros\/\"},\"wordCount\":4530,\"commentCount\":0,\"publisher\":{\"@id\":\"https:\/\/allflamenco.net\/en\/#organization\"},\"image\":{\"@id\":\"https:\/\/allflamenco.net\/en\/blog\/that-was-from-tablao-canasteros\/#primaryimage\"},\"thumbnailUrl\":\"https:\/\/allflamenco.net\/wp-content\/uploads\/2023\/09\/Tablao-Los-Canasteros-e1694234403383.jpg\",\"articleSection\":[\"Tablaos and Tabancos\",\"What's New\"],\"inLanguage\":\"en-US\",\"potentialAction\":[{\"@type\":\"CommentAction\",\"name\":\"Comment\",\"target\":[\"https:\/\/allflamenco.net\/en\/blog\/that-was-from-tablao-canasteros\/#respond\"]}]},{\"@type\":\"WebPage\",\"@id\":\"https:\/\/allflamenco.net\/en\/blog\/that-was-from-tablao-canasteros\/\",\"url\":\"https:\/\/allflamenco.net\/en\/blog\/that-was-from-tablao-canasteros\/\",\"name\":\"What happened to Los Canasteros, Manolo Caracol's tablao - ALL FLAMENCO\",\"isPartOf\":{\"@id\":\"https:\/\/allflamenco.net\/en\/#website\"},\"primaryImageOfPage\":{\"@id\":\"https:\/\/allflamenco.net\/en\/blog\/that-was-from-tablao-canasteros\/#primaryimage\"},\"image\":{\"@id\":\"https:\/\/allflamenco.net\/en\/blog\/that-was-from-tablao-canasteros\/#primaryimage\"},\"thumbnailUrl\":\"https:\/\/allflamenco.net\/wp-content\/uploads\/2023\/09\/Tablao-Los-Canasteros-e1694234403383.jpg\",\"datePublished\":\"2023-09-09T15:15:47+00:00\",\"dateModified\":\"2023-09-09T16:27:54+00:00\",\"description\":\"The tablao Los Canasteros, founded by Manolo Caracol, was a place full of duende, love affairs and mythical flamenco parties. What is left of him?\",\"breadcrumb\":{\"@id\":\"https:\/\/allflamenco.net\/en\/blog\/that-was-from-tablao-canasteros\/#breadcrumb\"},\"inLanguage\":\"en-US\",\"potentialAction\":[{\"@type\":\"ReadAction\",\"target\":[\"https:\/\/allflamenco.net\/en\/blog\/that-was-from-tablao-canasteros\/\"]}]},{\"@type\":\"ImageObject\",\"inLanguage\":\"en-US\",\"@id\":\"https:\/\/allflamenco.net\/en\/blog\/that-was-from-tablao-canasteros\/#primaryimage\",\"url\":\"https:\/\/allflamenco.net\/wp-content\/uploads\/2023\/09\/Tablao-Los-Canasteros-e1694234403383.jpg\",\"contentUrl\":\"https:\/\/allflamenco.net\/wp-content\/uploads\/2023\/09\/Tablao-Los-Canasteros-e1694234403383.jpg\",\"width\":1280,\"height\":860,\"caption\":\"Postal del tablao Los canasteros en Madrid.\"},{\"@type\":\"BreadcrumbList\",\"@id\":\"https:\/\/allflamenco.net\/en\/blog\/that-was-from-tablao-canasteros\/#breadcrumb\",\"itemListElement\":[{\"@type\":\"ListItem\",\"position\":1,\"name\":\"Home\",\"item\":\"https:\/\/allflamenco.net\/en\/\"},{\"@type\":\"ListItem\",\"position\":2,\"name\":\"What happened to Los Canasteros, Manolo Caracol&#8217;s tablao\"}]},{\"@type\":\"WebSite\",\"@id\":\"https:\/\/allflamenco.net\/en\/#website\",\"url\":\"https:\/\/allflamenco.net\/en\/\",\"name\":\"ALL FLAMENCO\",\"description\":\"El canal para los amantes del flamenco\",\"publisher\":{\"@id\":\"https:\/\/allflamenco.net\/en\/#organization\"},\"potentialAction\":[{\"@type\":\"SearchAction\",\"target\":{\"@type\":\"EntryPoint\",\"urlTemplate\":\"https:\/\/allflamenco.net\/en\/?s={search_term_string}\"},\"query-input\":{\"@type\":\"PropertyValueSpecification\",\"valueRequired\":true,\"valueName\":\"search_term_string\"}}],\"inLanguage\":\"en-US\"},{\"@type\":\"Organization\",\"@id\":\"https:\/\/allflamenco.net\/en\/#organization\",\"name\":\"ALL FLAMENCO\",\"alternateName\":\"AF\",\"url\":\"https:\/\/allflamenco.net\/en\/\",\"logo\":{\"@type\":\"ImageObject\",\"inLanguage\":\"en-US\",\"@id\":\"https:\/\/allflamenco.net\/en\/#\/schema\/logo\/image\/\",\"url\":\"https:\/\/allflamenco.net\/wp-content\/uploads\/2023\/09\/logo-allflamenco.jpg\",\"contentUrl\":\"https:\/\/allflamenco.net\/wp-content\/uploads\/2023\/09\/logo-allflamenco.jpg\",\"width\":696,\"height\":696,\"caption\":\"ALL FLAMENCO\"},\"image\":{\"@id\":\"https:\/\/allflamenco.net\/en\/#\/schema\/logo\/image\/\"},\"sameAs\":[\"https:\/\/www.facebook.com\/allflamenco\",\"https:\/\/x.com\/all_flamenco\",\"https:\/\/www.instagram.com\/allflamenco\",\"https:\/\/www.pinterest.es\/allflamenco\/\",\"https:\/\/www.youtube.com\/@ALLFLAMENCO\",\"https:\/\/www.tiktok.com\/@allflamenco\"]},{\"@type\":\"Person\",\"@id\":\"https:\/\/allflamenco.net\/en\/#\/schema\/person\/d719366e7dbfec3bf209ab328be58252\",\"name\":\"operations\",\"sameAs\":[\"http:\/\/new.allflamenco.net\"]}]}<\/script>\n<!-- \/ Yoast SEO plugin. -->","yoast_head_json":{"title":"What happened to Los Canasteros, Manolo Caracol's tablao - ALL FLAMENCO","description":"The tablao Los Canasteros, founded by Manolo Caracol, was a place full of duende, love affairs and mythical flamenco parties. What is left of him?","robots":{"index":"index","follow":"follow","max-snippet":"max-snippet:-1","max-image-preview":"max-image-preview:large","max-video-preview":"max-video-preview:-1"},"canonical":"https:\/\/allflamenco.net\/en\/blog\/that-was-from-tablao-canasteros\/","og_locale":"en_US","og_type":"article","og_title":"What happened to Los Canasteros, Manolo Caracol's tablao - ALL FLAMENCO","og_description":"The tablao Los Canasteros, founded by Manolo Caracol, was a place full of duende, love affairs and mythical flamenco parties. What is left of him?","og_url":"https:\/\/allflamenco.net\/en\/blog\/that-was-from-tablao-canasteros\/","og_site_name":"ALL FLAMENCO","article_publisher":"https:\/\/www.facebook.com\/allflamenco","article_published_time":"2023-09-09T15:15:47+00:00","article_modified_time":"2023-09-09T16:27:54+00:00","og_image":[{"width":1280,"height":860,"url":"https:\/\/allflamenco.net\/wp-content\/uploads\/2023\/09\/Tablao-Los-Canasteros-e1694234403383.jpg","type":"image\/jpeg"}],"author":"operations","twitter_card":"summary_large_image","twitter_creator":"@all_flamenco","twitter_site":"@all_flamenco","twitter_misc":{"Written by":"operations","Est. reading time":"23 minutes"},"schema":{"@context":"https:\/\/schema.org","@graph":[{"@type":"Article","@id":"https:\/\/allflamenco.net\/en\/blog\/that-was-from-tablao-canasteros\/#article","isPartOf":{"@id":"https:\/\/allflamenco.net\/en\/blog\/that-was-from-tablao-canasteros\/"},"author":{"name":"operations","@id":"https:\/\/allflamenco.net\/en\/#\/schema\/person\/d719366e7dbfec3bf209ab328be58252"},"headline":"What happened to Los Canasteros, Manolo Caracol&#8217;s tablao","datePublished":"2023-09-09T15:15:47+00:00","dateModified":"2023-09-09T16:27:54+00:00","mainEntityOfPage":{"@id":"https:\/\/allflamenco.net\/en\/blog\/that-was-from-tablao-canasteros\/"},"wordCount":4530,"commentCount":0,"publisher":{"@id":"https:\/\/allflamenco.net\/en\/#organization"},"image":{"@id":"https:\/\/allflamenco.net\/en\/blog\/that-was-from-tablao-canasteros\/#primaryimage"},"thumbnailUrl":"https:\/\/allflamenco.net\/wp-content\/uploads\/2023\/09\/Tablao-Los-Canasteros-e1694234403383.jpg","articleSection":["Tablaos and Tabancos","What's New"],"inLanguage":"en-US","potentialAction":[{"@type":"CommentAction","name":"Comment","target":["https:\/\/allflamenco.net\/en\/blog\/that-was-from-tablao-canasteros\/#respond"]}]},{"@type":"WebPage","@id":"https:\/\/allflamenco.net\/en\/blog\/that-was-from-tablao-canasteros\/","url":"https:\/\/allflamenco.net\/en\/blog\/that-was-from-tablao-canasteros\/","name":"What happened to Los Canasteros, Manolo Caracol's tablao - ALL FLAMENCO","isPartOf":{"@id":"https:\/\/allflamenco.net\/en\/#website"},"primaryImageOfPage":{"@id":"https:\/\/allflamenco.net\/en\/blog\/that-was-from-tablao-canasteros\/#primaryimage"},"image":{"@id":"https:\/\/allflamenco.net\/en\/blog\/that-was-from-tablao-canasteros\/#primaryimage"},"thumbnailUrl":"https:\/\/allflamenco.net\/wp-content\/uploads\/2023\/09\/Tablao-Los-Canasteros-e1694234403383.jpg","datePublished":"2023-09-09T15:15:47+00:00","dateModified":"2023-09-09T16:27:54+00:00","description":"The tablao Los Canasteros, founded by Manolo Caracol, was a place full of duende, love affairs and mythical flamenco parties. What is left of him?","breadcrumb":{"@id":"https:\/\/allflamenco.net\/en\/blog\/that-was-from-tablao-canasteros\/#breadcrumb"},"inLanguage":"en-US","potentialAction":[{"@type":"ReadAction","target":["https:\/\/allflamenco.net\/en\/blog\/that-was-from-tablao-canasteros\/"]}]},{"@type":"ImageObject","inLanguage":"en-US","@id":"https:\/\/allflamenco.net\/en\/blog\/that-was-from-tablao-canasteros\/#primaryimage","url":"https:\/\/allflamenco.net\/wp-content\/uploads\/2023\/09\/Tablao-Los-Canasteros-e1694234403383.jpg","contentUrl":"https:\/\/allflamenco.net\/wp-content\/uploads\/2023\/09\/Tablao-Los-Canasteros-e1694234403383.jpg","width":1280,"height":860,"caption":"Postal del tablao Los canasteros en Madrid."},{"@type":"BreadcrumbList","@id":"https:\/\/allflamenco.net\/en\/blog\/that-was-from-tablao-canasteros\/#breadcrumb","itemListElement":[{"@type":"ListItem","position":1,"name":"Home","item":"https:\/\/allflamenco.net\/en\/"},{"@type":"ListItem","position":2,"name":"What happened to Los Canasteros, Manolo Caracol&#8217;s tablao"}]},{"@type":"WebSite","@id":"https:\/\/allflamenco.net\/en\/#website","url":"https:\/\/allflamenco.net\/en\/","name":"ALL FLAMENCO","description":"El canal para los amantes del flamenco","publisher":{"@id":"https:\/\/allflamenco.net\/en\/#organization"},"potentialAction":[{"@type":"SearchAction","target":{"@type":"EntryPoint","urlTemplate":"https:\/\/allflamenco.net\/en\/?s={search_term_string}"},"query-input":{"@type":"PropertyValueSpecification","valueRequired":true,"valueName":"search_term_string"}}],"inLanguage":"en-US"},{"@type":"Organization","@id":"https:\/\/allflamenco.net\/en\/#organization","name":"ALL FLAMENCO","alternateName":"AF","url":"https:\/\/allflamenco.net\/en\/","logo":{"@type":"ImageObject","inLanguage":"en-US","@id":"https:\/\/allflamenco.net\/en\/#\/schema\/logo\/image\/","url":"https:\/\/allflamenco.net\/wp-content\/uploads\/2023\/09\/logo-allflamenco.jpg","contentUrl":"https:\/\/allflamenco.net\/wp-content\/uploads\/2023\/09\/logo-allflamenco.jpg","width":696,"height":696,"caption":"ALL FLAMENCO"},"image":{"@id":"https:\/\/allflamenco.net\/en\/#\/schema\/logo\/image\/"},"sameAs":["https:\/\/www.facebook.com\/allflamenco","https:\/\/x.com\/all_flamenco","https:\/\/www.instagram.com\/allflamenco","https:\/\/www.pinterest.es\/allflamenco\/","https:\/\/www.youtube.com\/@ALLFLAMENCO","https:\/\/www.tiktok.com\/@allflamenco"]},{"@type":"Person","@id":"https:\/\/allflamenco.net\/en\/#\/schema\/person\/d719366e7dbfec3bf209ab328be58252","name":"operations","sameAs":["http:\/\/new.allflamenco.net"]}]}},"_links":{"self":[{"href":"https:\/\/allflamenco.net\/en\/wp-json\/wp\/v2\/posts\/399023","targetHints":{"allow":["GET"]}}],"collection":[{"href":"https:\/\/allflamenco.net\/en\/wp-json\/wp\/v2\/posts"}],"about":[{"href":"https:\/\/allflamenco.net\/en\/wp-json\/wp\/v2\/types\/post"}],"author":[{"embeddable":true,"href":"https:\/\/allflamenco.net\/en\/wp-json\/wp\/v2\/users\/1"}],"replies":[{"embeddable":true,"href":"https:\/\/allflamenco.net\/en\/wp-json\/wp\/v2\/comments?post=399023"}],"version-history":[{"count":2,"href":"https:\/\/allflamenco.net\/en\/wp-json\/wp\/v2\/posts\/399023\/revisions"}],"predecessor-version":[{"id":399025,"href":"https:\/\/allflamenco.net\/en\/wp-json\/wp\/v2\/posts\/399023\/revisions\/399025"}],"wp:featuredmedia":[{"embeddable":true,"href":"https:\/\/allflamenco.net\/en\/wp-json\/wp\/v2\/media\/398882"}],"wp:attachment":[{"href":"https:\/\/allflamenco.net\/en\/wp-json\/wp\/v2\/media?parent=399023"}],"wp:term":[{"taxonomy":"category","embeddable":true,"href":"https:\/\/allflamenco.net\/en\/wp-json\/wp\/v2\/categories?post=399023"},{"taxonomy":"post_tag","embeddable":true,"href":"https:\/\/allflamenco.net\/en\/wp-json\/wp\/v2\/tags?post=399023"}],"curies":[{"name":"wp","href":"https:\/\/api.w.org\/{rel}","templated":true}]}}