{"id":392990,"date":"2023-08-08T01:14:42","date_gmt":"2023-08-08T01:14:42","guid":{"rendered":"https:\/\/allflamenco.net\/uncategorized-en\/flamenco-artists-prizes\/"},"modified":"2023-08-14T04:28:11","modified_gmt":"2023-08-14T04:28:11","slug":"flamenco-artists-prizes","status":"publish","type":"post","link":"https:\/\/allflamenco.net\/en\/blog\/flamenco-artists-prizes\/","title":{"rendered":"Awards for great flamenco artists in La Uni\u00f3n"},"content":{"rendered":"<p>[et_pb_section fb_built=&#8221;1&#8243; admin_label=&#8221;Social Sharing Buttons &#8221; _builder_version=&#8221;4.21.0&#8243; custom_margin=&#8221;0px|0px|0px|0px|true|true&#8221; custom_padding=&#8221;0px|0px|10px|0px|false|true&#8221; global_colors_info=&#8221;{}&#8221;][et_pb_row _builder_version=&#8221;4.21.0&#8243; background_size=&#8221;initial&#8221; background_position=&#8221;top_left&#8221; background_repeat=&#8221;repeat&#8221; max_width=&#8221;1280px&#8221; custom_padding=&#8221;0px|0px|0px|0px|false|false&#8221; global_colors_info=&#8221;{}&#8221;][et_pb_column type=&#8221;4_4&#8243; _builder_version=&#8221;4.21.0&#8243; _module_preset=&#8221;default&#8221; global_colors_info=&#8221;{}&#8221;][dssb_sharing_buttons icon_placement=&#8221;icon&#8221; columns=&#8221;6&#8243; icon_width=&#8221;fixed&#8221; alignment=&#8221;left&#8221; icon_color=&#8221;#111111&#8243; use_custom_icon_size=&#8221;on&#8221; icon_font_size=&#8221;16px&#8221; icon_bg=&#8221;#f4f4f4&#8243; _builder_version=&#8221;4.21.0&#8243; _module_preset=&#8221;default&#8221; border_radii_main=&#8221;on|4px|4px|4px|4px&#8221; border_radii_icon=&#8221;on|4px|4px|4px|4px&#8221; border_width_all_icon=&#8221;1px&#8221; border_color_all_icon=&#8221;#f4f4f4&#8243; border_color_all_icon_last_edited=&#8221;off|desktop&#8221; global_colors_info=&#8221;{}&#8221; border_color_all_icon__hover_enabled=&#8221;on|hover&#8221; border_color_all_icon__hover=&#8221;#111111&#8243;][dssb_sharing_button _builder_version=&#8221;4.21.0&#8243; _module_preset=&#8221;default&#8221; global_colors_info=&#8221;{}&#8221;][\/dssb_sharing_button][dssb_sharing_button social_network=&#8221;twitter&#8221; _builder_version=&#8221;4.21.0&#8243; _module_preset=&#8221;default&#8221; global_colors_info=&#8221;{}&#8221;][\/dssb_sharing_button][dssb_sharing_button social_network=&#8221;whatsapp&#8221; _builder_version=&#8221;4.21.0&#8243; _module_preset=&#8221;default&#8221; global_colors_info=&#8221;{}&#8221;][\/dssb_sharing_button][dssb_sharing_button social_network=&#8221;telegram&#8221; _builder_version=&#8221;4.21.0&#8243; _module_preset=&#8221;default&#8221; global_colors_info=&#8221;{}&#8221;][\/dssb_sharing_button][dssb_sharing_button social_network=&#8221;email&#8221; _builder_version=&#8221;4.21.0&#8243; _module_preset=&#8221;default&#8221; global_colors_info=&#8221;{}&#8221;][\/dssb_sharing_button][dssb_sharing_button social_network=&#8221;copy&#8221; _builder_version=&#8221;4.21.0&#8243; _module_preset=&#8221;default&#8221; global_colors_info=&#8221;{}&#8221;][\/dssb_sharing_button][\/dssb_sharing_buttons][\/et_pb_column][\/et_pb_row][\/et_pb_section][et_pb_section fb_built=&#8221;1&#8243; admin_label=&#8221;Header&#8221; _builder_version=&#8221;4.21.2&#8243; _module_preset=&#8221;default&#8221; background_enable_color=&#8221;off&#8221; background_enable_image=&#8221;off&#8221; background_position=&#8221;top_center&#8221; width=&#8221;90%&#8221; module_alignment=&#8221;center&#8221; custom_margin=&#8221;0px|0px|0px|0px|false|false&#8221; custom_padding=&#8221;0px|0px|0px|0px|false|false&#8221; collapsed=&#8221;on&#8221; global_colors_info=&#8221;{}&#8221;][et_pb_row _builder_version=&#8221;4.21.2&#8243; _module_preset=&#8221;default&#8221; max_width=&#8221;none&#8221; custom_margin=&#8221;0px|0px|0px|0px|false|false&#8221; custom_padding=&#8221;2%|0px|0px|0px|false|false&#8221; global_colors_info=&#8221;{}&#8221;][et_pb_column type=&#8221;4_4&#8243; _builder_version=&#8221;4.21.2&#8243; _module_preset=&#8221;default&#8221; custom_padding=&#8221;0px|0px|0px|0px|false|false&#8221; global_colors_info=&#8221;{}&#8221;][et_pb_text _builder_version=&#8221;4.21.2&#8243; _module_preset=&#8221;default&#8221; text_font=&#8221;Domine||||||||&#8221; text_text_color=&#8221;#000000&#8243; text_font_size=&#8221;25px&#8221; text_line_height=&#8221;35em&#8221; background_layout=&#8221;dark&#8221; module_alignment=&#8221;center&#8221; custom_margin=&#8221;|0px||0px|false|false&#8221; custom_padding=&#8221;|0px||0px|false|false&#8221; global_colors_info=&#8221;{}&#8221;]<\/p>\n<p>During the Festival del Cante de Las Minas, the names of traditional flamenco artists have rewarded the work of today&#8217;s artists, such as the guitarist Eduardo Rebollar, or the critic Enrique Boh\u00f3rquez.<\/p>\n<p>[\/et_pb_text][\/et_pb_column][\/et_pb_row][\/et_pb_section][et_pb_section fb_built=&#8221;1&#8243; _builder_version=&#8221;4.21.0&#8243; _module_preset=&#8221;default&#8221; custom_margin=&#8221;0px||0px||false|false&#8221; custom_padding=&#8221;0px||0px||false|false&#8221; global_colors_info=&#8221;{}&#8221;][et_pb_row use_custom_gutter=&#8221;on&#8221; _builder_version=&#8221;4.21.2&#8243; _module_preset=&#8221;default&#8221; max_width=&#8221;none&#8221; global_colors_info=&#8221;{}&#8221;][et_pb_column type=&#8221;4_4&#8243; _builder_version=&#8221;4.21.0&#8243; _module_preset=&#8221;default&#8221; global_colors_info=&#8221;{}&#8221;][et_pb_image src=&#8221;@ET-DC@eyJkeW5hbWljIjp0cnVlLCJjb250ZW50IjoicG9zdF9mZWF0dXJlZF9pbWFnZSIsInNldHRpbmdzIjp7fX0=@&#8221; _builder_version=&#8221;4.21.0&#8243; _dynamic_attributes=&#8221;src&#8221; _module_preset=&#8221;default&#8221; global_colors_info=&#8221;{}&#8221;][\/et_pb_image][\/et_pb_column][\/et_pb_row][\/et_pb_section][et_pb_section fb_built=&#8221;1&#8243; admin_label=&#8221;About&#8221; _builder_version=&#8221;4.21.0&#8243; _module_preset=&#8221;default&#8221; background_enable_color=&#8221;off&#8221; custom_margin=&#8221;0px||||false|false&#8221; custom_padding=&#8221;0px||||false|false&#8221; collapsed=&#8221;on&#8221; global_colors_info=&#8221;{%22gcid-05864f7b-18b4-424d-8937-0b09a7c6a082%22:%91%22background_color%22%93}&#8221;][et_pb_row _builder_version=&#8221;4.21.2&#8243; _module_preset=&#8221;default&#8221; max_width=&#8221;none&#8221; global_colors_info=&#8221;{}&#8221;][et_pb_column type=&#8221;4_4&#8243; _builder_version=&#8221;4.20.0&#8243; _module_preset=&#8221;default&#8221; global_colors_info=&#8221;{}&#8221;][et_pb_text _builder_version=&#8221;4.21.2&#8243; _module_preset=&#8221;98d46dcf-4ba0-4ccd-8ce6-2df5e3d90b9b&#8221; text_font=&#8221;Domine||||||||&#8221; text_text_color=&#8221;#000000&#8243; text_font_size=&#8221;20px&#8221; text_line_height=&#8221;32em&#8221; header_font=&#8221;Montserrat||||||||&#8221; header_text_color=&#8221;#000000&#8243; header_2_font=&#8221;Domine|700|||||||&#8221; header_2_text_color=&#8221;#000000&#8243; background_layout=&#8221;dark&#8221; locked=&#8221;off&#8221; global_colors_info=&#8221;{}&#8221;]<\/p>\n<p><span style=\"color: #000000;\">During the Murcian festival,t<\/span>he Pencho Cros, Rojo el Alpargatero, Esteban Bernal, Trovero Mar\u00edn and Carburo de Oro awards were presented to the great flamenco artists of all time. Se trata de un cl\u00e1sico en este certamen, el <span>reconocer la labor de personas, iniciativas e instituciones que suman a este arte y lo impulsan all\u00ed donde desarrollan su labor. <\/span> <span style=\"color: #000000;\"><\/span><\/p>\n<p>[\/et_pb_text][et_pb_text _builder_version=&#8221;4.21.2&#8243; _module_preset=&#8221;98d46dcf-4ba0-4ccd-8ce6-2df5e3d90b9b&#8221; text_font=&#8221;Domine||||||||&#8221; text_text_color=&#8221;#000000&#8243; text_font_size=&#8221;20px&#8221; text_line_height=&#8221;32em&#8221; header_2_font=&#8221;Domine|700|||||||&#8221; header_2_text_color=&#8221;#000000&#8243; background_layout=&#8221;dark&#8221; locked=&#8221;off&#8221; global_colors_info=&#8221;{%22gcid-6e7959be-8245-4834-bd10-bf3c875e7c87%22:%91%22text_text_color%22%93}&#8221;]<\/p>\n<h2>Pe\u00f1as flamencas and other festivals<\/h2>\n<p>This is a distinction that &#8220;pays tribute to the father of the trovo&#8221; by the Fundaci\u00f3n Cante de las Minas. In this 2023 edition, it has been awarded to the International Festival of Poets of Villanueva de Tapia. The mayor of the Malaga town, Dionisio Aguilera, on receiving it, commented: &#8220;I am very proud. We will continue working to live up to this distinction&#8221;, dedicating it to Gerardo Paez El Carpintero, founder of the event.<\/p>\n<p>The &#8220;father of flamenco singing&#8221;, Rojo el Alpargatero, gives his name to an award that rewards the work of flamenco clubs. The town of Sucina has been the recipient for its promotion of flamenco through the Va de Flamenco festival, now in its sixteenth year. The &#8220;mining farmers of Sucina are very grateful&#8221;, said Miguel Santiago, its president, who was joined by one of its founders, Paco Avil\u00e9s, who emotionally dedicated the award &#8220;to all the members and especially to the late Mercedes Ros&#8221;.<\/p>\n<p>[\/et_pb_text][et_pb_text _builder_version=&#8221;4.21.2&#8243; _module_preset=&#8221;98d46dcf-4ba0-4ccd-8ce6-2df5e3d90b9b&#8221; text_font=&#8221;Domine||||||||&#8221; text_text_color=&#8221;#000000&#8243; text_font_size=&#8221;20px&#8221; text_line_height=&#8221;32em&#8221; header_2_font=&#8221;Domine|700|||||||&#8221; header_2_text_color=&#8221;#000000&#8243; background_layout=&#8221;dark&#8221; locked=&#8221;off&#8221; global_colors_info=&#8221;{%22gcid-6e7959be-8245-4834-bd10-bf3c875e7c87%22:%91%22text_text_color%22%93}&#8221;]<\/p>\n<h2>To the courage of Corral de la Morer\u00eda<\/h2>\n<p>If one name could not be missing from these distinctions, it was that of Esteban Bernal Velasco, &#8220;whose tenacity and courage made this Festival possible&#8221;, underlined its president, Joaqu\u00edn Zapata. It was precisely from his courageous spirit that the relationship between the Union festival and the Corral de la Morer\u00eda, an institution that has been worthy of this award, arose. &#8220;This award is fundamentally a recognition of my parents, Blanca and Manuel del Rey&#8221;, said the director of the Madrid tablao, Juan Manuel Del Rey.<\/p>\n<p>Blanca del Rey, who accompanied him, did not miss the opportunity to praise the art of the founder&#8217;s son, Esteban Bernal Aguirre, creator of the trophy that he already had in his hands, as well as giving the title of &#8220;costaleros del Festival&#8221; to all the people who promote the Festival, in which &#8220;Esteban laid the first stone&#8221;.<\/p>\n<p>[\/et_pb_text][et_pb_text _builder_version=&#8221;4.21.2&#8243; _module_preset=&#8221;default&#8221; text_font=&#8221;Domine||||||||&#8221; text_text_color=&#8221;#000000&#8243; text_font_size=&#8221;20px&#8221; text_line_height=&#8221;32em&#8221; header_2_font=&#8221;Domine|700|||||||&#8221; custom_margin=&#8221;-8px|||||&#8221; locked=&#8221;off&#8221; global_colors_info=&#8221;{}&#8221;]<\/p>\n<h2>The miner who sang<strong><\/strong><\/h2>\n<p>It has been years since Pencho Cros, the cantaor from La Uni\u00f3n, became a memory of the city of La Uni\u00f3n. However, the spirit of this &#8220;miner who sang and combined in his art the deepest sentiment and the most genuine singing&#8221;, as Zapata described him, is still present through the awards that bear his name.<\/p>\n<p>In its sponsorship work, Lorquimur has been able to understand the important commitment that companies have with society. In the words of Gin\u00e9s M\u00e9ndez Valverde, director of the Lorquina society, &#8220;we only try to give back to society, through culture, all that it gives us&#8221;. As for dissemination, the Cante de las Minas has recognised the Festival Rivas Flamenca, an initiative that stands out for its &#8220;brotherhood with La Uni\u00f3n&#8221;, according to its director, Jos\u00e9 Antonio And\u00faja.<\/p>\n<p>[\/et_pb_text][et_pb_text _builder_version=&#8221;4.21.2&#8243; _module_preset=&#8221;default&#8221; text_font=&#8221;Domine||||||||&#8221; text_text_color=&#8221;#000000&#8243; text_font_size=&#8221;20px&#8221; text_line_height=&#8221;32em&#8221; header_2_font=&#8221;Domine|700|||||||&#8221; custom_margin=&#8221;-8px|||||&#8221; locked=&#8221;off&#8221; global_colors_info=&#8221;{}&#8221;]<\/p>\n<h2>Distinguished flamenco artists<strong><\/strong><\/h2>\n<p>The Pancho Cros Award also goes to the Sevillian guitarist Eduardo Rebollar, who received the prize for his work in dissemination. Nervous, due to his habit of always being accompanied by his guitar when he goes on stage, he collected the award in the company of the bailaora Yolanda Lorenzo, dedicating the prize to mothers. <a href=\"https:\/\/allflamenco.net\/en\/blog\/cante-minas-festival-flamenco\/\">&#8220;Coming to this festival is every artist&#8217;s dream,&#8221; he said.<\/a><\/p>\n<p>If the dissemination and diffusion of flamenco are essential tasks for flamenco artists and amateurs, its conservation is no less important. It is in the hands of people like Carlos Mart\u00edn, renowned for maintaining and preserving one of the most important sound collections in the country. &#8220;Safeguarding and conserving heritage is fundamental,&#8221; said Mart\u00edn, who called for greater involvement on the part of institutions in the conservation of this legacy that helps &#8220;to better understand what we are as a country&#8221;.<\/p>\n<p>It was Manuel Boh\u00f3rquez who received the last Pencho Cros award for his work as a researcher, an aspect &#8220;neglected by the institutions&#8221;, which he thanked the Festival for recognizing. &#8220;It&#8217;s not easy to take a gamble by giving a prize to a critic, who has once criticised the Festival, because that&#8217;s my job,&#8221; he confessed. <\/p>\n<p>[\/et_pb_text][et_pb_text _builder_version=&#8221;4.21.2&#8243; _module_preset=&#8221;98d46dcf-4ba0-4ccd-8ce6-2df5e3d90b9b&#8221; text_font=&#8221;Domine||||||||&#8221; text_text_color=&#8221;#000000&#8243; text_font_size=&#8221;20px&#8221; text_line_height=&#8221;32em&#8221; header_2_font=&#8221;Domine|700|||||||&#8221; header_2_text_color=&#8221;#000000&#8243; background_layout=&#8221;dark&#8221; locked=&#8221;off&#8221; global_colors_info=&#8221;{%22gcid-6e7959be-8245-4834-bd10-bf3c875e7c87%22:%91%22text_text_color%22%93}&#8221;]<\/p>\n<h2 data-fontsize=\"22\" data-lineheight=\"25.3px\" class=\"fusion-responsive-typography-calculated\"><strong>Carbides with a shine of their own<\/strong><\/h2>\n<p><span>The carbide illuminated the miner in the darkness of the gallery. The same is true of the C\u00e1tedra de Flamencolog\u00eda de C\u00f3rdoba and the journalist from Cuenca, Rafael Manjavacas, two pioneers who have illuminated the path of flamenco in two fields as disparate as journalism and academia. &#8220;Being recognised by such a prestigious festival gives us more oxygen and encouragement to continue advancing in this work,&#8221; said David Pino, director of the Chair, who was accompanied by Antonio Arenas, vice-rector of the UCO. For his part, Rafael Manjavacas wished to dedicate this award to La Uni\u00f3n, &#8220;a city that has welcomed us from day one and made us part of the Festival family&#8221;.<\/span><\/p>\n<p>[\/et_pb_text][\/et_pb_column][\/et_pb_row][et_pb_row column_structure=&#8221;1_2,1_2&#8243; use_custom_gutter=&#8221;on&#8221; _builder_version=&#8221;4.21.0&#8243; _module_preset=&#8221;default&#8221; width=&#8221;100%&#8221; max_width=&#8221;none&#8221; module_alignment=&#8221;left&#8221; custom_margin=&#8221;|2%||2%|false|false&#8221; custom_padding=&#8221;|2%||2%|false|false&#8221; border_radii=&#8221;on|1px|1px|1px|1px&#8221; border_width_all=&#8221;1px&#8221; border_color_all=&#8221;#0C71C3&#8243; global_colors_info=&#8221;{}&#8221;][et_pb_column type=&#8221;1_2&#8243; _builder_version=&#8221;4.21.0&#8243; _module_preset=&#8221;default&#8221; global_colors_info=&#8221;{}&#8221;][et_pb_text _builder_version=&#8221;4.21.0&#8243; _module_preset=&#8221;98d46dcf-4ba0-4ccd-8ce6-2df5e3d90b9b&#8221; text_font=&#8221;Domine||||||||&#8221; text_text_color=&#8221;#000000&#8243; text_font_size=&#8221;20px&#8221; text_line_height=&#8221;32em&#8221; header_font=&#8221;Montserrat||||||||&#8221; header_text_color=&#8221;#000000&#8243; header_2_font=&#8221;Domine|700|||||||&#8221; header_2_text_color=&#8221;#000000&#8243; background_layout=&#8221;dark&#8221; locked=&#8221;off&#8221; global_colors_info=&#8221;{}&#8221;]<\/p>\n<h2><span>Cloti Corv\u00ed now has her plaque in a square in La Uni\u00f3n<\/span><\/h2>\n<p>Days before these awards to flamenco artists, journalists and institutions, the children of the flamenco dancer Cloti Corv\u00ed unveiled her plaque in the Plaza Joaqu\u00edn Costa. <\/p>\n<p>[\/et_pb_text][et_pb_text _builder_version=&#8221;4.21.2&#8243; _module_preset=&#8221;98d46dcf-4ba0-4ccd-8ce6-2df5e3d90b9b&#8221; text_font=&#8221;Domine||||||||&#8221; text_text_color=&#8221;#000000&#8243; text_font_size=&#8221;20px&#8221; text_line_height=&#8221;32em&#8221; background_layout=&#8221;dark&#8221; locked=&#8221;off&#8221; global_colors_info=&#8221;{%22gcid-6e7959be-8245-4834-bd10-bf3c875e7c87%22:%91%22text_text_color%22%93}&#8221;]<\/p>\n<p data-fontsize=\"22\" data-lineheight=\"25.3px\" class=\"fusion-responsive-typography-calculated\">Founder of the ArteDanza school, the Festival del Cante de las Minas recognises with this plaque one of the great promoters of dance in the municipality, capable of creating a quarry for flamenco to be present in this discipline. Eight months after his death,<span>his name on the Avenida del Flamenco already stands next to great figures such as Miguel Poveda, Enrique Morente or Pencho Cros <\/span>. <\/p>\n<p>[\/et_pb_text][\/et_pb_column][et_pb_column type=&#8221;1_2&#8243; _builder_version=&#8221;4.20.0&#8243; _module_preset=&#8221;default&#8221; global_colors_info=&#8221;{}&#8221;][et_pb_image src=&#8221;https:\/\/allflamenco.net\/wp-content\/uploads\/2023\/08\/Placa-Cloti-Corvi.jpg&#8221; alt=&#8221;Placa Cloti Corv\u00ed&#8221; title_text=&#8221;Placa Cloti Corv\u00ed&#8221; _builder_version=&#8221;4.21.2&#8243; _module_preset=&#8221;default&#8221; enable_caption_text=&#8221;on&#8221; image_caption_font=&#8221;Domine||||||||&#8221; image_caption_color=&#8221;#000000&#8243; image_caption_size=&#8221;11px&#8221; image_caption_lineheight=&#8221;1em&#8221; image_caption_alignment=&#8221;right&#8221; global_colors_info=&#8221;{}&#8221;][\/et_pb_image][\/et_pb_column][\/et_pb_row][\/et_pb_section]<\/p>\n","protected":false},"excerpt":{"rendered":"<p>The Festival del Cante de las Minas awards flamenco artists, critics, curators and institutions that promote and care for it. <\/p>\n","protected":false},"author":1,"featured_media":392978,"comment_status":"open","ping_status":"open","sticky":false,"template":"","format":"standard","meta":{"_et_pb_use_builder":"on","_et_pb_old_content":"","_et_gb_content_width":"","footnotes":""},"categories":[156],"tags":[],"class_list":["post-392990","post","type-post","status-publish","format-standard","has-post-thumbnail","hentry","category-whats-new"],"yoast_head":"<!-- This site is optimized with the Yoast SEO plugin v26.8 - https:\/\/yoast.com\/product\/yoast-seo-wordpress\/ -->\n<title>Awards for great flamenco artists in La Uni\u00f3n - ALL FLAMENCO<\/title>\n<meta name=\"description\" content=\"The Festival del Cante de las Minas awards flamenco artists, critics, curators and institutions that promote and care for it.\" \/>\n<meta name=\"robots\" content=\"index, follow, max-snippet:-1, max-image-preview:large, max-video-preview:-1\" \/>\n<link rel=\"canonical\" href=\"https:\/\/allflamenco.net\/en\/blog\/flamenco-artists-prizes\/\" \/>\n<meta property=\"og:locale\" content=\"en_US\" \/>\n<meta property=\"og:type\" content=\"article\" \/>\n<meta property=\"og:title\" content=\"Awards for great flamenco artists in La Uni\u00f3n - ALL FLAMENCO\" \/>\n<meta property=\"og:description\" content=\"The Festival del Cante de las Minas awards flamenco artists, critics, curators and institutions that promote and care for it.\" \/>\n<meta property=\"og:url\" content=\"https:\/\/allflamenco.net\/en\/blog\/flamenco-artists-prizes\/\" \/>\n<meta property=\"og:site_name\" content=\"ALL FLAMENCO\" \/>\n<meta property=\"article:publisher\" content=\"https:\/\/www.facebook.com\/allflamenco\" \/>\n<meta property=\"article:published_time\" content=\"2023-08-08T01:14:42+00:00\" \/>\n<meta property=\"article:modified_time\" content=\"2023-08-14T04:28:11+00:00\" \/>\n<meta property=\"og:image\" content=\"https:\/\/allflamenco.net\/wp-content\/uploads\/2023\/08\/Artistas-Flamencos-premiados-1-e1691536266179.jpg\" \/>\n\t<meta property=\"og:image:width\" content=\"1280\" \/>\n\t<meta property=\"og:image:height\" content=\"853\" \/>\n\t<meta property=\"og:image:type\" content=\"image\/jpeg\" \/>\n<meta name=\"author\" content=\"operations\" \/>\n<meta name=\"twitter:card\" content=\"summary_large_image\" \/>\n<meta name=\"twitter:creator\" content=\"@all_flamenco\" \/>\n<meta name=\"twitter:site\" content=\"@all_flamenco\" \/>\n<meta name=\"twitter:label1\" content=\"Written by\" \/>\n\t<meta name=\"twitter:data1\" content=\"operations\" \/>\n\t<meta name=\"twitter:label2\" content=\"Est. reading time\" \/>\n\t<meta name=\"twitter:data2\" content=\"11 minutes\" \/>\n<script type=\"application\/ld+json\" class=\"yoast-schema-graph\">{\"@context\":\"https:\/\/schema.org\",\"@graph\":[{\"@type\":\"Article\",\"@id\":\"https:\/\/allflamenco.net\/en\/blog\/flamenco-artists-prizes\/#article\",\"isPartOf\":{\"@id\":\"https:\/\/allflamenco.net\/en\/blog\/flamenco-artists-prizes\/\"},\"author\":{\"name\":\"operations\",\"@id\":\"https:\/\/allflamenco.net\/en\/#\/schema\/person\/d719366e7dbfec3bf209ab328be58252\"},\"headline\":\"Awards for great flamenco artists in La Uni\u00f3n\",\"datePublished\":\"2023-08-08T01:14:42+00:00\",\"dateModified\":\"2023-08-14T04:28:11+00:00\",\"mainEntityOfPage\":{\"@id\":\"https:\/\/allflamenco.net\/en\/blog\/flamenco-artists-prizes\/\"},\"wordCount\":2167,\"commentCount\":0,\"publisher\":{\"@id\":\"https:\/\/allflamenco.net\/en\/#organization\"},\"image\":{\"@id\":\"https:\/\/allflamenco.net\/en\/blog\/flamenco-artists-prizes\/#primaryimage\"},\"thumbnailUrl\":\"https:\/\/allflamenco.net\/wp-content\/uploads\/2023\/08\/Artistas-Flamencos-premiados-1-e1691536266179.jpg\",\"articleSection\":[\"What's New\"],\"inLanguage\":\"en-US\",\"potentialAction\":[{\"@type\":\"CommentAction\",\"name\":\"Comment\",\"target\":[\"https:\/\/allflamenco.net\/en\/blog\/flamenco-artists-prizes\/#respond\"]}]},{\"@type\":\"WebPage\",\"@id\":\"https:\/\/allflamenco.net\/en\/blog\/flamenco-artists-prizes\/\",\"url\":\"https:\/\/allflamenco.net\/en\/blog\/flamenco-artists-prizes\/\",\"name\":\"Awards for great flamenco artists in La Uni\u00f3n - ALL FLAMENCO\",\"isPartOf\":{\"@id\":\"https:\/\/allflamenco.net\/en\/#website\"},\"primaryImageOfPage\":{\"@id\":\"https:\/\/allflamenco.net\/en\/blog\/flamenco-artists-prizes\/#primaryimage\"},\"image\":{\"@id\":\"https:\/\/allflamenco.net\/en\/blog\/flamenco-artists-prizes\/#primaryimage\"},\"thumbnailUrl\":\"https:\/\/allflamenco.net\/wp-content\/uploads\/2023\/08\/Artistas-Flamencos-premiados-1-e1691536266179.jpg\",\"datePublished\":\"2023-08-08T01:14:42+00:00\",\"dateModified\":\"2023-08-14T04:28:11+00:00\",\"description\":\"The Festival del Cante de las Minas awards flamenco artists, critics, curators and institutions that promote and care for it.\",\"breadcrumb\":{\"@id\":\"https:\/\/allflamenco.net\/en\/blog\/flamenco-artists-prizes\/#breadcrumb\"},\"inLanguage\":\"en-US\",\"potentialAction\":[{\"@type\":\"ReadAction\",\"target\":[\"https:\/\/allflamenco.net\/en\/blog\/flamenco-artists-prizes\/\"]}]},{\"@type\":\"ImageObject\",\"inLanguage\":\"en-US\",\"@id\":\"https:\/\/allflamenco.net\/en\/blog\/flamenco-artists-prizes\/#primaryimage\",\"url\":\"https:\/\/allflamenco.net\/wp-content\/uploads\/2023\/08\/Artistas-Flamencos-premiados-1-e1691536266179.jpg\",\"contentUrl\":\"https:\/\/allflamenco.net\/wp-content\/uploads\/2023\/08\/Artistas-Flamencos-premiados-1-e1691536266179.jpg\",\"width\":1280,\"height\":853,\"caption\":\"Artistas flamencos premiados\"},{\"@type\":\"BreadcrumbList\",\"@id\":\"https:\/\/allflamenco.net\/en\/blog\/flamenco-artists-prizes\/#breadcrumb\",\"itemListElement\":[{\"@type\":\"ListItem\",\"position\":1,\"name\":\"Home\",\"item\":\"https:\/\/allflamenco.net\/en\/\"},{\"@type\":\"ListItem\",\"position\":2,\"name\":\"Awards for great flamenco artists in La Uni\u00f3n\"}]},{\"@type\":\"WebSite\",\"@id\":\"https:\/\/allflamenco.net\/en\/#website\",\"url\":\"https:\/\/allflamenco.net\/en\/\",\"name\":\"ALL FLAMENCO\",\"description\":\"El canal para los amantes del flamenco\",\"publisher\":{\"@id\":\"https:\/\/allflamenco.net\/en\/#organization\"},\"potentialAction\":[{\"@type\":\"SearchAction\",\"target\":{\"@type\":\"EntryPoint\",\"urlTemplate\":\"https:\/\/allflamenco.net\/en\/?s={search_term_string}\"},\"query-input\":{\"@type\":\"PropertyValueSpecification\",\"valueRequired\":true,\"valueName\":\"search_term_string\"}}],\"inLanguage\":\"en-US\"},{\"@type\":\"Organization\",\"@id\":\"https:\/\/allflamenco.net\/en\/#organization\",\"name\":\"ALL FLAMENCO\",\"alternateName\":\"AF\",\"url\":\"https:\/\/allflamenco.net\/en\/\",\"logo\":{\"@type\":\"ImageObject\",\"inLanguage\":\"en-US\",\"@id\":\"https:\/\/allflamenco.net\/en\/#\/schema\/logo\/image\/\",\"url\":\"https:\/\/allflamenco.net\/wp-content\/uploads\/2023\/09\/logo-allflamenco.jpg\",\"contentUrl\":\"https:\/\/allflamenco.net\/wp-content\/uploads\/2023\/09\/logo-allflamenco.jpg\",\"width\":696,\"height\":696,\"caption\":\"ALL FLAMENCO\"},\"image\":{\"@id\":\"https:\/\/allflamenco.net\/en\/#\/schema\/logo\/image\/\"},\"sameAs\":[\"https:\/\/www.facebook.com\/allflamenco\",\"https:\/\/x.com\/all_flamenco\",\"https:\/\/www.instagram.com\/allflamenco\",\"https:\/\/www.pinterest.es\/allflamenco\/\",\"https:\/\/www.youtube.com\/@ALLFLAMENCO\",\"https:\/\/www.tiktok.com\/@allflamenco\"]},{\"@type\":\"Person\",\"@id\":\"https:\/\/allflamenco.net\/en\/#\/schema\/person\/d719366e7dbfec3bf209ab328be58252\",\"name\":\"operations\",\"sameAs\":[\"http:\/\/new.allflamenco.net\"]}]}<\/script>\n<!-- \/ Yoast SEO plugin. -->","yoast_head_json":{"title":"Awards for great flamenco artists in La Uni\u00f3n - ALL FLAMENCO","description":"The Festival del Cante de las Minas awards flamenco artists, critics, curators and institutions that promote and care for it.","robots":{"index":"index","follow":"follow","max-snippet":"max-snippet:-1","max-image-preview":"max-image-preview:large","max-video-preview":"max-video-preview:-1"},"canonical":"https:\/\/allflamenco.net\/en\/blog\/flamenco-artists-prizes\/","og_locale":"en_US","og_type":"article","og_title":"Awards for great flamenco artists in La Uni\u00f3n - ALL FLAMENCO","og_description":"The Festival del Cante de las Minas awards flamenco artists, critics, curators and institutions that promote and care for it.","og_url":"https:\/\/allflamenco.net\/en\/blog\/flamenco-artists-prizes\/","og_site_name":"ALL FLAMENCO","article_publisher":"https:\/\/www.facebook.com\/allflamenco","article_published_time":"2023-08-08T01:14:42+00:00","article_modified_time":"2023-08-14T04:28:11+00:00","og_image":[{"width":1280,"height":853,"url":"https:\/\/allflamenco.net\/wp-content\/uploads\/2023\/08\/Artistas-Flamencos-premiados-1-e1691536266179.jpg","type":"image\/jpeg"}],"author":"operations","twitter_card":"summary_large_image","twitter_creator":"@all_flamenco","twitter_site":"@all_flamenco","twitter_misc":{"Written by":"operations","Est. reading time":"11 minutes"},"schema":{"@context":"https:\/\/schema.org","@graph":[{"@type":"Article","@id":"https:\/\/allflamenco.net\/en\/blog\/flamenco-artists-prizes\/#article","isPartOf":{"@id":"https:\/\/allflamenco.net\/en\/blog\/flamenco-artists-prizes\/"},"author":{"name":"operations","@id":"https:\/\/allflamenco.net\/en\/#\/schema\/person\/d719366e7dbfec3bf209ab328be58252"},"headline":"Awards for great flamenco artists in La Uni\u00f3n","datePublished":"2023-08-08T01:14:42+00:00","dateModified":"2023-08-14T04:28:11+00:00","mainEntityOfPage":{"@id":"https:\/\/allflamenco.net\/en\/blog\/flamenco-artists-prizes\/"},"wordCount":2167,"commentCount":0,"publisher":{"@id":"https:\/\/allflamenco.net\/en\/#organization"},"image":{"@id":"https:\/\/allflamenco.net\/en\/blog\/flamenco-artists-prizes\/#primaryimage"},"thumbnailUrl":"https:\/\/allflamenco.net\/wp-content\/uploads\/2023\/08\/Artistas-Flamencos-premiados-1-e1691536266179.jpg","articleSection":["What's New"],"inLanguage":"en-US","potentialAction":[{"@type":"CommentAction","name":"Comment","target":["https:\/\/allflamenco.net\/en\/blog\/flamenco-artists-prizes\/#respond"]}]},{"@type":"WebPage","@id":"https:\/\/allflamenco.net\/en\/blog\/flamenco-artists-prizes\/","url":"https:\/\/allflamenco.net\/en\/blog\/flamenco-artists-prizes\/","name":"Awards for great flamenco artists in La Uni\u00f3n - ALL FLAMENCO","isPartOf":{"@id":"https:\/\/allflamenco.net\/en\/#website"},"primaryImageOfPage":{"@id":"https:\/\/allflamenco.net\/en\/blog\/flamenco-artists-prizes\/#primaryimage"},"image":{"@id":"https:\/\/allflamenco.net\/en\/blog\/flamenco-artists-prizes\/#primaryimage"},"thumbnailUrl":"https:\/\/allflamenco.net\/wp-content\/uploads\/2023\/08\/Artistas-Flamencos-premiados-1-e1691536266179.jpg","datePublished":"2023-08-08T01:14:42+00:00","dateModified":"2023-08-14T04:28:11+00:00","description":"The Festival del Cante de las Minas awards flamenco artists, critics, curators and institutions that promote and care for it.","breadcrumb":{"@id":"https:\/\/allflamenco.net\/en\/blog\/flamenco-artists-prizes\/#breadcrumb"},"inLanguage":"en-US","potentialAction":[{"@type":"ReadAction","target":["https:\/\/allflamenco.net\/en\/blog\/flamenco-artists-prizes\/"]}]},{"@type":"ImageObject","inLanguage":"en-US","@id":"https:\/\/allflamenco.net\/en\/blog\/flamenco-artists-prizes\/#primaryimage","url":"https:\/\/allflamenco.net\/wp-content\/uploads\/2023\/08\/Artistas-Flamencos-premiados-1-e1691536266179.jpg","contentUrl":"https:\/\/allflamenco.net\/wp-content\/uploads\/2023\/08\/Artistas-Flamencos-premiados-1-e1691536266179.jpg","width":1280,"height":853,"caption":"Artistas flamencos premiados"},{"@type":"BreadcrumbList","@id":"https:\/\/allflamenco.net\/en\/blog\/flamenco-artists-prizes\/#breadcrumb","itemListElement":[{"@type":"ListItem","position":1,"name":"Home","item":"https:\/\/allflamenco.net\/en\/"},{"@type":"ListItem","position":2,"name":"Awards for great flamenco artists in La Uni\u00f3n"}]},{"@type":"WebSite","@id":"https:\/\/allflamenco.net\/en\/#website","url":"https:\/\/allflamenco.net\/en\/","name":"ALL FLAMENCO","description":"El canal para los amantes del flamenco","publisher":{"@id":"https:\/\/allflamenco.net\/en\/#organization"},"potentialAction":[{"@type":"SearchAction","target":{"@type":"EntryPoint","urlTemplate":"https:\/\/allflamenco.net\/en\/?s={search_term_string}"},"query-input":{"@type":"PropertyValueSpecification","valueRequired":true,"valueName":"search_term_string"}}],"inLanguage":"en-US"},{"@type":"Organization","@id":"https:\/\/allflamenco.net\/en\/#organization","name":"ALL FLAMENCO","alternateName":"AF","url":"https:\/\/allflamenco.net\/en\/","logo":{"@type":"ImageObject","inLanguage":"en-US","@id":"https:\/\/allflamenco.net\/en\/#\/schema\/logo\/image\/","url":"https:\/\/allflamenco.net\/wp-content\/uploads\/2023\/09\/logo-allflamenco.jpg","contentUrl":"https:\/\/allflamenco.net\/wp-content\/uploads\/2023\/09\/logo-allflamenco.jpg","width":696,"height":696,"caption":"ALL FLAMENCO"},"image":{"@id":"https:\/\/allflamenco.net\/en\/#\/schema\/logo\/image\/"},"sameAs":["https:\/\/www.facebook.com\/allflamenco","https:\/\/x.com\/all_flamenco","https:\/\/www.instagram.com\/allflamenco","https:\/\/www.pinterest.es\/allflamenco\/","https:\/\/www.youtube.com\/@ALLFLAMENCO","https:\/\/www.tiktok.com\/@allflamenco"]},{"@type":"Person","@id":"https:\/\/allflamenco.net\/en\/#\/schema\/person\/d719366e7dbfec3bf209ab328be58252","name":"operations","sameAs":["http:\/\/new.allflamenco.net"]}]}},"_links":{"self":[{"href":"https:\/\/allflamenco.net\/en\/wp-json\/wp\/v2\/posts\/392990","targetHints":{"allow":["GET"]}}],"collection":[{"href":"https:\/\/allflamenco.net\/en\/wp-json\/wp\/v2\/posts"}],"about":[{"href":"https:\/\/allflamenco.net\/en\/wp-json\/wp\/v2\/types\/post"}],"author":[{"embeddable":true,"href":"https:\/\/allflamenco.net\/en\/wp-json\/wp\/v2\/users\/1"}],"replies":[{"embeddable":true,"href":"https:\/\/allflamenco.net\/en\/wp-json\/wp\/v2\/comments?post=392990"}],"version-history":[{"count":3,"href":"https:\/\/allflamenco.net\/en\/wp-json\/wp\/v2\/posts\/392990\/revisions"}],"predecessor-version":[{"id":394027,"href":"https:\/\/allflamenco.net\/en\/wp-json\/wp\/v2\/posts\/392990\/revisions\/394027"}],"wp:featuredmedia":[{"embeddable":true,"href":"https:\/\/allflamenco.net\/en\/wp-json\/wp\/v2\/media\/392978"}],"wp:attachment":[{"href":"https:\/\/allflamenco.net\/en\/wp-json\/wp\/v2\/media?parent=392990"}],"wp:term":[{"taxonomy":"category","embeddable":true,"href":"https:\/\/allflamenco.net\/en\/wp-json\/wp\/v2\/categories?post=392990"},{"taxonomy":"post_tag","embeddable":true,"href":"https:\/\/allflamenco.net\/en\/wp-json\/wp\/v2\/tags?post=392990"}],"curies":[{"name":"wp","href":"https:\/\/api.w.org\/{rel}","templated":true}]}}