{"id":390078,"date":"2023-09-14T00:53:57","date_gmt":"2023-09-14T00:53:57","guid":{"rendered":"https:\/\/allflamenco.net\/uncategorized-en\/who-are-palos-flamenco\/"},"modified":"2023-09-07T01:33:46","modified_gmt":"2023-09-07T01:33:46","slug":"who-are-palos-flamenco","status":"publish","type":"post","link":"https:\/\/allflamenco.net\/en\/blog\/who-are-palos-flamenco\/","title":{"rendered":"What are the flamenco &#8220;palos&#8221; and how many of them exist?"},"content":{"rendered":"<p>[et_pb_section fb_built=&#8221;1&#8243; admin_label=&#8221;Social Sharing Buttons &#8221; _builder_version=&#8221;4.21.0&#8243; custom_margin=&#8221;0px|0px|0px|0px|true|true&#8221; custom_padding=&#8221;0px|0px|10px|0px|false|true&#8221; global_colors_info=&#8221;{}&#8221;][et_pb_row _builder_version=&#8221;4.21.0&#8243; background_size=&#8221;initial&#8221; background_position=&#8221;top_left&#8221; background_repeat=&#8221;repeat&#8221; max_width=&#8221;1280px&#8221; custom_padding=&#8221;0px|0px|0px|0px|false|false&#8221; global_colors_info=&#8221;{}&#8221;][et_pb_column type=&#8221;4_4&#8243; _builder_version=&#8221;4.21.0&#8243; _module_preset=&#8221;default&#8221; global_colors_info=&#8221;{}&#8221;][dssb_sharing_buttons icon_placement=&#8221;icon&#8221; columns=&#8221;6&#8243; icon_width=&#8221;fixed&#8221; alignment=&#8221;left&#8221; icon_color=&#8221;#111111&#8243; use_custom_icon_size=&#8221;on&#8221; icon_font_size=&#8221;16px&#8221; icon_bg=&#8221;#f4f4f4&#8243; _builder_version=&#8221;4.21.0&#8243; _module_preset=&#8221;default&#8221; border_radii_main=&#8221;on|4px|4px|4px|4px&#8221; border_radii_icon=&#8221;on|4px|4px|4px|4px&#8221; border_width_all_icon=&#8221;1px&#8221; border_color_all_icon=&#8221;#f4f4f4&#8243; border_color_all_icon_last_edited=&#8221;off|desktop&#8221; global_colors_info=&#8221;{}&#8221; border_color_all_icon__hover_enabled=&#8221;on|hover&#8221; border_color_all_icon__hover=&#8221;#111111&#8243;][dssb_sharing_button _builder_version=&#8221;4.21.0&#8243; _module_preset=&#8221;default&#8221; global_colors_info=&#8221;{}&#8221;][\/dssb_sharing_button][dssb_sharing_button social_network=&#8221;twitter&#8221; _builder_version=&#8221;4.21.0&#8243; _module_preset=&#8221;default&#8221; global_colors_info=&#8221;{}&#8221;][\/dssb_sharing_button][dssb_sharing_button social_network=&#8221;whatsapp&#8221; _builder_version=&#8221;4.21.0&#8243; _module_preset=&#8221;default&#8221; global_colors_info=&#8221;{}&#8221;][\/dssb_sharing_button][dssb_sharing_button social_network=&#8221;telegram&#8221; _builder_version=&#8221;4.21.0&#8243; _module_preset=&#8221;default&#8221; global_colors_info=&#8221;{}&#8221;][\/dssb_sharing_button][dssb_sharing_button social_network=&#8221;email&#8221; _builder_version=&#8221;4.21.0&#8243; _module_preset=&#8221;default&#8221; global_colors_info=&#8221;{}&#8221;][\/dssb_sharing_button][dssb_sharing_button social_network=&#8221;copy&#8221; _builder_version=&#8221;4.21.0&#8243; _module_preset=&#8221;default&#8221; global_colors_info=&#8221;{}&#8221;][\/dssb_sharing_button][\/dssb_sharing_buttons][\/et_pb_column][\/et_pb_row][et_pb_row _builder_version=&#8221;4.16&#8243; custom_margin=&#8221;|||&#8221; custom_padding=&#8221;27px|0px|0|0px|false|false&#8221; global_colors_info=&#8221;{}&#8221;][et_pb_column type=&#8221;4_4&#8243; _builder_version=&#8221;4.16&#8243; custom_padding=&#8221;|||&#8221; global_colors_info=&#8221;{}&#8221; custom_padding__hover=&#8221;|||&#8221;][et_pb_text _builder_version=&#8221;4.21.0&#8243; text_font=&#8221;Domine||||||||&#8221; text_text_color=&#8221;#FFFFFF&#8221; text_font_size=&#8221;25px&#8221; text_line_height=&#8221;35em&#8221; header_font=&#8221;Josefin Sans|700|||||||&#8221; header_font_size=&#8221;90px&#8221; header_line_height=&#8221;1.4em&#8221; header_2_font=&#8221;Josefin Sans||||||||&#8221; header_2_text_color=&#8221;rgba(255,255,255,0.6)&#8221; header_2_font_size=&#8221;32px&#8221; header_2_line_height=&#8221;1.4em&#8221; background_layout=&#8221;dark&#8221; animation_style=&#8221;slide&#8221; animation_direction=&#8221;right&#8221; animation_intensity_slide=&#8221;4%&#8221; header_font_size_tablet=&#8221;50px&#8221; header_font_size_phone=&#8221;32px&#8221; header_font_size_last_edited=&#8221;on|desktop&#8221; header_2_font_size_tablet=&#8221;&#8221; header_2_font_size_phone=&#8221;24px&#8221; header_2_font_size_last_edited=&#8221;on|phone&#8221; global_colors_info=&#8221;{}&#8221;]<\/p>\n<p><span style=\"color: #000000;\">Flamenco began with singing, which is why flamenco palos (forms) tend to have characteristics more related to singing than to instruments or dance. But everything evolves, and flamenco is no exception. <\/span><\/p>\n<p>[\/et_pb_text][\/et_pb_column][\/et_pb_row][\/et_pb_section][et_pb_section fb_built=&#8221;1&#8243; _builder_version=&#8221;4.21.0&#8243; _module_preset=&#8221;default&#8221; custom_margin=&#8221;1%||0px||false|false&#8221; custom_padding=&#8221;1%||0px||false|false&#8221; global_colors_info=&#8221;{}&#8221;][et_pb_row _builder_version=&#8221;4.21.0&#8243; _module_preset=&#8221;default&#8221; global_colors_info=&#8221;{}&#8221;][et_pb_column type=&#8221;4_4&#8243; _builder_version=&#8221;4.21.0&#8243; _module_preset=&#8221;default&#8221; global_colors_info=&#8221;{}&#8221;][et_pb_image src=&#8221;@ET-DC@eyJkeW5hbWljIjp0cnVlLCJjb250ZW50IjoicG9zdF9mZWF0dXJlZF9pbWFnZSIsInNldHRpbmdzIjp7fX0=@&#8221; _builder_version=&#8221;4.22.1&#8243; _dynamic_attributes=&#8221;src&#8221; _module_preset=&#8221;default&#8221; hover_enabled=&#8221;0&#8243; global_colors_info=&#8221;{}&#8221; sticky_enabled=&#8221;0&#8243;][\/et_pb_image][\/et_pb_column][\/et_pb_row][\/et_pb_section][et_pb_section fb_built=&#8221;1&#8243; admin_label=&#8221;Services&#8221; _builder_version=&#8221;4.21.0&#8243; custom_margin=&#8221;0px||1%||false|false&#8221; custom_padding=&#8221;0px|0px|1%|0|false|false&#8221; global_colors_info=&#8221;{}&#8221;][et_pb_row _builder_version=&#8221;4.21.0&#8243; custom_margin=&#8221;0px||0px||false|false&#8221; custom_padding=&#8221;0px||0px||false|false&#8221; global_colors_info=&#8221;{}&#8221;][et_pb_column type=&#8221;4_4&#8243; _builder_version=&#8221;4.16&#8243; custom_padding=&#8221;|||&#8221; global_colors_info=&#8221;{}&#8221; custom_padding__hover=&#8221;|||&#8221;][et_pb_text quote_border_color=&#8221;#000000&#8243; _builder_version=&#8221;4.21.0&#8243; text_font=&#8221;Domine||||||||&#8221; text_text_color=&#8221;#000000&#8243; text_font_size=&#8221;20px&#8221; text_line_height=&#8221;32em&#8221; quote_font=&#8221;Domine||||||||&#8221; quote_text_color=&#8221;#000000&#8243; quote_font_size=&#8221;18px&#8221; quote_line_height=&#8221;30em&#8221; background_layout=&#8221;dark&#8221; locked=&#8221;off&#8221; global_colors_info=&#8221;{}&#8221;]<\/p>\n<p><span style=\"color: #000000;\"><\/span><\/p>\n<p><span style=\"color: #000000;\">Flamenco &#8220;palos&#8221; are styles or varieties of flamenco. This art form was associated with flamenco singing in the beginnings of flamenco about two centuries ago. The ton\u00e1 may be the first palo of which reference is known. <\/span><\/p>\n<blockquote>\n<p><span style=\"color: #000000;\">Some flamencologists see the origin of flamenco in dance and not in singing in the texts of <em>La Gitanilla<\/em> by Cervantes (17th century). <\/span><\/p>\n<\/blockquote>\n<p><span style=\"color: #000000;\">Each style has its own characteristics based on the meter, harmony or modes, but also whether or not they are festive, or depending on the region. This set of specificities is what distinguishes them, although the issue of meter is basic (where most emphasis is placed). So, let&#8217;s take a look at the basic measures: <\/span><br \/><span style=\"color: #000000;\"><\/span><\/p>\n<ul class=\"font_7 wixui-rich-text__text\">\n<li class=\"wixui-rich-text__text\">\n<p class=\"font_7 wixui-rich-text__text\"><span class=\"wixui-rich-text__text\"><span class=\"color_29 wixui-rich-text__text\">Ternary rhythm is the one<\/span> with three beats, as in the sevillanas.<\/span><\/p>\n<\/li>\n<li class=\"wixui-rich-text__text\">\n<p class=\"font_7 wixui-rich-text__text\"><span class=\"wixui-rich-text__text\"><span class=\"color_29 wixui-rich-text__text\">Binary time<\/span><span> <\/span>or<span> <\/span><span class=\"color_29 wixui-rich-text__text\">quaternary<\/span>, two-beat (binary) or four-beat (quaternary) time signature. Rumba would be among them. <\/span><\/p>\n<\/li>\n<li class=\"wixui-rich-text__text\">\n<p class=\"font_7 wixui-rich-text__text\"><span class=\"wixui-rich-text__text\"><span class=\"color_29 wixui-rich-text__text\">Flamenco or amalgam, 12-beat or alternating rhythm.<\/span> This rhythm is the sum of two and is the most characteristic of flamenco. Buler\u00edas or sole\u00e1s are amalgama. <\/span><\/p>\n<\/li>\n<\/ul>\n<p class=\"font_7 wixui-rich-text__text\"><span class=\"wixui-rich-text__text\"><\/span><span class=\"wixui-rich-text__text\">In turn, each of these measures can be given in three different <span class=\"color_33 wixui-rich-text__text\">airs<\/span> or tempos: slow, medium and fast.<\/span><span class=\"wixui-rich-text__text\">tempos: slow, medium and fast.<\/span><span><\/span><\/p>\n<p>[\/et_pb_text][\/et_pb_column][\/et_pb_row][et_pb_row _builder_version=&#8221;4.21.0&#8243; custom_margin=&#8221;||0px||false|false&#8221; custom_padding=&#8221;||0px||false|false&#8221; global_colors_info=&#8221;{}&#8221;][et_pb_column type=&#8221;4_4&#8243; _builder_version=&#8221;4.16&#8243; custom_padding=&#8221;|||&#8221; global_colors_info=&#8221;{}&#8221; custom_padding__hover=&#8221;|||&#8221;][et_pb_text quote_border_color=&#8221;#000000&#8243; _builder_version=&#8221;4.21.0&#8243; text_font=&#8221;Domine||||||||&#8221; text_text_color=&#8221;#000000&#8243; text_font_size=&#8221;20px&#8221; text_line_height=&#8221;32em&#8221; quote_font=&#8221;Domine||||||||&#8221; quote_text_color=&#8221;#000000&#8243; quote_font_size=&#8221;18px&#8221; quote_line_height=&#8221;30em&#8221; header_2_font=&#8221;Domine||||||||&#8221; header_2_text_color=&#8221;#000000&#8243; background_layout=&#8221;dark&#8221; locked=&#8221;off&#8221; global_colors_info=&#8221;{}&#8221;]<\/p>\n<h2><span style=\"color: #000000;\">And how many are there? <\/span><\/h2>\n<p><span style=\"color: #000000;\">In this article <a href=\"https:\/\/allflamenco.net\/en\/blog\/7-curiosities-of-flamenco\/\">expert musicians and trainers talk about this controversial issue<\/a>. But, the most accepted is the classification of a great researcher, <span>Jos\u00e9 Blas Vega, who classifies them in three groups<\/span>:<\/span><\/p>\n<p><span style=\"color: #000000;\"><strong>Group I: primitive and basic flamenco songs and their derivatives.<\/strong><br \/><span><\/span><\/span><\/p>\n<p><span style=\"color: #000000;\"><span>Romances:<\/span> <span>corridos, corridas, carretillas, dedicuras.<\/span><\/span><\/p>\n<p><span>Ton\u00e1s. M<\/span><span>artinetes, carceleras, deblas and ton\u00e1s.<\/span><\/p>\n<p><span>Seguiriyas. F<\/span><span>iviana and serrana.<\/span><\/p>\n<p><span>Soleares. A<\/span><span>lbore\u00e1s, polo, ca\u00f1a, peteneras, buler\u00edas, romances.<\/span><\/p>\n<p><span>Tangos. Also<\/span><span>ientos, tanguillos, mariana. <\/span><\/p>\n<p><span>Canti\u00f1as. A<\/span><span>legr\u00edas, caracoles, mirabr\u00e1s, romeras, canti\u00f1as, alegr\u00edas of Cordoba.<\/span><\/p>\n<p><strong>Group II: flamenco songs derived from fandango<\/strong><\/p>\n<p><span>Songs of M\u00e1laga. R<\/span><span>onde\u00f1a, jabera, verdiales, local fandangos, malague\u00f1as, local <\/span><span>local, personal malague\u00f1as.<\/span><\/p>\n<p><span>Songs de Levante and Songs de las Minas. G<\/span><span>rana\u00edna, media grana\u00edna, taranto, taranta, cartagenera, <\/span><span>minera.<\/span><\/p>\n<p><span>Fandangos of Huelva. In<\/span><span>ocal styles and personal styles.<\/span><\/p>\n<p><span>Fandangos of personal creation.<\/span><\/p>\n<p><strong>Group III: varied flamenco songs.<\/strong><\/p>\n<p><span>Of Andalusian folkloric origin. S<\/span><span>evillanas, saetas, campanilleros, villancicos, bamberas, pregones.<\/span><\/p>\n<p><span>Hybrid or uncertain origin. Fa<\/span><span>rrucas, garrot\u00edn.<\/span><\/p>\n<p><span>Of Spanish-American origin. G<\/span><span>uajiras, milongas, colombianas, rumbas.<\/span><\/p>\n<p>[\/et_pb_text][\/et_pb_column][\/et_pb_row][et_pb_row _builder_version=&#8221;4.21.0&#8243; max_width=&#8221;none&#8221; module_alignment=&#8221;center&#8221; custom_margin=&#8221;1%|1%||1%|false|false&#8221; custom_padding=&#8221;|1%||1%|false|false&#8221; global_colors_info=&#8221;{}&#8221;][et_pb_column type=&#8221;4_4&#8243; _builder_version=&#8221;4.16&#8243; custom_padding=&#8221;|||&#8221; global_colors_info=&#8221;{}&#8221; custom_padding__hover=&#8221;|||&#8221;][et_pb_text _builder_version=&#8221;4.21.0&#8243; text_font=&#8221;Domine||||||||&#8221; text_text_color=&#8221;#000000&#8243; text_font_size=&#8221;20px&#8221; text_line_height=&#8221;32em&#8221; header_2_font=&#8221;Domine|700|||||||&#8221; header_2_text_color=&#8221;#000000&#8243; background_layout=&#8221;dark&#8221; custom_margin=&#8221;1%|||1%|false|false&#8221; custom_padding=&#8221;1%||||false|false&#8221; locked=&#8221;off&#8221; global_colors_info=&#8221;{}&#8221;]<\/p>\n<h2><span style=\"color: #000000;\">Flamenco &#8220;palos&#8221; according to discipline<\/span><\/h2>\n<p><span style=\"color: #000000;\">Because flamenco has its origins linked to singing, many palos (forms) continue to respond to this discipline. <\/span><\/p>\n<p><span style=\"color: #000000;\">Dance and the importance of the guitar or other instruments were either non-existent or an accompaniment or adornment to the singing. However, they developed independently and the cantaor may even accompany or complement the instrumental composition or the dance troupe.<\/span><\/p>\n<p>So, as Juan Cruz Palacios explains in an article in the Instituto Cervantes, each flamenco palo has &#8220;its own favorite&#8221;, that is to say, they are better suited to dance, singing, or instrumental versions.<\/p>\n<p><span style=\"color: #000000;\">For example the farruca is hardly ever performed in cante or toque. On the other hand, in dance, it is one of the flamenco palos (styles) that are at their best. This does not mean that they do not exist in cante, in which Antonio El Sevillano can be a good reference; or that they are not played, as in the case of recordings by Paco de Luc\u00eda, Sanl\u00facar or Paco Cepero. Most of the time, they are voices and instruments for a good dance show. <\/span><\/p>\n<p><span style=\"color: #000000;\">Another example is the ronde\u00f1a, a style typical of the guitar, less often reproduced in cante repertoires and much less in dance. <\/span><\/p>\n<p>[\/et_pb_text][\/et_pb_column][\/et_pb_row][\/et_pb_section][et_pb_section fb_built=&#8221;1&#8243; admin_label=&#8221;Testimonials&#8221; _builder_version=&#8221;4.21.0&#8243; background_color=&#8221;#edeff4&#8243; custom_margin=&#8221;||0px||false|false&#8221; custom_padding=&#8221;0px|0px|0px|0px|false|false&#8221; global_colors_info=&#8221;{}&#8221;][et_pb_row column_structure=&#8221;3_5,2_5&#8243; use_custom_gutter=&#8221;on&#8221; gutter_width=&#8221;1&#8243; make_equal=&#8221;on&#8221; padding_top_bottom_link_1=&#8221;true&#8221; module_class=&#8221; et_pb_row_fullwidth&#8221; _builder_version=&#8221;4.21.0&#8243; width=&#8221;auto&#8221; width_tablet=&#8221;100%&#8221; width_phone=&#8221;100%&#8221; width_last_edited=&#8221;on|desktop&#8221; max_width=&#8221;none&#8221; max_width_tablet=&#8221;100%&#8221; max_width_phone=&#8221;100%&#8221; max_width_last_edited=&#8221;on|desktop&#8221; custom_margin=&#8221;0px|0px|1%|0px|false|false&#8221; custom_margin_tablet=&#8221;||30px|&#8221; custom_margin_phone=&#8221;&#8221; custom_margin_last_edited=&#8221;on|tablet&#8221; custom_padding=&#8221;0|0px|0|0|false|false&#8221; make_fullwidth=&#8221;on&#8221; global_colors_info=&#8221;{}&#8221;][et_pb_column type=&#8221;3_5&#8243; _builder_version=&#8221;4.21.0&#8243; custom_padding=&#8221;2%|3%|1%|3%|false|false&#8221; custom_padding_tablet=&#8221;0px|10%|0px|10%|true|true&#8221; custom_padding_phone=&#8221;0px|10%|0px|10%|true|true&#8221; custom_padding_last_edited=&#8221;on|tablet&#8221; global_colors_info=&#8221;{}&#8221; padding_tablet=&#8221;0px|10%|0px|10%|true|true&#8221; padding_last_edited=&#8221;on|tablet&#8221; custom_padding__hover=&#8221;|||&#8221; padding_phone=&#8221;0px|10%|0px|10%|true|true&#8221;][et_pb_text _builder_version=&#8221;4.21.0&#8243; text_font=&#8221;Domine||||||||&#8221; text_text_color=&#8221;#000000&#8243; text_font_size=&#8221;20px&#8221; text_line_height=&#8221;32em&#8221; header_font=&#8221;||||||||&#8221; header_2_font=&#8221;Domine|700|||||||&#8221; header_2_text_color=&#8221;#000000&#8243; header_3_font=&#8221;Domine|700|||||||&#8221; header_3_text_color=&#8221;rgba(0,0,0,0.53)&#8221; background_layout=&#8221;dark&#8221; custom_margin=&#8221;||0px||false|false&#8221; custom_padding=&#8221;||0px||false|false&#8221; locked=&#8221;off&#8221; global_colors_info=&#8221;{}&#8221;]<\/p>\n<h2 class=\"font_7 wixui-rich-text__text\">Questions (and answers) about flamenco palos (forms)<\/h2>\n<h3><strong>What is the first flamenco palo?<\/strong><\/h3>\n<p>The ton\u00e1s, which arose from the popular gypsy songs of the 12th century in Seville and Cadiz, mainly. They were born without accompaniment, only with clapping, banging on the table&#8230;<\/p>\n<h3><strong>How many styles are there?<\/strong><\/h3>\n<p>Around 50, not counting geographical variations and styles.<\/p>\n<h3>What are the most important styles?<\/h3>\n<p>Although they are all, these 8 flamenco styles can be considered fundamental: seguiriya, sole\u00e1, tientos, tangos, canti\u00f1as, fandango, <a href=\"https:\/\/allflamenco.net\/en\/blog\/buleria-flamenco-style-cheerful\/\">buler\u00edas<\/a> and alegr\u00edas.<\/p>\n<h3><strong>What is the most typical compass?<\/strong><\/h3>\n<p>The amalgama, on which alegr\u00edas, buler\u00edas and sole\u00e1 are based.<\/p>\n<h3>What is the best flamenco palo (style)?<\/h3>\n<p>The one that transmits the most to you. Flamenco is feeling, and each flamenco palo has, apart from fixed characteristics (such as the comp\u00e1s), a part of improvisation and the artist&#8217;s style to make you participate in his emotions..<\/p>\n<p>[\/et_pb_text][\/et_pb_column][et_pb_column type=&#8221;2_5&#8243; _builder_version=&#8221;4.21.0&#8243; custom_padding=&#8221;3%|2%|3%|2%|false|false&#8221; custom_padding_tablet=&#8221;0px|10%|0px|10%|true|true&#8221; custom_padding_phone=&#8221;0px|10%|0px|10%|true|true&#8221; custom_padding_last_edited=&#8221;on|tablet&#8221; global_colors_info=&#8221;{}&#8221; padding_tablet=&#8221;0px|10%|0px|10%|true|true&#8221; padding_last_edited=&#8221;on|tablet&#8221; custom_padding__hover=&#8221;|||&#8221; padding_phone=&#8221;0px|10%|0px|10%|true|true&#8221;][et_pb_video src=&#8221;https:\/\/youtu.be\/7dTbrBgK_2I&#8221; image_src=&#8221;\/\/i.ytimg.com\/vi\/7dTbrBgK_2I\/hqdefault.jpg&#8221; _builder_version=&#8221;4.21.0&#8243; _module_preset=&#8221;default&#8221; custom_margin=&#8221;|||0px|false|false&#8221; custom_padding=&#8221;0px||0px|0px|false|false&#8221; global_colors_info=&#8221;{}&#8221;][\/et_pb_video][et_pb_video src=&#8221;https:\/\/youtu.be\/Gbs8I2tbs0A&#8221; image_src=&#8221;\/\/i.ytimg.com\/vi\/Gbs8I2tbs0A\/hqdefault.jpg&#8221; _builder_version=&#8221;4.21.0&#8243; _module_preset=&#8221;default&#8221; custom_margin=&#8221;2%||||false|false&#8221; custom_padding=&#8221;2%||||false|false&#8221; global_colors_info=&#8221;{}&#8221;][\/et_pb_video][et_pb_button button_url=&#8221;https:\/\/app.allflamenco.net\/detail\/1362\/gala-anivesario-all-flamenco-dedicada-a-granada&#8221; url_new_window=&#8221;on&#8221; button_text=&#8221;ALL FLAMENCO&apos;s Anniversary&#8221; _builder_version=&#8221;4.21.0&#8243; _module_preset=&#8221;default&#8221; custom_button=&#8221;on&#8221; button_text_size=&#8221;18px&#8221; button_text_color=&#8221;#FFFFFF&#8221; button_bg_color=&#8221;#C12A21&#8243; button_border_color=&#8221;#C12A21&#8243; button_font=&#8221;Domine|700|||||||&#8221; button_icon_color=&#8221;#C12A21&#8243; custom_margin=&#8221;1%||||false|false&#8221; global_colors_info=&#8221;{}&#8221;][\/et_pb_button][\/et_pb_column][\/et_pb_row][\/et_pb_section]<\/p>\n","protected":false},"excerpt":{"rendered":"<p>The questions of what they are and how many flamenco &#8220;palos&#8221; (styles) there are, give rise to a good debate, but let&#8217;s get to know the consensus. Let&#8217;s go?<\/p>\n","protected":false},"author":1,"featured_media":398591,"comment_status":"open","ping_status":"open","sticky":false,"template":"","format":"standard","meta":{"_et_pb_use_builder":"on","_et_pb_old_content":"","_et_gb_content_width":"","footnotes":""},"categories":[142,158],"tags":[],"class_list":["post-390078","post","type-post","status-publish","format-standard","has-post-thumbnail","hentry","category-flamenco-styles","category-top-flamenco"],"yoast_head":"<!-- This site is optimized with the Yoast SEO plugin v26.8 - https:\/\/yoast.com\/product\/yoast-seo-wordpress\/ -->\n<title>What are the flamenco &quot;palos&quot; and how many of them exist? - ALL FLAMENCO<\/title>\n<meta name=\"description\" content=\"The questions of what they are and how many flamenco &quot;palos&quot; there are, give rise to a good debate, but let&#039;s get to know the consensus. Go?\" \/>\n<meta name=\"robots\" content=\"index, follow, max-snippet:-1, max-image-preview:large, max-video-preview:-1\" \/>\n<link rel=\"canonical\" href=\"https:\/\/allflamenco.net\/en\/blog\/who-are-palos-flamenco\/\" \/>\n<meta property=\"og:locale\" content=\"en_US\" \/>\n<meta property=\"og:type\" content=\"article\" \/>\n<meta property=\"og:title\" content=\"What are the flamenco &quot;palos&quot; and how many of them exist? - ALL FLAMENCO\" \/>\n<meta property=\"og:description\" content=\"The questions of what they are and how many flamenco &quot;palos&quot; there are, give rise to a good debate, but let&#039;s get to know the consensus. Go?\" \/>\n<meta property=\"og:url\" content=\"https:\/\/allflamenco.net\/en\/blog\/who-are-palos-flamenco\/\" \/>\n<meta property=\"og:site_name\" content=\"ALL FLAMENCO\" \/>\n<meta property=\"article:publisher\" content=\"https:\/\/www.facebook.com\/allflamenco\" \/>\n<meta property=\"article:published_time\" content=\"2023-09-14T00:53:57+00:00\" \/>\n<meta property=\"og:image\" content=\"https:\/\/allflamenco.net\/wp-content\/uploads\/2023\/07\/Palos-de-flamenco-1.jpg\" \/>\n\t<meta property=\"og:image:width\" content=\"1281\" \/>\n\t<meta property=\"og:image:height\" content=\"768\" \/>\n\t<meta property=\"og:image:type\" content=\"image\/jpeg\" \/>\n<meta name=\"author\" content=\"operations\" \/>\n<meta name=\"twitter:card\" content=\"summary_large_image\" \/>\n<meta name=\"twitter:creator\" content=\"@all_flamenco\" \/>\n<meta name=\"twitter:site\" content=\"@all_flamenco\" \/>\n<meta name=\"twitter:label1\" content=\"Written by\" \/>\n\t<meta name=\"twitter:data1\" content=\"operations\" \/>\n\t<meta name=\"twitter:label2\" content=\"Est. reading time\" \/>\n\t<meta name=\"twitter:data2\" content=\"5 minutes\" \/>\n<script type=\"application\/ld+json\" class=\"yoast-schema-graph\">{\"@context\":\"https:\/\/schema.org\",\"@graph\":[{\"@type\":\"Article\",\"@id\":\"https:\/\/allflamenco.net\/en\/blog\/who-are-palos-flamenco\/#article\",\"isPartOf\":{\"@id\":\"https:\/\/allflamenco.net\/en\/blog\/who-are-palos-flamenco\/\"},\"author\":{\"name\":\"operations\",\"@id\":\"https:\/\/allflamenco.net\/en\/#\/schema\/person\/d719366e7dbfec3bf209ab328be58252\"},\"headline\":\"What are the flamenco &#8220;palos&#8221; and how many of them exist?\",\"datePublished\":\"2023-09-14T00:53:57+00:00\",\"mainEntityOfPage\":{\"@id\":\"https:\/\/allflamenco.net\/en\/blog\/who-are-palos-flamenco\/\"},\"wordCount\":2000,\"commentCount\":0,\"publisher\":{\"@id\":\"https:\/\/allflamenco.net\/en\/#organization\"},\"image\":{\"@id\":\"https:\/\/allflamenco.net\/en\/blog\/who-are-palos-flamenco\/#primaryimage\"},\"thumbnailUrl\":\"https:\/\/allflamenco.net\/wp-content\/uploads\/2023\/07\/Palos-de-flamenco-1.jpg\",\"articleSection\":[\"Flamenco Styles\",\"Top Flamenco\"],\"inLanguage\":\"en-US\",\"potentialAction\":[{\"@type\":\"CommentAction\",\"name\":\"Comment\",\"target\":[\"https:\/\/allflamenco.net\/en\/blog\/who-are-palos-flamenco\/#respond\"]}]},{\"@type\":\"WebPage\",\"@id\":\"https:\/\/allflamenco.net\/en\/blog\/who-are-palos-flamenco\/\",\"url\":\"https:\/\/allflamenco.net\/en\/blog\/who-are-palos-flamenco\/\",\"name\":\"What are the flamenco \\\"palos\\\" and how many of them exist? - ALL FLAMENCO\",\"isPartOf\":{\"@id\":\"https:\/\/allflamenco.net\/en\/#website\"},\"primaryImageOfPage\":{\"@id\":\"https:\/\/allflamenco.net\/en\/blog\/who-are-palos-flamenco\/#primaryimage\"},\"image\":{\"@id\":\"https:\/\/allflamenco.net\/en\/blog\/who-are-palos-flamenco\/#primaryimage\"},\"thumbnailUrl\":\"https:\/\/allflamenco.net\/wp-content\/uploads\/2023\/07\/Palos-de-flamenco-1.jpg\",\"datePublished\":\"2023-09-14T00:53:57+00:00\",\"description\":\"The questions of what they are and how many flamenco \\\"palos\\\" there are, give rise to a good debate, but let's get to know the consensus. Go?\",\"breadcrumb\":{\"@id\":\"https:\/\/allflamenco.net\/en\/blog\/who-are-palos-flamenco\/#breadcrumb\"},\"inLanguage\":\"en-US\",\"potentialAction\":[{\"@type\":\"ReadAction\",\"target\":[\"https:\/\/allflamenco.net\/en\/blog\/who-are-palos-flamenco\/\"]}]},{\"@type\":\"ImageObject\",\"inLanguage\":\"en-US\",\"@id\":\"https:\/\/allflamenco.net\/en\/blog\/who-are-palos-flamenco\/#primaryimage\",\"url\":\"https:\/\/allflamenco.net\/wp-content\/uploads\/2023\/07\/Palos-de-flamenco-1.jpg\",\"contentUrl\":\"https:\/\/allflamenco.net\/wp-content\/uploads\/2023\/07\/Palos-de-flamenco-1.jpg\",\"width\":1281,\"height\":768,\"caption\":\"Palos de flamenco\"},{\"@type\":\"BreadcrumbList\",\"@id\":\"https:\/\/allflamenco.net\/en\/blog\/who-are-palos-flamenco\/#breadcrumb\",\"itemListElement\":[{\"@type\":\"ListItem\",\"position\":1,\"name\":\"Home\",\"item\":\"https:\/\/allflamenco.net\/en\/\"},{\"@type\":\"ListItem\",\"position\":2,\"name\":\"What are the flamenco \u00abpalos\u00bb and how many of them exist?\"}]},{\"@type\":\"WebSite\",\"@id\":\"https:\/\/allflamenco.net\/en\/#website\",\"url\":\"https:\/\/allflamenco.net\/en\/\",\"name\":\"ALL FLAMENCO\",\"description\":\"El canal para los amantes del flamenco\",\"publisher\":{\"@id\":\"https:\/\/allflamenco.net\/en\/#organization\"},\"potentialAction\":[{\"@type\":\"SearchAction\",\"target\":{\"@type\":\"EntryPoint\",\"urlTemplate\":\"https:\/\/allflamenco.net\/en\/?s={search_term_string}\"},\"query-input\":{\"@type\":\"PropertyValueSpecification\",\"valueRequired\":true,\"valueName\":\"search_term_string\"}}],\"inLanguage\":\"en-US\"},{\"@type\":\"Organization\",\"@id\":\"https:\/\/allflamenco.net\/en\/#organization\",\"name\":\"ALL FLAMENCO\",\"alternateName\":\"AF\",\"url\":\"https:\/\/allflamenco.net\/en\/\",\"logo\":{\"@type\":\"ImageObject\",\"inLanguage\":\"en-US\",\"@id\":\"https:\/\/allflamenco.net\/en\/#\/schema\/logo\/image\/\",\"url\":\"https:\/\/allflamenco.net\/wp-content\/uploads\/2023\/09\/logo-allflamenco.jpg\",\"contentUrl\":\"https:\/\/allflamenco.net\/wp-content\/uploads\/2023\/09\/logo-allflamenco.jpg\",\"width\":696,\"height\":696,\"caption\":\"ALL FLAMENCO\"},\"image\":{\"@id\":\"https:\/\/allflamenco.net\/en\/#\/schema\/logo\/image\/\"},\"sameAs\":[\"https:\/\/www.facebook.com\/allflamenco\",\"https:\/\/x.com\/all_flamenco\",\"https:\/\/www.instagram.com\/allflamenco\",\"https:\/\/www.pinterest.es\/allflamenco\/\",\"https:\/\/www.youtube.com\/@ALLFLAMENCO\",\"https:\/\/www.tiktok.com\/@allflamenco\"]},{\"@type\":\"Person\",\"@id\":\"https:\/\/allflamenco.net\/en\/#\/schema\/person\/d719366e7dbfec3bf209ab328be58252\",\"name\":\"operations\",\"sameAs\":[\"http:\/\/new.allflamenco.net\"]}]}<\/script>\n<!-- \/ Yoast SEO plugin. -->","yoast_head_json":{"title":"What are the flamenco \"palos\" and how many of them exist? - ALL FLAMENCO","description":"The questions of what they are and how many flamenco \"palos\" there are, give rise to a good debate, but let's get to know the consensus. Go?","robots":{"index":"index","follow":"follow","max-snippet":"max-snippet:-1","max-image-preview":"max-image-preview:large","max-video-preview":"max-video-preview:-1"},"canonical":"https:\/\/allflamenco.net\/en\/blog\/who-are-palos-flamenco\/","og_locale":"en_US","og_type":"article","og_title":"What are the flamenco \"palos\" and how many of them exist? - ALL FLAMENCO","og_description":"The questions of what they are and how many flamenco \"palos\" there are, give rise to a good debate, but let's get to know the consensus. Go?","og_url":"https:\/\/allflamenco.net\/en\/blog\/who-are-palos-flamenco\/","og_site_name":"ALL FLAMENCO","article_publisher":"https:\/\/www.facebook.com\/allflamenco","article_published_time":"2023-09-14T00:53:57+00:00","og_image":[{"width":1281,"height":768,"url":"https:\/\/allflamenco.net\/wp-content\/uploads\/2023\/07\/Palos-de-flamenco-1.jpg","type":"image\/jpeg"}],"author":"operations","twitter_card":"summary_large_image","twitter_creator":"@all_flamenco","twitter_site":"@all_flamenco","twitter_misc":{"Written by":"operations","Est. reading time":"5 minutes"},"schema":{"@context":"https:\/\/schema.org","@graph":[{"@type":"Article","@id":"https:\/\/allflamenco.net\/en\/blog\/who-are-palos-flamenco\/#article","isPartOf":{"@id":"https:\/\/allflamenco.net\/en\/blog\/who-are-palos-flamenco\/"},"author":{"name":"operations","@id":"https:\/\/allflamenco.net\/en\/#\/schema\/person\/d719366e7dbfec3bf209ab328be58252"},"headline":"What are the flamenco &#8220;palos&#8221; and how many of them exist?","datePublished":"2023-09-14T00:53:57+00:00","mainEntityOfPage":{"@id":"https:\/\/allflamenco.net\/en\/blog\/who-are-palos-flamenco\/"},"wordCount":2000,"commentCount":0,"publisher":{"@id":"https:\/\/allflamenco.net\/en\/#organization"},"image":{"@id":"https:\/\/allflamenco.net\/en\/blog\/who-are-palos-flamenco\/#primaryimage"},"thumbnailUrl":"https:\/\/allflamenco.net\/wp-content\/uploads\/2023\/07\/Palos-de-flamenco-1.jpg","articleSection":["Flamenco Styles","Top Flamenco"],"inLanguage":"en-US","potentialAction":[{"@type":"CommentAction","name":"Comment","target":["https:\/\/allflamenco.net\/en\/blog\/who-are-palos-flamenco\/#respond"]}]},{"@type":"WebPage","@id":"https:\/\/allflamenco.net\/en\/blog\/who-are-palos-flamenco\/","url":"https:\/\/allflamenco.net\/en\/blog\/who-are-palos-flamenco\/","name":"What are the flamenco \"palos\" and how many of them exist? - ALL FLAMENCO","isPartOf":{"@id":"https:\/\/allflamenco.net\/en\/#website"},"primaryImageOfPage":{"@id":"https:\/\/allflamenco.net\/en\/blog\/who-are-palos-flamenco\/#primaryimage"},"image":{"@id":"https:\/\/allflamenco.net\/en\/blog\/who-are-palos-flamenco\/#primaryimage"},"thumbnailUrl":"https:\/\/allflamenco.net\/wp-content\/uploads\/2023\/07\/Palos-de-flamenco-1.jpg","datePublished":"2023-09-14T00:53:57+00:00","description":"The questions of what they are and how many flamenco \"palos\" there are, give rise to a good debate, but let's get to know the consensus. Go?","breadcrumb":{"@id":"https:\/\/allflamenco.net\/en\/blog\/who-are-palos-flamenco\/#breadcrumb"},"inLanguage":"en-US","potentialAction":[{"@type":"ReadAction","target":["https:\/\/allflamenco.net\/en\/blog\/who-are-palos-flamenco\/"]}]},{"@type":"ImageObject","inLanguage":"en-US","@id":"https:\/\/allflamenco.net\/en\/blog\/who-are-palos-flamenco\/#primaryimage","url":"https:\/\/allflamenco.net\/wp-content\/uploads\/2023\/07\/Palos-de-flamenco-1.jpg","contentUrl":"https:\/\/allflamenco.net\/wp-content\/uploads\/2023\/07\/Palos-de-flamenco-1.jpg","width":1281,"height":768,"caption":"Palos de flamenco"},{"@type":"BreadcrumbList","@id":"https:\/\/allflamenco.net\/en\/blog\/who-are-palos-flamenco\/#breadcrumb","itemListElement":[{"@type":"ListItem","position":1,"name":"Home","item":"https:\/\/allflamenco.net\/en\/"},{"@type":"ListItem","position":2,"name":"What are the flamenco \u00abpalos\u00bb and how many of them exist?"}]},{"@type":"WebSite","@id":"https:\/\/allflamenco.net\/en\/#website","url":"https:\/\/allflamenco.net\/en\/","name":"ALL FLAMENCO","description":"El canal para los amantes del flamenco","publisher":{"@id":"https:\/\/allflamenco.net\/en\/#organization"},"potentialAction":[{"@type":"SearchAction","target":{"@type":"EntryPoint","urlTemplate":"https:\/\/allflamenco.net\/en\/?s={search_term_string}"},"query-input":{"@type":"PropertyValueSpecification","valueRequired":true,"valueName":"search_term_string"}}],"inLanguage":"en-US"},{"@type":"Organization","@id":"https:\/\/allflamenco.net\/en\/#organization","name":"ALL FLAMENCO","alternateName":"AF","url":"https:\/\/allflamenco.net\/en\/","logo":{"@type":"ImageObject","inLanguage":"en-US","@id":"https:\/\/allflamenco.net\/en\/#\/schema\/logo\/image\/","url":"https:\/\/allflamenco.net\/wp-content\/uploads\/2023\/09\/logo-allflamenco.jpg","contentUrl":"https:\/\/allflamenco.net\/wp-content\/uploads\/2023\/09\/logo-allflamenco.jpg","width":696,"height":696,"caption":"ALL FLAMENCO"},"image":{"@id":"https:\/\/allflamenco.net\/en\/#\/schema\/logo\/image\/"},"sameAs":["https:\/\/www.facebook.com\/allflamenco","https:\/\/x.com\/all_flamenco","https:\/\/www.instagram.com\/allflamenco","https:\/\/www.pinterest.es\/allflamenco\/","https:\/\/www.youtube.com\/@ALLFLAMENCO","https:\/\/www.tiktok.com\/@allflamenco"]},{"@type":"Person","@id":"https:\/\/allflamenco.net\/en\/#\/schema\/person\/d719366e7dbfec3bf209ab328be58252","name":"operations","sameAs":["http:\/\/new.allflamenco.net"]}]}},"_links":{"self":[{"href":"https:\/\/allflamenco.net\/en\/wp-json\/wp\/v2\/posts\/390078","targetHints":{"allow":["GET"]}}],"collection":[{"href":"https:\/\/allflamenco.net\/en\/wp-json\/wp\/v2\/posts"}],"about":[{"href":"https:\/\/allflamenco.net\/en\/wp-json\/wp\/v2\/types\/post"}],"author":[{"embeddable":true,"href":"https:\/\/allflamenco.net\/en\/wp-json\/wp\/v2\/users\/1"}],"replies":[{"embeddable":true,"href":"https:\/\/allflamenco.net\/en\/wp-json\/wp\/v2\/comments?post=390078"}],"version-history":[{"count":13,"href":"https:\/\/allflamenco.net\/en\/wp-json\/wp\/v2\/posts\/390078\/revisions"}],"predecessor-version":[{"id":398598,"href":"https:\/\/allflamenco.net\/en\/wp-json\/wp\/v2\/posts\/390078\/revisions\/398598"}],"wp:featuredmedia":[{"embeddable":true,"href":"https:\/\/allflamenco.net\/en\/wp-json\/wp\/v2\/media\/398591"}],"wp:attachment":[{"href":"https:\/\/allflamenco.net\/en\/wp-json\/wp\/v2\/media?parent=390078"}],"wp:term":[{"taxonomy":"category","embeddable":true,"href":"https:\/\/allflamenco.net\/en\/wp-json\/wp\/v2\/categories?post=390078"},{"taxonomy":"post_tag","embeddable":true,"href":"https:\/\/allflamenco.net\/en\/wp-json\/wp\/v2\/tags?post=390078"}],"curies":[{"name":"wp","href":"https:\/\/api.w.org\/{rel}","templated":true}]}}