{"id":388541,"date":"2023-08-01T09:14:30","date_gmt":"2023-08-01T09:14:30","guid":{"rendered":"https:\/\/allflamenco.net\/paco-lucia-luzia\/"},"modified":"2023-09-07T00:59:18","modified_gmt":"2023-09-07T00:59:18","slug":"paco-lucia-record-luzia","status":"publish","type":"post","link":"https:\/\/allflamenco.net\/en\/blog\/paco-lucia-record-luzia\/","title":{"rendered":"Luz\u00eda, Paco de Luc\u00eda&#8217;s record to his mother"},"content":{"rendered":"<p>[et_pb_section fb_built=&#8221;1&#8243; admin_label=&#8221;Social Sharing Buttons &#8221; _builder_version=&#8221;4.21.0&#8243; custom_margin=&#8221;0px|0px|0px|0px|true|true&#8221; custom_padding=&#8221;0px|0px|0px|0px|false|true&#8221; global_colors_info=&#8221;{}&#8221;][et_pb_row _builder_version=&#8221;4.21.0&#8243; background_size=&#8221;initial&#8221; background_position=&#8221;top_left&#8221; background_repeat=&#8221;repeat&#8221; max_width=&#8221;1280px&#8221; custom_margin=&#8221;0px||0px||false|false&#8221; custom_padding=&#8221;0px|0px|0px|0px|false|false&#8221; global_colors_info=&#8221;{}&#8221;][et_pb_column type=&#8221;4_4&#8243; _builder_version=&#8221;4.21.0&#8243; _module_preset=&#8221;default&#8221; global_colors_info=&#8221;{}&#8221;][dssb_sharing_buttons icon_placement=&#8221;icon&#8221; columns=&#8221;6&#8243; icon_width=&#8221;fixed&#8221; alignment=&#8221;left&#8221; icon_color=&#8221;#111111&#8243; use_custom_icon_size=&#8221;on&#8221; icon_font_size=&#8221;16px&#8221; icon_bg=&#8221;#f4f4f4&#8243; _builder_version=&#8221;4.21.0&#8243; _module_preset=&#8221;default&#8221; border_radii_main=&#8221;on|4px|4px|4px|4px&#8221; border_radii_icon=&#8221;on|4px|4px|4px|4px&#8221; border_width_all_icon=&#8221;1px&#8221; border_color_all_icon=&#8221;#f4f4f4&#8243; border_color_all_icon_last_edited=&#8221;off|desktop&#8221; global_colors_info=&#8221;{}&#8221; border_color_all_icon__hover_enabled=&#8221;on|hover&#8221; border_color_all_icon__hover=&#8221;#111111&#8243;][dssb_sharing_button _builder_version=&#8221;4.21.0&#8243; _module_preset=&#8221;default&#8221; global_colors_info=&#8221;{}&#8221;][\/dssb_sharing_button][dssb_sharing_button social_network=&#8221;twitter&#8221; _builder_version=&#8221;4.21.0&#8243; _module_preset=&#8221;default&#8221; global_colors_info=&#8221;{}&#8221;][\/dssb_sharing_button][dssb_sharing_button social_network=&#8221;whatsapp&#8221; _builder_version=&#8221;4.21.0&#8243; _module_preset=&#8221;default&#8221; global_colors_info=&#8221;{}&#8221;][\/dssb_sharing_button][dssb_sharing_button social_network=&#8221;telegram&#8221; _builder_version=&#8221;4.21.0&#8243; _module_preset=&#8221;default&#8221; global_colors_info=&#8221;{}&#8221;][\/dssb_sharing_button][dssb_sharing_button social_network=&#8221;email&#8221; _builder_version=&#8221;4.21.0&#8243; _module_preset=&#8221;default&#8221; global_colors_info=&#8221;{}&#8221;][\/dssb_sharing_button][dssb_sharing_button social_network=&#8221;copy&#8221; _builder_version=&#8221;4.21.0&#8243; _module_preset=&#8221;default&#8221; global_colors_info=&#8221;{}&#8221;][\/dssb_sharing_button][\/dssb_sharing_buttons][\/et_pb_column][\/et_pb_row][\/et_pb_section][et_pb_section fb_built=&#8221;1&#8243; _builder_version=&#8221;4.21.0&#8243; _module_preset=&#8221;default&#8221; custom_margin=&#8221;1%||0px||false|false&#8221; custom_padding=&#8221;1%||0px||false|false&#8221; global_colors_info=&#8221;{}&#8221;][et_pb_row _builder_version=&#8221;4.21.0&#8243; _module_preset=&#8221;default&#8221; global_colors_info=&#8221;{}&#8221;][et_pb_column type=&#8221;4_4&#8243; _builder_version=&#8221;4.21.0&#8243; _module_preset=&#8221;default&#8221; global_colors_info=&#8221;{}&#8221;][et_pb_image src=&#8221;@ET-DC@eyJkeW5hbWljIjp0cnVlLCJjb250ZW50IjoicG9zdF9mZWF0dXJlZF9pbWFnZSIsInNldHRpbmdzIjp7fX0=@&#8221; alt=&#8221;Family photo with Paco de Luc\u00eda&apos;s mother.&#8221; title_text=&#8221;Luz\u00eda by Paco de Luc\u00eda&#8221; _builder_version=&#8221;4.22.1&#8243; _module_preset=&#8221;default&#8221; hover_enabled=&#8221;0&#8243; enable_caption_text=&#8221;on&#8221; image_caption_font=&#8221;Domine||||||||&#8221; image_caption_color=&#8221;#000000&#8243; image_caption_size=&#8221;12px&#8221; image_caption_lineheight=&#8221;1em&#8221; image_caption_alignment=&#8221;left&#8221; global_colors_info=&#8221;{}&#8221; _dynamic_attributes=&#8221;src&#8221; sticky_enabled=&#8221;0&#8243;][\/et_pb_image][\/et_pb_column][\/et_pb_row][et_pb_row use_custom_gutter=&#8221;on&#8221; _builder_version=&#8221;4.21.0&#8243; _module_preset=&#8221;default&#8221; max_width=&#8221;none&#8221; custom_margin=&#8221;0px||||false|false&#8221; custom_padding=&#8221;0px||0px||false|false&#8221; global_colors_info=&#8221;{}&#8221;][et_pb_column type=&#8221;4_4&#8243; _builder_version=&#8221;4.21.0&#8243; _module_preset=&#8221;default&#8221; custom_padding=&#8221;2%||||false|false&#8221; global_colors_info=&#8221;{}&#8221;][et_pb_blurb title=&#8221;Essential record&#8221; use_icon=&#8221;on&#8221; font_icon=&#8221;&#xe08e;||divi||400&#8243; icon_color=&#8221;#000000&#8243; icon_placement=&#8221;left&#8221; image_icon_width=&#8221;24px&#8221; content_max_width=&#8221;100%&#8221; _builder_version=&#8221;4.21.0&#8243; _module_preset=&#8221;a947262d-0701-4077-825d-1385639c524f&#8221; header_font=&#8221;Domine|700||on|||||&#8221; header_text_color=&#8221;#000000&#8243; header_font_size=&#8221;16px&#8221; header_letter_spacing=&#8221;1px&#8221; body_font=&#8221;Inter||||||||&#8221; body_text_color=&#8221;#15414a&#8221; global_colors_info=&#8221;{}&#8221;][\/et_pb_blurb][et_pb_text _builder_version=&#8221;4.21.0&#8243; _module_preset=&#8221;e864d11f-3dab-4fa3-ac06-4f0e1a260807&#8243; text_font=&#8221;Domine||||||||&#8221; text_text_color=&#8221;#FFFFFF&#8221; text_font_size=&#8221;55px&#8221; header_font=&#8221;Heebo|700|||||||&#8221; header_text_color=&#8221;#FFFFFF&#8221; header_font_size=&#8221;75px&#8221; header_line_height=&#8221;1.1em&#8221; header_2_font=&#8221;Domine|700|||||||&#8221; header_2_text_color=&#8221;#000000&#8243; header_2_font_size=&#8221;40px&#8221; custom_margin=&#8221;||10px||false|false&#8221; header_font_size_tablet=&#8221;40px&#8221; header_font_size_phone=&#8221;24px&#8221; header_font_size_last_edited=&#8221;on|desktop&#8221; global_colors_info=&#8221;{}&#8221;]<\/p>\n<h2><span style=\"color: #000000;\">Paco de Luc\u00eda sings a song for the first time<\/span><\/h2>\n<p>[\/et_pb_text][et_pb_text _builder_version=&#8221;4.21.0&#8243; _module_preset=&#8221;5ff55506-da7d-4dd7-b409-9d62c7203201&#8243; text_font=&#8221;Inter||||||||&#8221; text_text_color=&#8221;#000000&#8243; text_font_size=&#8221;16px&#8221; text_line_height=&#8221;1.8em&#8221; link_text_color=&#8221;#FF5D67&#8243; header_3_font=&#8221;Domine||||||||&#8221; header_3_text_color=&#8221;#FFFFFF&#8221; header_3_font_size=&#8221;20px&#8221; custom_margin=&#8221;||10px||false|false&#8221; custom_padding=&#8221;0px|||||&#8221; text_font_size_tablet=&#8221;15px&#8221; text_font_size_phone=&#8221;14px&#8221; text_font_size_last_edited=&#8221;on|phone&#8221; header_font_size_tablet=&#8221;55px&#8221; header_font_size_last_edited=&#8221;off|desktop&#8221; global_colors_info=&#8221;{%22gcid-8b305f9d-4844-4604-ba06-445166ebe5d6%22:%91%22header_3_text_color%22%93}&#8221;]<\/p>\n<h3><span style=\"color: #000000;\">Author: Paco de Luc\u00eda. Percussion: Tino Di Geraldo, Luis Dulzaides, Antonio Carmona. <\/span><span style=\"color: #000000;\"><\/span><\/h3>\n<p>[\/et_pb_text][et_pb_image src=&#8221;https:\/\/allflamenco.net\/wp-content\/uploads\/2023\/07\/Luzia.jpg&#8221; alt=&#8221;Album Luz\u00eda, Paco de Luc\u00eda&#8221; title_text=&#8221;Album Luzia&#8221; _builder_version=&#8221;4.21.0&#8243; _module_preset=&#8221;default&#8221; border_radii=&#8221;on|8px|8px|8px|8px&#8221; box_shadow_style=&#8221;preset2&#8243; box_shadow_color=&#8221;rgba(255,255,255,0.33)&#8221; global_colors_info=&#8221;{}&#8221; image_caption_font=&#8221;Domine||||||||&#8221; image_caption_color=&#8221;#000000&#8243; image_caption_size=&#8221;12px&#8221; image_caption_lineheight=&#8221;1em&#8221; image_caption_alignment=&#8221;left&#8221;][\/et_pb_image][et_pb_button button_url=&#8221;http:\/\/www.pacodelucia.org\/disco\/luzia&#8221; url_new_window=&#8221;on&#8221; button_text=&#8221;Buy on the web&#8221; button_alignment=&#8221;left&#8221; _builder_version=&#8221;4.21.0&#8243; _module_preset=&#8221;default&#8221; custom_button=&#8221;on&#8221; button_text_size=&#8221;18px&#8221; button_text_color=&#8221;#FFFFFF&#8221; button_bg_color=&#8221;#C12A21&#8243; button_border_color=&#8221;#C12A21&#8243; button_font=&#8221;Domine|700|||||||&#8221; background_layout=&#8221;dark&#8221; global_colors_info=&#8221;{}&#8221;][\/et_pb_button][et_pb_text _builder_version=&#8221;4.22.1&#8243; _module_preset=&#8221;default&#8221; text_font=&#8221;Domine||||||||&#8221; text_text_color=&#8221;#000000&#8243; text_font_size=&#8221;20px&#8221; text_line_height=&#8221;32em&#8221; header_2_font=&#8221;Domine|700|||||||&#8221; header_2_text_color=&#8221;#000000&#8243; background_layout=&#8221;dark&#8221; custom_margin=&#8221;0px||0px||false|false&#8221; custom_padding=&#8221;0px||0px||false|false&#8221; global_colors_info=&#8221;{}&#8221;]<\/p>\n<blockquote><\/blockquote>\n<p><span style=\"color: #000000; font-family: inherit;\"><strong>The album Luz\u00eda (1998, Universal Music) was a catharsis for the genius from Algeciras.<\/strong> It is, above all, the expression of the pain caused to the guitarist by the death of his mother, with whom he was with day and night during the six months of illness until the fateful end. But it is also an album that brings out the sorrow for the early death of his sister Mar\u00eda, for the death of Camar\u00f3n de la Isla, for the beautiful childhood lived in Algeciras&#8230;<\/span><br \/><span style=\"color: #000000; font-family: inherit;\"><\/span><\/p>\n<p><span style=\"color: #000000; font-family: inherit;\">Paco de Luc\u00eda explained on his official website: <\/span><\/p>\n<p><span style=\"color: #000000; font-family: inherit;\">&#8220;<span>The whole album is impregnated with that suffering, that pain I felt seeing my mother leaving me, apart from the fact that I also told her on one occasion that I was going to dedicate it to her&#8230; and she was very happy&#8230; She gave me a beautiful smile, a smile that I will never forget&#8221;. <\/span><\/span><\/p>\n<p><span style=\"color: #000000; font-family: inherit;\"><span><\/span><\/span><\/p>\n<h2><span style=\"color: #000000;\"><b><span style=\"color: #000000;\"><\/span>Songs by Luz\u00eda y su cante<\/b><\/span><\/h2>\n<p><span style=\"color: #000000;\"><b>The song <em>Luz\u00eda<\/em> <a href=\"https:\/\/allflamenco.net\/en\/blog\/seguiriyas\/\">is a seguiriya<\/a> to that loving mother who sang Portuguese songs to him when he was a child. It is clear to whom dedicated the ronde\u00f1a <em>Camar\u00f3n<\/em>. And he dared to sing on it, this being the first album on which he has done so. <\/b><\/span><\/p>\n<p><span style=\"color: #000000;\"><b><\/b><\/span><\/p>\n<p><span style=\"color: #000000;\"><b><em>R\u00edo de la Miel<\/em> <a href=\"https:\/\/allflamenco.net\/en\/blog\/50-anniversary-entre-dos-aguas\/\" target=\"_blank\" rel=\"noopener\">plays it por buler\u00edas.<\/a> It is a tribute to his neighbourhood in Algeciras, where this river flows through its streets. <\/b><\/span><\/p>\n<p><span style=\"color: #000000;\"><b>And so, track after track, <a href=\"https:\/\/allflamenco.net\/en\/blog\/paco-lucia\/\">Paco de Luc\u00eda brings out all his emotions<\/a> through this work. Perhaps the most intimate of his discography. <\/b><strong>Current 2008 re-release by Universal Music. <\/strong><\/span><\/p>\n<blockquote><\/blockquote>\n<p>[\/et_pb_text][\/et_pb_column][\/et_pb_row][\/et_pb_section]<\/p>\n","protected":false},"excerpt":{"rendered":"<p>In 1998, the album Luz\u00eda was released. Paco de Luc\u00eda dedicated it to his mother&#8230; and to Camar\u00f3n, giving voice, for the first time, to a song. <\/p>\n","protected":false},"author":1,"featured_media":398559,"comment_status":"open","ping_status":"open","sticky":false,"template":"","format":"standard","meta":{"_et_pb_use_builder":"on","_et_pb_old_content":"","_et_gb_content_width":"","footnotes":""},"categories":[144,158],"tags":[],"class_list":["post-388541","post","type-post","status-publish","format-standard","has-post-thumbnail","hentry","category-books-and-records","category-top-flamenco"],"yoast_head":"<!-- This site is optimized with the Yoast SEO plugin v26.8 - https:\/\/yoast.com\/product\/yoast-seo-wordpress\/ -->\n<title>record-Luz\u00eda-paco-lucia<\/title>\n<meta name=\"description\" content=\"In 1998, the album Luz\u00eda was released. Paco de Luc\u00eda dedicated it to his mother... and to Camar\u00f3n, giving voice, for the first time, to a song.\" \/>\n<meta name=\"robots\" content=\"index, follow, max-snippet:-1, max-image-preview:large, max-video-preview:-1\" \/>\n<link rel=\"canonical\" href=\"https:\/\/allflamenco.net\/en\/blog\/paco-lucia-record-luzia\/\" \/>\n<meta property=\"og:locale\" content=\"en_US\" \/>\n<meta property=\"og:type\" content=\"article\" \/>\n<meta property=\"og:title\" content=\"record-Luz\u00eda-paco-lucia\" \/>\n<meta property=\"og:description\" content=\"In 1998, the album Luz\u00eda was released. Paco de Luc\u00eda dedicated it to his mother... and to Camar\u00f3n, giving voice, for the first time, to a song.\" \/>\n<meta property=\"og:url\" content=\"https:\/\/allflamenco.net\/en\/blog\/paco-lucia-record-luzia\/\" \/>\n<meta property=\"og:site_name\" content=\"ALL FLAMENCO\" \/>\n<meta property=\"article:publisher\" content=\"https:\/\/www.facebook.com\/allflamenco\" \/>\n<meta property=\"article:published_time\" content=\"2023-08-01T09:14:30+00:00\" \/>\n<meta property=\"article:modified_time\" content=\"2023-09-07T00:59:18+00:00\" \/>\n<meta property=\"og:image\" content=\"https:\/\/allflamenco.net\/wp-content\/uploads\/2023\/08\/Luzia-de-Paco-de-Lucia.jpg\" \/>\n\t<meta property=\"og:image:width\" content=\"1280\" \/>\n\t<meta property=\"og:image:height\" content=\"768\" \/>\n\t<meta property=\"og:image:type\" content=\"image\/jpeg\" \/>\n<meta name=\"author\" content=\"operations\" \/>\n<meta name=\"twitter:card\" content=\"summary_large_image\" \/>\n<meta name=\"twitter:creator\" content=\"@all_flamenco\" \/>\n<meta name=\"twitter:site\" content=\"@all_flamenco\" \/>\n<meta name=\"twitter:label1\" content=\"Written by\" \/>\n\t<meta name=\"twitter:data1\" content=\"operations\" \/>\n\t<meta name=\"twitter:label2\" content=\"Est. reading time\" \/>\n\t<meta name=\"twitter:data2\" content=\"3 minutes\" \/>\n<script type=\"application\/ld+json\" class=\"yoast-schema-graph\">{\"@context\":\"https:\/\/schema.org\",\"@graph\":[{\"@type\":\"Article\",\"@id\":\"https:\/\/allflamenco.net\/en\/blog\/paco-lucia-record-luzia\/#article\",\"isPartOf\":{\"@id\":\"https:\/\/allflamenco.net\/en\/blog\/paco-lucia-record-luzia\/\"},\"author\":{\"name\":\"operations\",\"@id\":\"https:\/\/allflamenco.net\/en\/#\/schema\/person\/d719366e7dbfec3bf209ab328be58252\"},\"headline\":\"Luz\u00eda, Paco de Luc\u00eda&#8217;s record to his mother\",\"datePublished\":\"2023-08-01T09:14:30+00:00\",\"dateModified\":\"2023-09-07T00:59:18+00:00\",\"mainEntityOfPage\":{\"@id\":\"https:\/\/allflamenco.net\/en\/blog\/paco-lucia-record-luzia\/\"},\"wordCount\":1181,\"commentCount\":0,\"publisher\":{\"@id\":\"https:\/\/allflamenco.net\/en\/#organization\"},\"image\":{\"@id\":\"https:\/\/allflamenco.net\/en\/blog\/paco-lucia-record-luzia\/#primaryimage\"},\"thumbnailUrl\":\"https:\/\/allflamenco.net\/wp-content\/uploads\/2023\/08\/Luzia-de-Paco-de-Lucia.jpg\",\"articleSection\":[\"Books and records\",\"Top Flamenco\"],\"inLanguage\":\"en-US\",\"potentialAction\":[{\"@type\":\"CommentAction\",\"name\":\"Comment\",\"target\":[\"https:\/\/allflamenco.net\/en\/blog\/paco-lucia-record-luzia\/#respond\"]}]},{\"@type\":\"WebPage\",\"@id\":\"https:\/\/allflamenco.net\/en\/blog\/paco-lucia-record-luzia\/\",\"url\":\"https:\/\/allflamenco.net\/en\/blog\/paco-lucia-record-luzia\/\",\"name\":\"record-Luz\u00eda-paco-lucia\",\"isPartOf\":{\"@id\":\"https:\/\/allflamenco.net\/en\/#website\"},\"primaryImageOfPage\":{\"@id\":\"https:\/\/allflamenco.net\/en\/blog\/paco-lucia-record-luzia\/#primaryimage\"},\"image\":{\"@id\":\"https:\/\/allflamenco.net\/en\/blog\/paco-lucia-record-luzia\/#primaryimage\"},\"thumbnailUrl\":\"https:\/\/allflamenco.net\/wp-content\/uploads\/2023\/08\/Luzia-de-Paco-de-Lucia.jpg\",\"datePublished\":\"2023-08-01T09:14:30+00:00\",\"dateModified\":\"2023-09-07T00:59:18+00:00\",\"description\":\"In 1998, the album Luz\u00eda was released. Paco de Luc\u00eda dedicated it to his mother... and to Camar\u00f3n, giving voice, for the first time, to a song.\",\"breadcrumb\":{\"@id\":\"https:\/\/allflamenco.net\/en\/blog\/paco-lucia-record-luzia\/#breadcrumb\"},\"inLanguage\":\"en-US\",\"potentialAction\":[{\"@type\":\"ReadAction\",\"target\":[\"https:\/\/allflamenco.net\/en\/blog\/paco-lucia-record-luzia\/\"]}]},{\"@type\":\"ImageObject\",\"inLanguage\":\"en-US\",\"@id\":\"https:\/\/allflamenco.net\/en\/blog\/paco-lucia-record-luzia\/#primaryimage\",\"url\":\"https:\/\/allflamenco.net\/wp-content\/uploads\/2023\/08\/Luzia-de-Paco-de-Lucia.jpg\",\"contentUrl\":\"https:\/\/allflamenco.net\/wp-content\/uploads\/2023\/08\/Luzia-de-Paco-de-Lucia.jpg\",\"width\":1280,\"height\":768,\"caption\":\"Foto familiar con la madre de Paco de Luc\u00eda.\"},{\"@type\":\"BreadcrumbList\",\"@id\":\"https:\/\/allflamenco.net\/en\/blog\/paco-lucia-record-luzia\/#breadcrumb\",\"itemListElement\":[{\"@type\":\"ListItem\",\"position\":1,\"name\":\"Home\",\"item\":\"https:\/\/allflamenco.net\/en\/\"},{\"@type\":\"ListItem\",\"position\":2,\"name\":\"Luz\u00eda, Paco de Luc\u00eda&#8217;s record to his mother\"}]},{\"@type\":\"WebSite\",\"@id\":\"https:\/\/allflamenco.net\/en\/#website\",\"url\":\"https:\/\/allflamenco.net\/en\/\",\"name\":\"ALL FLAMENCO\",\"description\":\"El canal para los amantes del flamenco\",\"publisher\":{\"@id\":\"https:\/\/allflamenco.net\/en\/#organization\"},\"potentialAction\":[{\"@type\":\"SearchAction\",\"target\":{\"@type\":\"EntryPoint\",\"urlTemplate\":\"https:\/\/allflamenco.net\/en\/?s={search_term_string}\"},\"query-input\":{\"@type\":\"PropertyValueSpecification\",\"valueRequired\":true,\"valueName\":\"search_term_string\"}}],\"inLanguage\":\"en-US\"},{\"@type\":\"Organization\",\"@id\":\"https:\/\/allflamenco.net\/en\/#organization\",\"name\":\"ALL FLAMENCO\",\"alternateName\":\"AF\",\"url\":\"https:\/\/allflamenco.net\/en\/\",\"logo\":{\"@type\":\"ImageObject\",\"inLanguage\":\"en-US\",\"@id\":\"https:\/\/allflamenco.net\/en\/#\/schema\/logo\/image\/\",\"url\":\"https:\/\/allflamenco.net\/wp-content\/uploads\/2023\/09\/logo-allflamenco.jpg\",\"contentUrl\":\"https:\/\/allflamenco.net\/wp-content\/uploads\/2023\/09\/logo-allflamenco.jpg\",\"width\":696,\"height\":696,\"caption\":\"ALL FLAMENCO\"},\"image\":{\"@id\":\"https:\/\/allflamenco.net\/en\/#\/schema\/logo\/image\/\"},\"sameAs\":[\"https:\/\/www.facebook.com\/allflamenco\",\"https:\/\/x.com\/all_flamenco\",\"https:\/\/www.instagram.com\/allflamenco\",\"https:\/\/www.pinterest.es\/allflamenco\/\",\"https:\/\/www.youtube.com\/@ALLFLAMENCO\",\"https:\/\/www.tiktok.com\/@allflamenco\"]},{\"@type\":\"Person\",\"@id\":\"https:\/\/allflamenco.net\/en\/#\/schema\/person\/d719366e7dbfec3bf209ab328be58252\",\"name\":\"operations\",\"sameAs\":[\"http:\/\/new.allflamenco.net\"]}]}<\/script>\n<!-- \/ Yoast SEO plugin. -->","yoast_head_json":{"title":"record-Luz\u00eda-paco-lucia","description":"In 1998, the album Luz\u00eda was released. Paco de Luc\u00eda dedicated it to his mother... and to Camar\u00f3n, giving voice, for the first time, to a song.","robots":{"index":"index","follow":"follow","max-snippet":"max-snippet:-1","max-image-preview":"max-image-preview:large","max-video-preview":"max-video-preview:-1"},"canonical":"https:\/\/allflamenco.net\/en\/blog\/paco-lucia-record-luzia\/","og_locale":"en_US","og_type":"article","og_title":"record-Luz\u00eda-paco-lucia","og_description":"In 1998, the album Luz\u00eda was released. Paco de Luc\u00eda dedicated it to his mother... and to Camar\u00f3n, giving voice, for the first time, to a song.","og_url":"https:\/\/allflamenco.net\/en\/blog\/paco-lucia-record-luzia\/","og_site_name":"ALL FLAMENCO","article_publisher":"https:\/\/www.facebook.com\/allflamenco","article_published_time":"2023-08-01T09:14:30+00:00","article_modified_time":"2023-09-07T00:59:18+00:00","og_image":[{"width":1280,"height":768,"url":"https:\/\/allflamenco.net\/wp-content\/uploads\/2023\/08\/Luzia-de-Paco-de-Lucia.jpg","type":"image\/jpeg"}],"author":"operations","twitter_card":"summary_large_image","twitter_creator":"@all_flamenco","twitter_site":"@all_flamenco","twitter_misc":{"Written by":"operations","Est. reading time":"3 minutes"},"schema":{"@context":"https:\/\/schema.org","@graph":[{"@type":"Article","@id":"https:\/\/allflamenco.net\/en\/blog\/paco-lucia-record-luzia\/#article","isPartOf":{"@id":"https:\/\/allflamenco.net\/en\/blog\/paco-lucia-record-luzia\/"},"author":{"name":"operations","@id":"https:\/\/allflamenco.net\/en\/#\/schema\/person\/d719366e7dbfec3bf209ab328be58252"},"headline":"Luz\u00eda, Paco de Luc\u00eda&#8217;s record to his mother","datePublished":"2023-08-01T09:14:30+00:00","dateModified":"2023-09-07T00:59:18+00:00","mainEntityOfPage":{"@id":"https:\/\/allflamenco.net\/en\/blog\/paco-lucia-record-luzia\/"},"wordCount":1181,"commentCount":0,"publisher":{"@id":"https:\/\/allflamenco.net\/en\/#organization"},"image":{"@id":"https:\/\/allflamenco.net\/en\/blog\/paco-lucia-record-luzia\/#primaryimage"},"thumbnailUrl":"https:\/\/allflamenco.net\/wp-content\/uploads\/2023\/08\/Luzia-de-Paco-de-Lucia.jpg","articleSection":["Books and records","Top Flamenco"],"inLanguage":"en-US","potentialAction":[{"@type":"CommentAction","name":"Comment","target":["https:\/\/allflamenco.net\/en\/blog\/paco-lucia-record-luzia\/#respond"]}]},{"@type":"WebPage","@id":"https:\/\/allflamenco.net\/en\/blog\/paco-lucia-record-luzia\/","url":"https:\/\/allflamenco.net\/en\/blog\/paco-lucia-record-luzia\/","name":"record-Luz\u00eda-paco-lucia","isPartOf":{"@id":"https:\/\/allflamenco.net\/en\/#website"},"primaryImageOfPage":{"@id":"https:\/\/allflamenco.net\/en\/blog\/paco-lucia-record-luzia\/#primaryimage"},"image":{"@id":"https:\/\/allflamenco.net\/en\/blog\/paco-lucia-record-luzia\/#primaryimage"},"thumbnailUrl":"https:\/\/allflamenco.net\/wp-content\/uploads\/2023\/08\/Luzia-de-Paco-de-Lucia.jpg","datePublished":"2023-08-01T09:14:30+00:00","dateModified":"2023-09-07T00:59:18+00:00","description":"In 1998, the album Luz\u00eda was released. Paco de Luc\u00eda dedicated it to his mother... and to Camar\u00f3n, giving voice, for the first time, to a song.","breadcrumb":{"@id":"https:\/\/allflamenco.net\/en\/blog\/paco-lucia-record-luzia\/#breadcrumb"},"inLanguage":"en-US","potentialAction":[{"@type":"ReadAction","target":["https:\/\/allflamenco.net\/en\/blog\/paco-lucia-record-luzia\/"]}]},{"@type":"ImageObject","inLanguage":"en-US","@id":"https:\/\/allflamenco.net\/en\/blog\/paco-lucia-record-luzia\/#primaryimage","url":"https:\/\/allflamenco.net\/wp-content\/uploads\/2023\/08\/Luzia-de-Paco-de-Lucia.jpg","contentUrl":"https:\/\/allflamenco.net\/wp-content\/uploads\/2023\/08\/Luzia-de-Paco-de-Lucia.jpg","width":1280,"height":768,"caption":"Foto familiar con la madre de Paco de Luc\u00eda."},{"@type":"BreadcrumbList","@id":"https:\/\/allflamenco.net\/en\/blog\/paco-lucia-record-luzia\/#breadcrumb","itemListElement":[{"@type":"ListItem","position":1,"name":"Home","item":"https:\/\/allflamenco.net\/en\/"},{"@type":"ListItem","position":2,"name":"Luz\u00eda, Paco de Luc\u00eda&#8217;s record to his mother"}]},{"@type":"WebSite","@id":"https:\/\/allflamenco.net\/en\/#website","url":"https:\/\/allflamenco.net\/en\/","name":"ALL FLAMENCO","description":"El canal para los amantes del flamenco","publisher":{"@id":"https:\/\/allflamenco.net\/en\/#organization"},"potentialAction":[{"@type":"SearchAction","target":{"@type":"EntryPoint","urlTemplate":"https:\/\/allflamenco.net\/en\/?s={search_term_string}"},"query-input":{"@type":"PropertyValueSpecification","valueRequired":true,"valueName":"search_term_string"}}],"inLanguage":"en-US"},{"@type":"Organization","@id":"https:\/\/allflamenco.net\/en\/#organization","name":"ALL FLAMENCO","alternateName":"AF","url":"https:\/\/allflamenco.net\/en\/","logo":{"@type":"ImageObject","inLanguage":"en-US","@id":"https:\/\/allflamenco.net\/en\/#\/schema\/logo\/image\/","url":"https:\/\/allflamenco.net\/wp-content\/uploads\/2023\/09\/logo-allflamenco.jpg","contentUrl":"https:\/\/allflamenco.net\/wp-content\/uploads\/2023\/09\/logo-allflamenco.jpg","width":696,"height":696,"caption":"ALL FLAMENCO"},"image":{"@id":"https:\/\/allflamenco.net\/en\/#\/schema\/logo\/image\/"},"sameAs":["https:\/\/www.facebook.com\/allflamenco","https:\/\/x.com\/all_flamenco","https:\/\/www.instagram.com\/allflamenco","https:\/\/www.pinterest.es\/allflamenco\/","https:\/\/www.youtube.com\/@ALLFLAMENCO","https:\/\/www.tiktok.com\/@allflamenco"]},{"@type":"Person","@id":"https:\/\/allflamenco.net\/en\/#\/schema\/person\/d719366e7dbfec3bf209ab328be58252","name":"operations","sameAs":["http:\/\/new.allflamenco.net"]}]}},"_links":{"self":[{"href":"https:\/\/allflamenco.net\/en\/wp-json\/wp\/v2\/posts\/388541","targetHints":{"allow":["GET"]}}],"collection":[{"href":"https:\/\/allflamenco.net\/en\/wp-json\/wp\/v2\/posts"}],"about":[{"href":"https:\/\/allflamenco.net\/en\/wp-json\/wp\/v2\/types\/post"}],"author":[{"embeddable":true,"href":"https:\/\/allflamenco.net\/en\/wp-json\/wp\/v2\/users\/1"}],"replies":[{"embeddable":true,"href":"https:\/\/allflamenco.net\/en\/wp-json\/wp\/v2\/comments?post=388541"}],"version-history":[{"count":25,"href":"https:\/\/allflamenco.net\/en\/wp-json\/wp\/v2\/posts\/388541\/revisions"}],"predecessor-version":[{"id":398564,"href":"https:\/\/allflamenco.net\/en\/wp-json\/wp\/v2\/posts\/388541\/revisions\/398564"}],"wp:featuredmedia":[{"embeddable":true,"href":"https:\/\/allflamenco.net\/en\/wp-json\/wp\/v2\/media\/398559"}],"wp:attachment":[{"href":"https:\/\/allflamenco.net\/en\/wp-json\/wp\/v2\/media?parent=388541"}],"wp:term":[{"taxonomy":"category","embeddable":true,"href":"https:\/\/allflamenco.net\/en\/wp-json\/wp\/v2\/categories?post=388541"},{"taxonomy":"post_tag","embeddable":true,"href":"https:\/\/allflamenco.net\/en\/wp-json\/wp\/v2\/tags?post=388541"}],"curies":[{"name":"wp","href":"https:\/\/api.w.org\/{rel}","templated":true}]}}