{"id":387403,"date":"2023-07-03T16:48:00","date_gmt":"2023-07-03T16:48:00","guid":{"rendered":"http:\/\/new.allflamenco.net\/jose-rodriguez-pena\/"},"modified":"2023-08-14T04:23:40","modified_gmt":"2023-08-14T04:23:40","slug":"jose-rodriguez-pena","status":"publish","type":"post","link":"https:\/\/allflamenco.net\/en\/blog\/jose-rodriguez-pena\/","title":{"rendered":"Jos\u00e9 Rodr\u00edguez Pe\u00f1a, guitar maker in extinction"},"content":{"rendered":"<p>[et_pb_section fb_built=&#8221;1&#8243; admin_label=&#8221;Social Sharing Buttons &#8221; _builder_version=&#8221;4.21.0&#8243; custom_margin=&#8221;0px|0px|0px|0px|true|true&#8221; custom_padding=&#8221;0px|0px|10px|0px|false|true&#8221; global_colors_info=&#8221;{}&#8221;][et_pb_row _builder_version=&#8221;4.21.0&#8243; background_size=&#8221;initial&#8221; background_position=&#8221;top_left&#8221; background_repeat=&#8221;repeat&#8221; max_width=&#8221;1280px&#8221; custom_padding=&#8221;0px|0px|0px|0px|false|false&#8221; global_colors_info=&#8221;{}&#8221;][et_pb_column type=&#8221;4_4&#8243; _builder_version=&#8221;4.21.0&#8243; _module_preset=&#8221;default&#8221; global_colors_info=&#8221;{}&#8221;][dssb_sharing_buttons icon_placement=&#8221;icon&#8221; columns=&#8221;6&#8243; icon_width=&#8221;fixed&#8221; alignment=&#8221;left&#8221; icon_color=&#8221;#111111&#8243; use_custom_icon_size=&#8221;on&#8221; icon_font_size=&#8221;16px&#8221; icon_bg=&#8221;#f4f4f4&#8243; _builder_version=&#8221;4.21.0&#8243; _module_preset=&#8221;default&#8221; border_radii_main=&#8221;on|4px|4px|4px|4px&#8221; border_radii_icon=&#8221;on|4px|4px|4px|4px&#8221; border_width_all_icon=&#8221;1px&#8221; border_color_all_icon=&#8221;#f4f4f4&#8243; border_color_all_icon_last_edited=&#8221;off|desktop&#8221; global_colors_info=&#8221;{}&#8221; border_color_all_icon__hover_enabled=&#8221;on|hover&#8221; border_color_all_icon__hover=&#8221;#111111&#8243;][dssb_sharing_button _builder_version=&#8221;4.21.0&#8243; _module_preset=&#8221;default&#8221; global_colors_info=&#8221;{}&#8221;][\/dssb_sharing_button][dssb_sharing_button social_network=&#8221;twitter&#8221; _builder_version=&#8221;4.21.0&#8243; _module_preset=&#8221;default&#8221; global_colors_info=&#8221;{}&#8221;][\/dssb_sharing_button][dssb_sharing_button social_network=&#8221;whatsapp&#8221; _builder_version=&#8221;4.21.0&#8243; _module_preset=&#8221;default&#8221; global_colors_info=&#8221;{}&#8221;][\/dssb_sharing_button][dssb_sharing_button social_network=&#8221;telegram&#8221; _builder_version=&#8221;4.21.0&#8243; _module_preset=&#8221;default&#8221; global_colors_info=&#8221;{}&#8221;][\/dssb_sharing_button][dssb_sharing_button social_network=&#8221;email&#8221; _builder_version=&#8221;4.21.0&#8243; _module_preset=&#8221;default&#8221; global_colors_info=&#8221;{}&#8221;][\/dssb_sharing_button][dssb_sharing_button social_network=&#8221;copy&#8221; _builder_version=&#8221;4.21.0&#8243; _module_preset=&#8221;default&#8221; global_colors_info=&#8221;{}&#8221;][\/dssb_sharing_button][\/dssb_sharing_buttons][\/et_pb_column][\/et_pb_row][\/et_pb_section][et_pb_section fb_built=&#8221;1&#8243; admin_label=&#8221;About&#8221; _builder_version=&#8221;4.21.0&#8243; _module_preset=&#8221;default&#8221; background_enable_color=&#8221;off&#8221; custom_margin=&#8221;2%||||false|false&#8221; custom_padding=&#8221;0px||0px|||&#8221; global_colors_info=&#8221;{}&#8221;][et_pb_row custom_padding_last_edited=&#8221;on|phone&#8221; _builder_version=&#8221;4.21.0&#8243; _module_preset=&#8221;default&#8221; background_color=&#8221;RGBA(255,255,255,0)&#8221; z_index=&#8221;11&#8243; width=&#8221;auto&#8221; max_width=&#8221;none&#8221; custom_margin=&#8221;|20px||25px|false|false&#8221; custom_padding=&#8221;0px|25px|0px|25px|true|true&#8221; custom_padding_tablet=&#8221;60px|30px|60px|30px|true|true&#8221; custom_padding_phone=&#8221;40px|20px|40px|20px|true|true&#8221; global_colors_info=&#8221;{}&#8221;][et_pb_column type=&#8221;4_4&#8243; _builder_version=&#8221;4.21.0&#8243; _module_preset=&#8221;default&#8221; global_colors_info=&#8221;{}&#8221;][et_pb_text _builder_version=&#8221;4.21.0&#8243; _module_preset=&#8221;b0bf5418-994a-43d1-aef8-7d7c6764119d&#8221; text_font=&#8221;Domine||||||||&#8221; text_text_color=&#8221;#000000&#8243; text_font_size=&#8221;25px&#8221; text_line_height=&#8221;35em&#8221; header_font=&#8221;Yusei Magic||||||||&#8221; header_text_color=&#8221;#000000&#8243; header_font_size=&#8221;80px&#8221; header_line_height=&#8221;1.2em&#8221; text_orientation=&#8221;center&#8221; background_layout=&#8221;dark&#8221; header_font_size_tablet=&#8221;72px&#8221; header_font_size_phone=&#8221;32px&#8221; header_font_size_last_edited=&#8221;on|phone&#8221; global_colors_info=&#8221;{}&#8221;]<\/p>\n<p style=\"text-align: left;\">He prefers to be called a guitarist rather than a <em>luthier<\/em> and considers Cordoba to be one of the main cradles of the best guitar craftsmen. There are very few left who make this instrument with their mastery, and there seems to be no generational replacement. <\/p>\n<p>[\/et_pb_text][\/et_pb_column][\/et_pb_row][et_pb_row _builder_version=&#8221;4.22.0&#8243; _module_preset=&#8221;default&#8221; hover_enabled=&#8221;0&#8243; global_colors_info=&#8221;{}&#8221; max_width=&#8221;none&#8221; sticky_enabled=&#8221;0&#8243;][et_pb_column type=&#8221;4_4&#8243; _builder_version=&#8221;4.21.0&#8243; _module_preset=&#8221;default&#8221; global_colors_info=&#8221;{}&#8221;][et_pb_image src=&#8221;@ET-DC@eyJkeW5hbWljIjp0cnVlLCJjb250ZW50IjoicG9zdF9mZWF0dXJlZF9pbWFnZSIsInNldHRpbmdzIjp7fX0=@&#8221; _builder_version=&#8221;4.22.0&#8243; _dynamic_attributes=&#8221;src&#8221; _module_preset=&#8221;default&#8221; hover_enabled=&#8221;0&#8243; global_colors_info=&#8221;{}&#8221; sticky_enabled=&#8221;0&#8243;][\/et_pb_image][\/et_pb_column][\/et_pb_row][\/et_pb_section][et_pb_section fb_built=&#8221;1&#8243; _builder_version=&#8221;4.21.0&#8243; _module_preset=&#8221;default&#8221; custom_margin=&#8221;10px||10px||false|false&#8221; custom_padding=&#8221;10px||10px||false|false&#8221; global_colors_info=&#8221;{}&#8221;][et_pb_row _builder_version=&#8221;4.21.0&#8243; _module_preset=&#8221;default&#8221; width=&#8221;95.7%&#8221; custom_margin=&#8221;-21px|8px||15px|false|false&#8221; custom_padding=&#8221;|10px||15px|false|false&#8221; global_colors_info=&#8221;{}&#8221;][et_pb_column type=&#8221;4_4&#8243; _builder_version=&#8221;4.21.0&#8243; _module_preset=&#8221;default&#8221; global_colors_info=&#8221;{}&#8221;][et_pb_text _builder_version=&#8221;4.21.0&#8243; _module_preset=&#8221;b0bf5418-994a-43d1-aef8-7d7c6764119d&#8221; text_font=&#8221;Domine||||||||&#8221; text_text_color=&#8221;#000000&#8243; text_font_size=&#8221;20px&#8221; text_line_height=&#8221;32em&#8221; header_font=&#8221;Yusei Magic||||||||&#8221; header_text_color=&#8221;#000000&#8243; header_font_size=&#8221;80px&#8221; header_line_height=&#8221;1.2em&#8221; text_orientation=&#8221;center&#8221; background_layout=&#8221;dark&#8221; custom_margin=&#8221;|20px||-6px|false|false&#8221; custom_padding=&#8221;|20px||20px|false|false&#8221; header_font_size_tablet=&#8221;72px&#8221; header_font_size_phone=&#8221;32px&#8221; header_font_size_last_edited=&#8221;on|phone&#8221; global_colors_info=&#8221;{}&#8221;]<\/p>\n<p style=\"text-align: left;\">In March 2023, the Junta de Andaluc\u00eda granted him certification as a master craftsman, <span>the highest recognition in his profession by the Junta and which accredits that the master has the appropriate knowledge and practices in the craft trade.<\/span> <\/p>\n<p style=\"text-align: left;\"><span>It is never too late, but Jos\u00e9 Luis Rodr\u00edguez Pe\u00f1a has been making guitars in this way in his workshop in Cordoba since 1971. His fame and prestige is worldwide, and his clients are proof of this: Paco and Pepe de Luc\u00eda, Los Panchos, Vicente Amigo, Alejandro Sanz, Paco Serrano and Miguel Barber\u00e1, among many others.<\/span><\/p>\n<p>[\/et_pb_text][et_pb_image src=&#8221;https:\/\/allflamenco.net\/wp-content\/uploads\/2023\/07\/cipre_1_especial.jpg&#8221; alt=&#8221;Guitars Jos\u00e9 Rodr\u00edguez&#8221; title_text=&#8221;cipre_1_especial&#8221; _builder_version=&#8221;4.22.0&#8243; _module_preset=&#8221;default&#8221; module_alignment=&#8221;left&#8221; hover_enabled=&#8221;0&#8243; enable_caption_text=&#8221;on&#8221; image_caption_font=&#8221;Domine||||||||&#8221; image_caption_color=&#8221;#000000&#8243; image_caption_size=&#8221;11px&#8221; image_caption_lineheight=&#8221;1em&#8221; image_caption_alignment=&#8221;right&#8221; image_description_font=&#8221;Domine||||||||&#8221; image_description_color=&#8221;#000000&#8243; image_description_size=&#8221;16px&#8221; global_colors_info=&#8221;{}&#8221; sticky_enabled=&#8221;0&#8243;][\/et_pb_image][et_pb_text _builder_version=&#8221;4.21.0&#8243; _module_preset=&#8221;b0bf5418-994a-43d1-aef8-7d7c6764119d&#8221; text_font=&#8221;Domine||||||||&#8221; text_text_color=&#8221;#000000&#8243; text_font_size=&#8221;20px&#8221; text_line_height=&#8221;32em&#8221; header_font=&#8221;Yusei Magic||||||||&#8221; header_text_color=&#8221;#000000&#8243; header_font_size=&#8221;80px&#8221; header_line_height=&#8221;1.2em&#8221; text_orientation=&#8221;center&#8221; background_layout=&#8221;dark&#8221; custom_margin=&#8221;|20px||-6px|false|false&#8221; custom_padding=&#8221;|20px||20px|false|false&#8221; header_font_size_tablet=&#8221;72px&#8221; header_font_size_phone=&#8221;32px&#8221; header_font_size_last_edited=&#8221;on|phone&#8221; global_colors_info=&#8221;{}&#8221;]<\/p>\n<h2 style=\"text-align: left;\"><span style=\"color: #000000;\">Guitars with soul<\/span><\/h2>\n<p style=\"text-align: left;\">He started building guitars at the age of 12. He put the strings. In his beginnings in this trade, he met great craftsmen such as Manuel Reyes and Miguel Rodr\u00edguez, whom Jos\u00e9 Luis names as his main influences.<\/p>\n<p style=\"text-align: left;\"><span>In 1971, he decided to have his own workshop in his homeland, And\u00fajar, and years later he would work in the same workshop where he still works every day, located in a central area of Cordoba. He explained to the newspaper <em>C\u00f3rdoba Hoy<\/em> that he rents the premises. &#8220;This profession doesn&#8217;t give you much to do,&#8221; he told this newspaper&#8217;s interviewer. His daughters have not followed in his footsteps, so it seems that Jos\u00e9 Rodr\u00edguez sadly has no successor to prevent his wisdom from being lost. <\/span><\/p>\n<p>[\/et_pb_text][et_pb_text _builder_version=&#8221;4.21.0&#8243; _module_preset=&#8221;b0bf5418-994a-43d1-aef8-7d7c6764119d&#8221; text_font=&#8221;Domine||||||||&#8221; text_text_color=&#8221;#000000&#8243; text_font_size=&#8221;20px&#8221; text_line_height=&#8221;32em&#8221; header_font=&#8221;Yusei Magic||||||||&#8221; header_text_color=&#8221;#000000&#8243; header_font_size=&#8221;80px&#8221; header_line_height=&#8221;1.2em&#8221; text_orientation=&#8221;center&#8221; background_layout=&#8221;dark&#8221; custom_margin=&#8221;|20px||-6px|false|false&#8221; custom_padding=&#8221;|20px||20px|false|false&#8221; header_font_size_tablet=&#8221;72px&#8221; header_font_size_phone=&#8221;32px&#8221; header_font_size_last_edited=&#8221;on|phone&#8221; global_colors_info=&#8221;{}&#8221;]<\/p>\n<h2 style=\"text-align: left;\"><span style=\"color: #000000;\">Behind the guitars of Jos\u00e9 Rodr\u00edguez<\/span><\/h2>\n<p style=\"text-align: left;\"><span>Jos\u00e9 Rodr\u00edguez Pe\u00f1a makes high quality handcrafted guitars, both classical and flamenco. Among his techniques are the use of the stump varnish or gluing with rabbit glue. His instruments are numbered and exclusive, because as he himself says, no two guitars are the same. <\/span><\/p>\n<p style=\"text-align: left;\"><span>The fundamental work in the manufacture of these pieces begins with the wood. The master craftsman reports that this<\/span>must have optimum drying conditions of at least 10 years. Among the fundamental parts of the guitar is the top, but without disregarding the sides and the back, which are of great importance in its final sound. Therefore, the selection of the inner timbers to be used in the harmonic bars and so on is very important.<\/p>\n<p style=\"text-align: left;\"><span>Once the guitar has been built, lacquering is very important for the sound of the guitar, which should be done with shellac and a lacquering knife. In Jos\u00e9 Rodr\u00edguez&#8217;s video below, <strong>you can see a wonderful report on the steps involved in making a unique guitar.<\/strong> <\/span><\/p>\n<p>[\/et_pb_text][et_pb_text _builder_version=&#8221;4.21.0&#8243; _module_preset=&#8221;default&#8221; text_font=&#8221;Domine||||||||&#8221; text_text_color=&#8221;#000000&#8243; text_font_size=&#8221;18px&#8221; background_layout=&#8221;dark&#8221; global_colors_info=&#8221;{}&#8221;]<\/p>\n<p><strong>Jos\u00e9 Rodr\u00edguez Guitarras<br \/><\/strong><span><\/span> C\/San Pablo, 10. Cordoba (Spain)<br \/><a href=\"http:\/\/www.guitarrasjoserodriguez.es\">Guitarrasjoserodriguez.es<\/a><\/p>\n<p>[\/et_pb_text][\/et_pb_column][\/et_pb_row][\/et_pb_section][et_pb_section fb_built=&#8221;1&#8243; admin_label=&#8221;Header&#8221; _builder_version=&#8221;4.21.0&#8243; _module_preset=&#8221;default&#8221; background_color=&#8221;#000000&#8243; min_height=&#8221;132.3px&#8221; collapsed=&#8221;on&#8221; global_colors_info=&#8221;{}&#8221;][et_pb_row _builder_version=&#8221;4.19.0&#8243; _module_preset=&#8221;default&#8221; global_colors_info=&#8221;{}&#8221;][et_pb_column type=&#8221;4_4&#8243; _builder_version=&#8221;4.19.0&#8243; _module_preset=&#8221;default&#8221; global_colors_info=&#8221;{}&#8221;][et_pb_text _builder_version=&#8221;4.21.0&#8243; _module_preset=&#8221;a99ce486-8b83-448f-be02-f270ad36a1ba&#8221; header_2_font=&#8221;Domine|700|||||||&#8221; header_2_text_color=&#8221;#FFFFFF&#8221; header_2_text_shadow_style=&#8221;preset5&#8243; global_colors_info=&#8221;{}&#8221;]<\/p>\n<h2>JOS\u00c9 RODR\u00cdGUEZ DEMONSTRATES THE STEPS INVOLVED IN MAKING A GUITAR<\/h2>\n<p>[\/et_pb_text][\/et_pb_column][\/et_pb_row][et_pb_row _builder_version=&#8221;4.21.0&#8243; _module_preset=&#8221;default&#8221; global_colors_info=&#8221;{}&#8221;][et_pb_column type=&#8221;4_4&#8243; _builder_version=&#8221;4.21.0&#8243; _module_preset=&#8221;default&#8221; global_colors_info=&#8221;{}&#8221;][et_pb_video src=&#8221;https:\/\/vimeo.com\/845089570?share=copy&#8221; image_src=&#8221;https:\/\/i.vimeocdn.com\/video\/1697427323-aedc9e1238903bf7f9f484ee8245b4ede123ba15250dbce9c69a0356d2a10f8c-d_295x166&#8243; thumbnail_overlay_color=&#8221;RGBA(255,255,255,0)&#8221; _builder_version=&#8221;4.21.0&#8243; _module_preset=&#8221;default&#8221; global_colors_info=&#8221;{}&#8221;][\/et_pb_video][\/et_pb_column][\/et_pb_row][\/et_pb_section]<\/p>\n","protected":false},"excerpt":{"rendered":"<p>Jos\u00e9 Rodr\u00edguez&#8217;s flamenco guitars made in his workshop in Cordoba are among the best in the world. <\/p>\n","protected":false},"author":1,"featured_media":394008,"comment_status":"open","ping_status":"open","sticky":false,"template":"","format":"standard","meta":{"_et_pb_use_builder":"on","_et_pb_old_content":"","_et_gb_content_width":"","footnotes":""},"categories":[174],"tags":[],"class_list":["post-387403","post","type-post","status-publish","format-standard","has-post-thumbnail","hentry","category-flamenco-instruments"],"yoast_head":"<!-- This site is optimized with the Yoast SEO plugin v26.8 - https:\/\/yoast.com\/product\/yoast-seo-wordpress\/ -->\n<title>Jos\u00e9 Rodr\u00edguez Pe\u00f1a, guitar maker in extinction - ALL FLAMENCO<\/title>\n<meta name=\"description\" content=\"In 2023, the Junta de Andaluc\u00eda awarded Jos\u00e9 Rodr\u00edguez, of Guitarras Jos\u00e9 Rodr\u00edguez, the title of master craftsman.\" \/>\n<meta name=\"robots\" content=\"index, follow, max-snippet:-1, max-image-preview:large, max-video-preview:-1\" \/>\n<link rel=\"canonical\" href=\"https:\/\/allflamenco.net\/en\/blog\/jose-rodriguez-pena\/\" \/>\n<meta property=\"og:locale\" content=\"en_US\" \/>\n<meta property=\"og:type\" content=\"article\" \/>\n<meta property=\"og:title\" content=\"Jos\u00e9 Rodr\u00edguez Pe\u00f1a, guitar maker in extinction - ALL FLAMENCO\" \/>\n<meta property=\"og:description\" content=\"In 2023, the Junta de Andaluc\u00eda awarded Jos\u00e9 Rodr\u00edguez, of Guitarras Jos\u00e9 Rodr\u00edguez, the title of master craftsman.\" \/>\n<meta property=\"og:url\" content=\"https:\/\/allflamenco.net\/en\/blog\/jose-rodriguez-pena\/\" \/>\n<meta property=\"og:site_name\" content=\"ALL FLAMENCO\" \/>\n<meta property=\"article:publisher\" content=\"https:\/\/www.facebook.com\/allflamenco\" \/>\n<meta property=\"article:published_time\" content=\"2023-07-03T16:48:00+00:00\" \/>\n<meta property=\"article:modified_time\" content=\"2023-08-14T04:23:40+00:00\" \/>\n<meta property=\"og:image\" content=\"https:\/\/allflamenco.net\/wp-content\/uploads\/2023\/07\/Jose-Rodriguez-Pena-1.jpg\" \/>\n\t<meta property=\"og:image:width\" content=\"1280\" \/>\n\t<meta property=\"og:image:height\" content=\"768\" \/>\n\t<meta property=\"og:image:type\" content=\"image\/jpeg\" \/>\n<meta name=\"author\" content=\"operations\" \/>\n<meta name=\"twitter:card\" content=\"summary_large_image\" \/>\n<meta name=\"twitter:creator\" content=\"@all_flamenco\" \/>\n<meta name=\"twitter:site\" content=\"@all_flamenco\" \/>\n<meta name=\"twitter:label1\" content=\"Written by\" \/>\n\t<meta name=\"twitter:data1\" content=\"operations\" \/>\n\t<meta name=\"twitter:label2\" content=\"Est. reading time\" \/>\n\t<meta name=\"twitter:data2\" content=\"8 minutes\" \/>\n<script type=\"application\/ld+json\" class=\"yoast-schema-graph\">{\"@context\":\"https:\/\/schema.org\",\"@graph\":[{\"@type\":\"Article\",\"@id\":\"https:\/\/allflamenco.net\/en\/blog\/jose-rodriguez-pena\/#article\",\"isPartOf\":{\"@id\":\"https:\/\/allflamenco.net\/en\/blog\/jose-rodriguez-pena\/\"},\"author\":{\"name\":\"operations\",\"@id\":\"https:\/\/allflamenco.net\/en\/#\/schema\/person\/d719366e7dbfec3bf209ab328be58252\"},\"headline\":\"Jos\u00e9 Rodr\u00edguez Pe\u00f1a, guitar maker in extinction\",\"datePublished\":\"2023-07-03T16:48:00+00:00\",\"dateModified\":\"2023-08-14T04:23:40+00:00\",\"mainEntityOfPage\":{\"@id\":\"https:\/\/allflamenco.net\/en\/blog\/jose-rodriguez-pena\/\"},\"wordCount\":1603,\"commentCount\":0,\"publisher\":{\"@id\":\"https:\/\/allflamenco.net\/en\/#organization\"},\"image\":{\"@id\":\"https:\/\/allflamenco.net\/en\/blog\/jose-rodriguez-pena\/#primaryimage\"},\"thumbnailUrl\":\"https:\/\/allflamenco.net\/wp-content\/uploads\/2023\/07\/Jose-Rodriguez-Pena-1.jpg\",\"articleSection\":[\"Flamenco instruments\"],\"inLanguage\":\"en-US\",\"potentialAction\":[{\"@type\":\"CommentAction\",\"name\":\"Comment\",\"target\":[\"https:\/\/allflamenco.net\/en\/blog\/jose-rodriguez-pena\/#respond\"]}]},{\"@type\":\"WebPage\",\"@id\":\"https:\/\/allflamenco.net\/en\/blog\/jose-rodriguez-pena\/\",\"url\":\"https:\/\/allflamenco.net\/en\/blog\/jose-rodriguez-pena\/\",\"name\":\"Jos\u00e9 Rodr\u00edguez Pe\u00f1a, guitar maker in extinction - ALL FLAMENCO\",\"isPartOf\":{\"@id\":\"https:\/\/allflamenco.net\/en\/#website\"},\"primaryImageOfPage\":{\"@id\":\"https:\/\/allflamenco.net\/en\/blog\/jose-rodriguez-pena\/#primaryimage\"},\"image\":{\"@id\":\"https:\/\/allflamenco.net\/en\/blog\/jose-rodriguez-pena\/#primaryimage\"},\"thumbnailUrl\":\"https:\/\/allflamenco.net\/wp-content\/uploads\/2023\/07\/Jose-Rodriguez-Pena-1.jpg\",\"datePublished\":\"2023-07-03T16:48:00+00:00\",\"dateModified\":\"2023-08-14T04:23:40+00:00\",\"description\":\"In 2023, the Junta de Andaluc\u00eda awarded Jos\u00e9 Rodr\u00edguez, of Guitarras Jos\u00e9 Rodr\u00edguez, the title of master craftsman.\",\"breadcrumb\":{\"@id\":\"https:\/\/allflamenco.net\/en\/blog\/jose-rodriguez-pena\/#breadcrumb\"},\"inLanguage\":\"en-US\",\"potentialAction\":[{\"@type\":\"ReadAction\",\"target\":[\"https:\/\/allflamenco.net\/en\/blog\/jose-rodriguez-pena\/\"]}]},{\"@type\":\"ImageObject\",\"inLanguage\":\"en-US\",\"@id\":\"https:\/\/allflamenco.net\/en\/blog\/jose-rodriguez-pena\/#primaryimage\",\"url\":\"https:\/\/allflamenco.net\/wp-content\/uploads\/2023\/07\/Jose-Rodriguez-Pena-1.jpg\",\"contentUrl\":\"https:\/\/allflamenco.net\/wp-content\/uploads\/2023\/07\/Jose-Rodriguez-Pena-1.jpg\",\"width\":1280,\"height\":768,\"caption\":\"Jos\u00e9 Rodr\u00edguez Pe\u00f1a\"},{\"@type\":\"BreadcrumbList\",\"@id\":\"https:\/\/allflamenco.net\/en\/blog\/jose-rodriguez-pena\/#breadcrumb\",\"itemListElement\":[{\"@type\":\"ListItem\",\"position\":1,\"name\":\"Home\",\"item\":\"https:\/\/allflamenco.net\/en\/\"},{\"@type\":\"ListItem\",\"position\":2,\"name\":\"Jos\u00e9 Rodr\u00edguez Pe\u00f1a, guitar maker in extinction\"}]},{\"@type\":\"WebSite\",\"@id\":\"https:\/\/allflamenco.net\/en\/#website\",\"url\":\"https:\/\/allflamenco.net\/en\/\",\"name\":\"ALL FLAMENCO\",\"description\":\"El canal para los amantes del flamenco\",\"publisher\":{\"@id\":\"https:\/\/allflamenco.net\/en\/#organization\"},\"potentialAction\":[{\"@type\":\"SearchAction\",\"target\":{\"@type\":\"EntryPoint\",\"urlTemplate\":\"https:\/\/allflamenco.net\/en\/?s={search_term_string}\"},\"query-input\":{\"@type\":\"PropertyValueSpecification\",\"valueRequired\":true,\"valueName\":\"search_term_string\"}}],\"inLanguage\":\"en-US\"},{\"@type\":\"Organization\",\"@id\":\"https:\/\/allflamenco.net\/en\/#organization\",\"name\":\"ALL FLAMENCO\",\"alternateName\":\"AF\",\"url\":\"https:\/\/allflamenco.net\/en\/\",\"logo\":{\"@type\":\"ImageObject\",\"inLanguage\":\"en-US\",\"@id\":\"https:\/\/allflamenco.net\/en\/#\/schema\/logo\/image\/\",\"url\":\"https:\/\/allflamenco.net\/wp-content\/uploads\/2023\/09\/logo-allflamenco.jpg\",\"contentUrl\":\"https:\/\/allflamenco.net\/wp-content\/uploads\/2023\/09\/logo-allflamenco.jpg\",\"width\":696,\"height\":696,\"caption\":\"ALL FLAMENCO\"},\"image\":{\"@id\":\"https:\/\/allflamenco.net\/en\/#\/schema\/logo\/image\/\"},\"sameAs\":[\"https:\/\/www.facebook.com\/allflamenco\",\"https:\/\/x.com\/all_flamenco\",\"https:\/\/www.instagram.com\/allflamenco\",\"https:\/\/www.pinterest.es\/allflamenco\/\",\"https:\/\/www.youtube.com\/@ALLFLAMENCO\",\"https:\/\/www.tiktok.com\/@allflamenco\"]},{\"@type\":\"Person\",\"@id\":\"https:\/\/allflamenco.net\/en\/#\/schema\/person\/d719366e7dbfec3bf209ab328be58252\",\"name\":\"operations\",\"sameAs\":[\"http:\/\/new.allflamenco.net\"]}]}<\/script>\n<!-- \/ Yoast SEO plugin. -->","yoast_head_json":{"title":"Jos\u00e9 Rodr\u00edguez Pe\u00f1a, guitar maker in extinction - ALL FLAMENCO","description":"In 2023, the Junta de Andaluc\u00eda awarded Jos\u00e9 Rodr\u00edguez, of Guitarras Jos\u00e9 Rodr\u00edguez, the title of master craftsman.","robots":{"index":"index","follow":"follow","max-snippet":"max-snippet:-1","max-image-preview":"max-image-preview:large","max-video-preview":"max-video-preview:-1"},"canonical":"https:\/\/allflamenco.net\/en\/blog\/jose-rodriguez-pena\/","og_locale":"en_US","og_type":"article","og_title":"Jos\u00e9 Rodr\u00edguez Pe\u00f1a, guitar maker in extinction - ALL FLAMENCO","og_description":"In 2023, the Junta de Andaluc\u00eda awarded Jos\u00e9 Rodr\u00edguez, of Guitarras Jos\u00e9 Rodr\u00edguez, the title of master craftsman.","og_url":"https:\/\/allflamenco.net\/en\/blog\/jose-rodriguez-pena\/","og_site_name":"ALL FLAMENCO","article_publisher":"https:\/\/www.facebook.com\/allflamenco","article_published_time":"2023-07-03T16:48:00+00:00","article_modified_time":"2023-08-14T04:23:40+00:00","og_image":[{"width":1280,"height":768,"url":"https:\/\/allflamenco.net\/wp-content\/uploads\/2023\/07\/Jose-Rodriguez-Pena-1.jpg","type":"image\/jpeg"}],"author":"operations","twitter_card":"summary_large_image","twitter_creator":"@all_flamenco","twitter_site":"@all_flamenco","twitter_misc":{"Written by":"operations","Est. reading time":"8 minutes"},"schema":{"@context":"https:\/\/schema.org","@graph":[{"@type":"Article","@id":"https:\/\/allflamenco.net\/en\/blog\/jose-rodriguez-pena\/#article","isPartOf":{"@id":"https:\/\/allflamenco.net\/en\/blog\/jose-rodriguez-pena\/"},"author":{"name":"operations","@id":"https:\/\/allflamenco.net\/en\/#\/schema\/person\/d719366e7dbfec3bf209ab328be58252"},"headline":"Jos\u00e9 Rodr\u00edguez Pe\u00f1a, guitar maker in extinction","datePublished":"2023-07-03T16:48:00+00:00","dateModified":"2023-08-14T04:23:40+00:00","mainEntityOfPage":{"@id":"https:\/\/allflamenco.net\/en\/blog\/jose-rodriguez-pena\/"},"wordCount":1603,"commentCount":0,"publisher":{"@id":"https:\/\/allflamenco.net\/en\/#organization"},"image":{"@id":"https:\/\/allflamenco.net\/en\/blog\/jose-rodriguez-pena\/#primaryimage"},"thumbnailUrl":"https:\/\/allflamenco.net\/wp-content\/uploads\/2023\/07\/Jose-Rodriguez-Pena-1.jpg","articleSection":["Flamenco instruments"],"inLanguage":"en-US","potentialAction":[{"@type":"CommentAction","name":"Comment","target":["https:\/\/allflamenco.net\/en\/blog\/jose-rodriguez-pena\/#respond"]}]},{"@type":"WebPage","@id":"https:\/\/allflamenco.net\/en\/blog\/jose-rodriguez-pena\/","url":"https:\/\/allflamenco.net\/en\/blog\/jose-rodriguez-pena\/","name":"Jos\u00e9 Rodr\u00edguez Pe\u00f1a, guitar maker in extinction - ALL FLAMENCO","isPartOf":{"@id":"https:\/\/allflamenco.net\/en\/#website"},"primaryImageOfPage":{"@id":"https:\/\/allflamenco.net\/en\/blog\/jose-rodriguez-pena\/#primaryimage"},"image":{"@id":"https:\/\/allflamenco.net\/en\/blog\/jose-rodriguez-pena\/#primaryimage"},"thumbnailUrl":"https:\/\/allflamenco.net\/wp-content\/uploads\/2023\/07\/Jose-Rodriguez-Pena-1.jpg","datePublished":"2023-07-03T16:48:00+00:00","dateModified":"2023-08-14T04:23:40+00:00","description":"In 2023, the Junta de Andaluc\u00eda awarded Jos\u00e9 Rodr\u00edguez, of Guitarras Jos\u00e9 Rodr\u00edguez, the title of master craftsman.","breadcrumb":{"@id":"https:\/\/allflamenco.net\/en\/blog\/jose-rodriguez-pena\/#breadcrumb"},"inLanguage":"en-US","potentialAction":[{"@type":"ReadAction","target":["https:\/\/allflamenco.net\/en\/blog\/jose-rodriguez-pena\/"]}]},{"@type":"ImageObject","inLanguage":"en-US","@id":"https:\/\/allflamenco.net\/en\/blog\/jose-rodriguez-pena\/#primaryimage","url":"https:\/\/allflamenco.net\/wp-content\/uploads\/2023\/07\/Jose-Rodriguez-Pena-1.jpg","contentUrl":"https:\/\/allflamenco.net\/wp-content\/uploads\/2023\/07\/Jose-Rodriguez-Pena-1.jpg","width":1280,"height":768,"caption":"Jos\u00e9 Rodr\u00edguez Pe\u00f1a"},{"@type":"BreadcrumbList","@id":"https:\/\/allflamenco.net\/en\/blog\/jose-rodriguez-pena\/#breadcrumb","itemListElement":[{"@type":"ListItem","position":1,"name":"Home","item":"https:\/\/allflamenco.net\/en\/"},{"@type":"ListItem","position":2,"name":"Jos\u00e9 Rodr\u00edguez Pe\u00f1a, guitar maker in extinction"}]},{"@type":"WebSite","@id":"https:\/\/allflamenco.net\/en\/#website","url":"https:\/\/allflamenco.net\/en\/","name":"ALL FLAMENCO","description":"El canal para los amantes del flamenco","publisher":{"@id":"https:\/\/allflamenco.net\/en\/#organization"},"potentialAction":[{"@type":"SearchAction","target":{"@type":"EntryPoint","urlTemplate":"https:\/\/allflamenco.net\/en\/?s={search_term_string}"},"query-input":{"@type":"PropertyValueSpecification","valueRequired":true,"valueName":"search_term_string"}}],"inLanguage":"en-US"},{"@type":"Organization","@id":"https:\/\/allflamenco.net\/en\/#organization","name":"ALL FLAMENCO","alternateName":"AF","url":"https:\/\/allflamenco.net\/en\/","logo":{"@type":"ImageObject","inLanguage":"en-US","@id":"https:\/\/allflamenco.net\/en\/#\/schema\/logo\/image\/","url":"https:\/\/allflamenco.net\/wp-content\/uploads\/2023\/09\/logo-allflamenco.jpg","contentUrl":"https:\/\/allflamenco.net\/wp-content\/uploads\/2023\/09\/logo-allflamenco.jpg","width":696,"height":696,"caption":"ALL FLAMENCO"},"image":{"@id":"https:\/\/allflamenco.net\/en\/#\/schema\/logo\/image\/"},"sameAs":["https:\/\/www.facebook.com\/allflamenco","https:\/\/x.com\/all_flamenco","https:\/\/www.instagram.com\/allflamenco","https:\/\/www.pinterest.es\/allflamenco\/","https:\/\/www.youtube.com\/@ALLFLAMENCO","https:\/\/www.tiktok.com\/@allflamenco"]},{"@type":"Person","@id":"https:\/\/allflamenco.net\/en\/#\/schema\/person\/d719366e7dbfec3bf209ab328be58252","name":"operations","sameAs":["http:\/\/new.allflamenco.net"]}]}},"_links":{"self":[{"href":"https:\/\/allflamenco.net\/en\/wp-json\/wp\/v2\/posts\/387403","targetHints":{"allow":["GET"]}}],"collection":[{"href":"https:\/\/allflamenco.net\/en\/wp-json\/wp\/v2\/posts"}],"about":[{"href":"https:\/\/allflamenco.net\/en\/wp-json\/wp\/v2\/types\/post"}],"author":[{"embeddable":true,"href":"https:\/\/allflamenco.net\/en\/wp-json\/wp\/v2\/users\/1"}],"replies":[{"embeddable":true,"href":"https:\/\/allflamenco.net\/en\/wp-json\/wp\/v2\/comments?post=387403"}],"version-history":[{"count":10,"href":"https:\/\/allflamenco.net\/en\/wp-json\/wp\/v2\/posts\/387403\/revisions"}],"predecessor-version":[{"id":394018,"href":"https:\/\/allflamenco.net\/en\/wp-json\/wp\/v2\/posts\/387403\/revisions\/394018"}],"wp:featuredmedia":[{"embeddable":true,"href":"https:\/\/allflamenco.net\/en\/wp-json\/wp\/v2\/media\/394008"}],"wp:attachment":[{"href":"https:\/\/allflamenco.net\/en\/wp-json\/wp\/v2\/media?parent=387403"}],"wp:term":[{"taxonomy":"category","embeddable":true,"href":"https:\/\/allflamenco.net\/en\/wp-json\/wp\/v2\/categories?post=387403"},{"taxonomy":"post_tag","embeddable":true,"href":"https:\/\/allflamenco.net\/en\/wp-json\/wp\/v2\/tags?post=387403"}],"curies":[{"name":"wp","href":"https:\/\/api.w.org\/{rel}","templated":true}]}}