{"id":387166,"date":"2023-08-11T18:25:44","date_gmt":"2023-08-11T18:25:44","guid":{"rendered":"http:\/\/new.allflamenco.net\/bodegas-alfaro\/"},"modified":"2023-08-21T19:38:20","modified_gmt":"2023-08-21T19:38:20","slug":"wineries-alfaro-flamenco-in-madrid","status":"publish","type":"post","link":"https:\/\/allflamenco.net\/en\/blog\/wineries-alfaro-flamenco-in-madrid\/","title":{"rendered":"Bodegas Alfaro: flamenco tavern of traditional Madrid"},"content":{"rendered":"<p>[et_pb_section fb_built=&#8221;1&#8243; admin_label=&#8221;Social Sharing Buttons &#8221; _builder_version=&#8221;4.21.0&#8243; custom_margin=&#8221;0px|0px|0px|0px|true|true&#8221; custom_padding=&#8221;0px|0px|10px|0px|false|true&#8221; global_colors_info=&#8221;{}&#8221;][et_pb_row _builder_version=&#8221;4.21.0&#8243; background_size=&#8221;initial&#8221; background_position=&#8221;top_left&#8221; background_repeat=&#8221;repeat&#8221; max_width=&#8221;1280px&#8221; custom_padding=&#8221;0px|0px|0px|0px|false|false&#8221; global_colors_info=&#8221;{}&#8221;][et_pb_column type=&#8221;4_4&#8243; _builder_version=&#8221;4.21.0&#8243; _module_preset=&#8221;default&#8221; global_colors_info=&#8221;{}&#8221;][dssb_sharing_buttons icon_placement=&#8221;icon&#8221; columns=&#8221;6&#8243; icon_width=&#8221;fixed&#8221; alignment=&#8221;left&#8221; icon_color=&#8221;#111111&#8243; use_custom_icon_size=&#8221;on&#8221; icon_font_size=&#8221;16px&#8221; icon_bg=&#8221;#f4f4f4&#8243; _builder_version=&#8221;4.21.0&#8243; _module_preset=&#8221;default&#8221; border_radii_main=&#8221;on|4px|4px|4px|4px&#8221; border_radii_icon=&#8221;on|4px|4px|4px|4px&#8221; border_width_all_icon=&#8221;1px&#8221; border_color_all_icon=&#8221;#f4f4f4&#8243; border_color_all_icon_last_edited=&#8221;off|desktop&#8221; global_colors_info=&#8221;{}&#8221; border_color_all_icon__hover_enabled=&#8221;on|hover&#8221; border_color_all_icon__hover=&#8221;#111111&#8243;][dssb_sharing_button _builder_version=&#8221;4.21.0&#8243; _module_preset=&#8221;default&#8221; global_colors_info=&#8221;{}&#8221;][\/dssb_sharing_button][dssb_sharing_button social_network=&#8221;twitter&#8221; _builder_version=&#8221;4.21.0&#8243; _module_preset=&#8221;default&#8221; global_colors_info=&#8221;{}&#8221;][\/dssb_sharing_button][dssb_sharing_button social_network=&#8221;whatsapp&#8221; _builder_version=&#8221;4.21.0&#8243; _module_preset=&#8221;default&#8221; global_colors_info=&#8221;{}&#8221;][\/dssb_sharing_button][dssb_sharing_button social_network=&#8221;telegram&#8221; _builder_version=&#8221;4.21.0&#8243; _module_preset=&#8221;default&#8221; global_colors_info=&#8221;{}&#8221;][\/dssb_sharing_button][dssb_sharing_button social_network=&#8221;email&#8221; _builder_version=&#8221;4.21.0&#8243; _module_preset=&#8221;default&#8221; global_colors_info=&#8221;{}&#8221;][\/dssb_sharing_button][dssb_sharing_button social_network=&#8221;copy&#8221; _builder_version=&#8221;4.21.0&#8243; _module_preset=&#8221;default&#8221; global_colors_info=&#8221;{}&#8221;][\/dssb_sharing_button][\/dssb_sharing_buttons][\/et_pb_column][\/et_pb_row][\/et_pb_section][et_pb_section fb_built=&#8221;1&#8243; admin_label=&#8221;Header&#8221; _builder_version=&#8221;4.21.0&#8243; background_enable_color=&#8221;off&#8221; custom_margin=&#8221;5%|0px|0px|0px|false|false&#8221; custom_padding=&#8221;0px|0px|0px|5%|false|false&#8221; custom_width_px__hover=&#8221;1080px&#8221; custom_width_px__hover_enabled=&#8221;1080px&#8221; custom_width_percent__hover=&#8221;80%&#8221; custom_width_percent__hover_enabled=&#8221;80%&#8221; global_colors_info=&#8221;{}&#8221; make_fullwidth__hover=&#8221;off&#8221; make_fullwidth__hover_enabled=&#8221;off&#8221; use_custom_width__hover=&#8221;off&#8221; use_custom_width__hover_enabled=&#8221;off&#8221; width_unit__hover=&#8221;on&#8221; width_unit__hover_enabled=&#8221;on&#8221;][et_pb_row admin_label=&#8221;Row&#8221; _builder_version=&#8221;4.16&#8243; background_size=&#8221;initial&#8221; background_position=&#8221;top_left&#8221; background_repeat=&#8221;repeat&#8221; max_width=&#8221;100%&#8221; custom_margin=&#8221;-44px|auto||2px||&#8221; global_colors_info=&#8221;{}&#8221;][et_pb_column type=&#8221;4_4&#8243; _builder_version=&#8221;4.16&#8243; custom_padding=&#8221;|||&#8221; global_colors_info=&#8221;{}&#8221; custom_padding__hover=&#8221;|||&#8221;][et_pb_text admin_label=&#8221;Text&#8221; _builder_version=&#8221;4.21.0&#8243; text_font=&#8221;Domine||||||||&#8221; text_text_color=&#8221;#000000&#8243; text_font_size=&#8221;25px&#8221; text_line_height=&#8221;35em&#8221; header_font=&#8221;Diplomata SC||||||||&#8221; header_text_align=&#8221;center&#8221; header_font_size=&#8221;5vw&#8221; header_2_font=&#8221;||||||||&#8221; background_layout=&#8221;dark&#8221; custom_margin=&#8221;-23px||20px|||&#8221; animation_style=&#8221;fade&#8221; hover_enabled=&#8221;0&#8243; header_font_size_tablet=&#8221;&#8221; header_font_size_phone=&#8221;&#8221; header_font_size_last_edited=&#8221;on|phone&#8221; header_text_shadow_style=&#8221;preset5&#8243; global_colors_info=&#8221;{}&#8221; sticky_enabled=&#8221;0&#8243;]<\/p>\n<p><span style=\"color: #000000;\">Bodegas Alfaro is the most flamenco of the traditional taverns in the centre of Madrid. Rancapino, Chocolate and El Torta have sat at its zinc bar for tapas.<\/span><\/p>\n<p>[\/et_pb_text][\/et_pb_column][\/et_pb_row][et_pb_row _builder_version=&#8221;4.21.0&#8243; _module_preset=&#8221;default&#8221; min_height=&#8221;591.5px&#8221; global_colors_info=&#8221;{}&#8221;][et_pb_column type=&#8221;4_4&#8243; _builder_version=&#8221;4.21.0&#8243; _module_preset=&#8221;default&#8221; global_colors_info=&#8221;{}&#8221;][et_pb_image src=&#8221;@ET-DC@eyJkeW5hbWljIjp0cnVlLCJjb250ZW50IjoicG9zdF9mZWF0dXJlZF9pbWFnZSIsInNldHRpbmdzIjp7fX0=@&#8221; _builder_version=&#8221;4.21.0&#8243; _dynamic_attributes=&#8221;src&#8221; _module_preset=&#8221;default&#8221; custom_margin=&#8221;-47px|||-46px||&#8221; global_colors_info=&#8221;{}&#8221; image_caption_color=&#8221;#000000&#8243; image_caption_size=&#8221;11px&#8221; image_caption_lineheight=&#8221;1em&#8221; image_caption_alignment=&#8221;right&#8221;][\/et_pb_image][\/et_pb_column][\/et_pb_row][et_pb_row _builder_version=&#8221;4.21.0&#8243; width=&#8221;auto&#8221; max_width=&#8221;none&#8221; custom_margin=&#8221;-27px|auto||auto||&#8221; use_custom_width=&#8221;on&#8221; custom_width_px=&#8221;1280px&#8221; custom_width_px__hover=&#8221;1080px&#8221; custom_width_px__hover_enabled=&#8221;1080px&#8221; custom_width_percent__hover=&#8221;80%&#8221; custom_width_percent__hover_enabled=&#8221;80%&#8221; global_colors_info=&#8221;{}&#8221; use_custom_width__hover=&#8221;off&#8221; use_custom_width__hover_enabled=&#8221;off&#8221; width_unit__hover=&#8221;on&#8221; width_unit__hover_enabled=&#8221;on&#8221; make_fullwidth__hover=&#8221;off&#8221; make_fullwidth__hover_enabled=&#8221;off&#8221;][et_pb_column type=&#8221;4_4&#8243; _builder_version=&#8221;4.16&#8243; custom_padding=&#8221;|||&#8221; global_colors_info=&#8221;{}&#8221; custom_padding__hover=&#8221;|||&#8221;][et_pb_text _builder_version=&#8221;4.21.0&#8243; _module_preset=&#8221;7262e956-c376-4aa6-9642-c413f71527d0&#8243; text_font=&#8221;Domine||||||||&#8221; text_text_color=&#8221;#000000&#8243; text_font_size=&#8221;20px&#8221; text_line_height=&#8221;32em&#8221; background_layout=&#8221;dark&#8221; text_font_size_tablet=&#8221;&#8221; text_font_size_phone=&#8221;13px&#8221; text_font_size_last_edited=&#8221;on|phone&#8221; header_font_size_tablet=&#8221;55px&#8221; header_font_size_last_edited=&#8221;off|desktop&#8221; global_colors_info=&#8221;{}&#8221;]<\/p>\n<p>For decades, the Lavapi\u00e9s neighbourhood has been the Spanish capital&#8217;s cal\u00f3 area and, in general, a multicultural neighbourhood, perhaps the most eclectic in Madrid. At the end of the 80s and until the end of the 90s, it was the stopping place for the flamingos. Venues such as the Candela or the now defunct Casa Patas used to host Camar\u00f3n, Paco de Luc\u00eda, Jos\u00e9 Menese, Enrique Morente or the Carmonas when night began to fall.<\/p>\n<p>The day, on the other hand, was for tapas, vermouth or beer. Bodegas Alfaro was the preferred tavern for most of them. The reason, basically, is that the place sounded constantly like Jerez flamenco. <\/p>\n<p>[\/et_pb_text][et_pb_text _builder_version=&#8221;4.21.0&#8243; _module_preset=&#8221;7262e956-c376-4aa6-9642-c413f71527d0&#8243; text_font=&#8221;Domine||||||||&#8221; text_text_color=&#8221;#000000&#8243; text_font_size=&#8221;20px&#8221; text_line_height=&#8221;32em&#8221; header_2_font=&#8221;Domine||||||||&#8221; background_layout=&#8221;dark&#8221; text_font_size_tablet=&#8221;&#8221; text_font_size_phone=&#8221;13px&#8221; text_font_size_last_edited=&#8221;on|phone&#8221; header_font_size_tablet=&#8221;55px&#8221; header_font_size_last_edited=&#8221;off|desktop&#8221; global_colors_info=&#8221;{}&#8221;]<\/p>\n<h2><span style=\"color: #000000;\">Bodegas Alfaro and the flamenco scene<\/span><\/h2>\n<p>This century-old tavern, founded by the Alfaro family in the early 20th century as a bulk wine business, is now run by \u00c1ngel Rodr\u00edguez and his sons. He himself was a regular customer of the tavern and, when he was told it was going to close, he joined with a couple of other customers and, in 1997, Bodegas Alfaro passed into his hands.<\/p>\n<p>\u00c1ngel, a native of Jerez de la Frontera, lived flamenco with great passion. This was a hobby that permeated the venue, where good flamenco was played continuously and the walls were filled with photos taken at the shows. It was a sweet time for flamenco in Madrid, with very active pe\u00f1as (such as El Duende or El Chaquet\u00f3n) and constant concerts, festivals and conferences.<\/p>\n<p>\u00c1ngel tried to go to everything and, of course, he made good friends in the flamenco environment. In a natural way, this old bodega became the &#8220;home&#8221; for artists such as Rubichi, El Agujetas, El Torta, Chocolate, El Capullo, Rancapino or Chaquet\u00f3n. And that tradition continues to this day. <\/p>\n<p>[\/et_pb_text][\/et_pb_column][\/et_pb_row][\/et_pb_section][et_pb_section fb_built=&#8221;1&#8243; admin_label=&#8221;Content&#8221; module_id=&#8221;content&#8221; _builder_version=&#8221;4.16&#8243; custom_margin=&#8221;-16px|||||&#8221; custom_padding=&#8221;14px|||||&#8221; custom_width_px__hover=&#8221;1080px&#8221; custom_width_px__hover_enabled=&#8221;1080px&#8221; custom_width_percent__hover=&#8221;80%&#8221; custom_width_percent__hover_enabled=&#8221;80%&#8221; global_colors_info=&#8221;{}&#8221; make_fullwidth__hover=&#8221;off&#8221; make_fullwidth__hover_enabled=&#8221;off&#8221; use_custom_width__hover=&#8221;off&#8221; use_custom_width__hover_enabled=&#8221;off&#8221; width_unit__hover=&#8221;on&#8221; width_unit__hover_enabled=&#8221;on&#8221;][et_pb_row column_structure=&#8221;1_2,1_2&#8243; _builder_version=&#8221;4.21.0&#8243; _module_preset=&#8221;default&#8221; global_colors_info=&#8221;{}&#8221;][et_pb_column type=&#8221;1_2&#8243; _builder_version=&#8221;4.21.0&#8243; _module_preset=&#8221;default&#8221; global_colors_info=&#8221;{}&#8221;][et_pb_image src=&#8221;https:\/\/allflamenco.net\/wp-content\/uploads\/2023\/07\/11140256_1017067341689828_5679766852651017013_n.jpg&#8221; alt=&#8221;Bodegas Alfaro&#8221; title_text=&#8221;Bodegas Alfaro&#8221; _builder_version=&#8221;4.21.0&#8243; _module_preset=&#8221;default&#8221; hover_enabled=&#8221;0&#8243; global_colors_info=&#8221;{}&#8221; sticky_enabled=&#8221;0&#8243; enable_caption_text=&#8221;on&#8221; image_caption_color=&#8221;#000000&#8243; image_caption_size=&#8221;11px&#8221; image_caption_lineheight=&#8221;1em&#8221; image_caption_alignment=&#8221;right&#8221;][\/et_pb_image][\/et_pb_column][et_pb_column type=&#8221;1_2&#8243; _builder_version=&#8221;4.21.0&#8243; _module_preset=&#8221;default&#8221; global_colors_info=&#8221;{}&#8221;][et_pb_image src=&#8221;https:\/\/allflamenco.net\/wp-content\/uploads\/2023\/07\/84026002_1042127819481909_8058081361442897920_n.jpg&#8221; alt=&#8221;Bodegas Alfaro&#8221; title_text=&#8221;Bodegas Alfaro&#8221; force_fullwidth=&#8221;on&#8221; _builder_version=&#8221;4.21.0&#8243; _module_preset=&#8221;default&#8221; hover_enabled=&#8221;0&#8243; global_colors_info=&#8221;{}&#8221; image_caption_color=&#8221;#000000&#8243; image_caption_size=&#8221;11px&#8221; image_caption_lineheight=&#8221;1em&#8221; image_caption_alignment=&#8221;right&#8221; enable_caption_text=&#8221;on&#8221; sticky_enabled=&#8221;0&#8243;][\/et_pb_image][\/et_pb_column][\/et_pb_row][et_pb_row _builder_version=&#8221;4.21.0&#8243; _module_preset=&#8221;default&#8221; global_colors_info=&#8221;{}&#8221;][et_pb_column type=&#8221;4_4&#8243; _builder_version=&#8221;4.21.0&#8243; _module_preset=&#8221;default&#8221; global_colors_info=&#8221;{}&#8221;][et_pb_text _builder_version=&#8221;4.21.0&#8243; _module_preset=&#8221;7262e956-c376-4aa6-9642-c413f71527d0&#8243; text_font=&#8221;Domine||||||||&#8221; text_text_color=&#8221;#000000&#8243; text_font_size=&#8221;20px&#8221; text_line_height=&#8221;32em&#8221; header_2_font=&#8221;Domine||||||||&#8221; background_layout=&#8221;dark&#8221; text_font_size_tablet=&#8221;&#8221; text_font_size_phone=&#8221;13px&#8221; text_font_size_last_edited=&#8221;on|phone&#8221; header_font_size_tablet=&#8221;55px&#8221; header_font_size_last_edited=&#8221;off|desktop&#8221; global_colors_info=&#8221;{}&#8221;]<\/p>\n<h2><span style=\"color: #000000;\">The star dish is salmorejo<\/span><\/h2>\n<p><span>In Alfaro you can enjoy dishes such as frigate tuna with peppers, sirloin steak in oil, smoked sardines, Iberian cured meats, Manchego cheese, anchovies in vinegar, its renowned salmorejo&#8230; and as for drinks, there is no shortage of draught beer, vermouth and wines from Jerez or Sanl\u00facar. \u00c1ngel learnt the secrets of salmorejo on his many trips to C\u00e1diz during a stopover in C\u00f3rdoba. He says that the success of his recipe has to do with using a magnificent AOVE&#8230; <\/span><\/p>\n<p>[\/et_pb_text][et_pb_text _builder_version=&#8221;4.21.0&#8243; _module_preset=&#8221;default&#8221; text_font=&#8221;Domine||||||||&#8221; text_text_color=&#8221;#000000&#8243; text_font_size=&#8221;20px&#8221; text_line_height=&#8221;32em&#8221; background_layout=&#8221;dark&#8221; global_colors_info=&#8221;{}&#8221;]<\/p>\n<p><strong>Bodegas Alfaro<\/strong><br \/>Calle del Ave Mar\u00eda, 10. <br \/>28012 Madrid<\/p>\n<div class=\"field field-name-field-postal-code field-type-text field-label-hidden\">\n<div class=\"field-items\">\n<div class=\"field-item odd\"><\/div>\n<\/div>\n<\/div>\n<p>[\/et_pb_text][\/et_pb_column][\/et_pb_row][\/et_pb_section]<\/p>\n","protected":false},"excerpt":{"rendered":"<p>Great artists come to Alfaro for tapas in a very flamenco atmosphere. <\/p>\n","protected":false},"author":1,"featured_media":385590,"comment_status":"open","ping_status":"open","sticky":false,"template":"","format":"standard","meta":{"_et_pb_use_builder":"on","_et_pb_old_content":"","_et_gb_content_width":"","footnotes":""},"categories":[138],"tags":[],"class_list":["post-387166","post","type-post","status-publish","format-standard","has-post-thumbnail","hentry","category-flamenco-culture"],"yoast_head":"<!-- This site is optimized with the Yoast SEO plugin v26.8 - https:\/\/yoast.com\/product\/yoast-seo-wordpress\/ -->\n<title>Bodegas Alfaro: flamenco tavern of traditional Madrid - ALL FLAMENCO<\/title>\n<meta name=\"description\" content=\"Great flamenco figures have made Bodegas Alfaro their favourite place in Lavapi\u00e9s for tapas.\" \/>\n<meta name=\"robots\" content=\"index, follow, max-snippet:-1, max-image-preview:large, max-video-preview:-1\" \/>\n<link rel=\"canonical\" href=\"https:\/\/allflamenco.net\/en\/blog\/wineries-alfaro-flamenco-in-madrid\/\" \/>\n<meta property=\"og:locale\" content=\"en_US\" \/>\n<meta property=\"og:type\" content=\"article\" \/>\n<meta property=\"og:title\" content=\"Bodegas Alfaro: flamenco tavern of traditional Madrid - ALL FLAMENCO\" \/>\n<meta property=\"og:description\" content=\"Great flamenco figures have made Bodegas Alfaro their favourite place in Lavapi\u00e9s for tapas.\" \/>\n<meta property=\"og:url\" content=\"https:\/\/allflamenco.net\/en\/blog\/wineries-alfaro-flamenco-in-madrid\/\" \/>\n<meta property=\"og:site_name\" content=\"ALL FLAMENCO\" \/>\n<meta property=\"article:publisher\" content=\"https:\/\/www.facebook.com\/allflamenco\" \/>\n<meta property=\"article:published_time\" content=\"2023-08-11T18:25:44+00:00\" \/>\n<meta property=\"article:modified_time\" content=\"2023-08-21T19:38:20+00:00\" \/>\n<meta property=\"og:image\" content=\"https:\/\/allflamenco.net\/wp-content\/uploads\/2023\/07\/Alfaro-exterior-e1689112506418.jpg\" \/>\n\t<meta property=\"og:image:width\" content=\"1600\" \/>\n\t<meta property=\"og:image:height\" content=\"1200\" \/>\n\t<meta property=\"og:image:type\" content=\"image\/jpeg\" \/>\n<meta name=\"author\" content=\"operations\" \/>\n<meta name=\"twitter:card\" content=\"summary_large_image\" \/>\n<meta name=\"twitter:creator\" content=\"@all_flamenco\" \/>\n<meta name=\"twitter:site\" content=\"@all_flamenco\" \/>\n<meta name=\"twitter:label1\" content=\"Written by\" \/>\n\t<meta name=\"twitter:data1\" content=\"operations\" \/>\n\t<meta name=\"twitter:label2\" content=\"Est. reading time\" \/>\n\t<meta name=\"twitter:data2\" content=\"8 minutes\" \/>\n<script type=\"application\/ld+json\" class=\"yoast-schema-graph\">{\"@context\":\"https:\/\/schema.org\",\"@graph\":[{\"@type\":\"Article\",\"@id\":\"https:\/\/allflamenco.net\/en\/blog\/wineries-alfaro-flamenco-in-madrid\/#article\",\"isPartOf\":{\"@id\":\"https:\/\/allflamenco.net\/en\/blog\/wineries-alfaro-flamenco-in-madrid\/\"},\"author\":{\"name\":\"operations\",\"@id\":\"https:\/\/allflamenco.net\/en\/#\/schema\/person\/d719366e7dbfec3bf209ab328be58252\"},\"headline\":\"Bodegas Alfaro: flamenco tavern of traditional Madrid\",\"datePublished\":\"2023-08-11T18:25:44+00:00\",\"dateModified\":\"2023-08-21T19:38:20+00:00\",\"mainEntityOfPage\":{\"@id\":\"https:\/\/allflamenco.net\/en\/blog\/wineries-alfaro-flamenco-in-madrid\/\"},\"wordCount\":1576,\"commentCount\":0,\"publisher\":{\"@id\":\"https:\/\/allflamenco.net\/en\/#organization\"},\"image\":{\"@id\":\"https:\/\/allflamenco.net\/en\/blog\/wineries-alfaro-flamenco-in-madrid\/#primaryimage\"},\"thumbnailUrl\":\"https:\/\/allflamenco.net\/wp-content\/uploads\/2023\/07\/Alfaro-exterior-e1689112506418.jpg\",\"articleSection\":[\"Flamenco Culture\"],\"inLanguage\":\"en-US\",\"potentialAction\":[{\"@type\":\"CommentAction\",\"name\":\"Comment\",\"target\":[\"https:\/\/allflamenco.net\/en\/blog\/wineries-alfaro-flamenco-in-madrid\/#respond\"]}]},{\"@type\":\"WebPage\",\"@id\":\"https:\/\/allflamenco.net\/en\/blog\/wineries-alfaro-flamenco-in-madrid\/\",\"url\":\"https:\/\/allflamenco.net\/en\/blog\/wineries-alfaro-flamenco-in-madrid\/\",\"name\":\"Bodegas Alfaro: flamenco tavern of traditional Madrid - ALL FLAMENCO\",\"isPartOf\":{\"@id\":\"https:\/\/allflamenco.net\/en\/#website\"},\"primaryImageOfPage\":{\"@id\":\"https:\/\/allflamenco.net\/en\/blog\/wineries-alfaro-flamenco-in-madrid\/#primaryimage\"},\"image\":{\"@id\":\"https:\/\/allflamenco.net\/en\/blog\/wineries-alfaro-flamenco-in-madrid\/#primaryimage\"},\"thumbnailUrl\":\"https:\/\/allflamenco.net\/wp-content\/uploads\/2023\/07\/Alfaro-exterior-e1689112506418.jpg\",\"datePublished\":\"2023-08-11T18:25:44+00:00\",\"dateModified\":\"2023-08-21T19:38:20+00:00\",\"description\":\"Great flamenco figures have made Bodegas Alfaro their favourite place in Lavapi\u00e9s for tapas.\",\"breadcrumb\":{\"@id\":\"https:\/\/allflamenco.net\/en\/blog\/wineries-alfaro-flamenco-in-madrid\/#breadcrumb\"},\"inLanguage\":\"en-US\",\"potentialAction\":[{\"@type\":\"ReadAction\",\"target\":[\"https:\/\/allflamenco.net\/en\/blog\/wineries-alfaro-flamenco-in-madrid\/\"]}]},{\"@type\":\"ImageObject\",\"inLanguage\":\"en-US\",\"@id\":\"https:\/\/allflamenco.net\/en\/blog\/wineries-alfaro-flamenco-in-madrid\/#primaryimage\",\"url\":\"https:\/\/allflamenco.net\/wp-content\/uploads\/2023\/07\/Alfaro-exterior-e1689112506418.jpg\",\"contentUrl\":\"https:\/\/allflamenco.net\/wp-content\/uploads\/2023\/07\/Alfaro-exterior-e1689112506418.jpg\",\"width\":1600,\"height\":1200,\"caption\":\"Bodegas Alfaro\"},{\"@type\":\"BreadcrumbList\",\"@id\":\"https:\/\/allflamenco.net\/en\/blog\/wineries-alfaro-flamenco-in-madrid\/#breadcrumb\",\"itemListElement\":[{\"@type\":\"ListItem\",\"position\":1,\"name\":\"Home\",\"item\":\"https:\/\/allflamenco.net\/en\/\"},{\"@type\":\"ListItem\",\"position\":2,\"name\":\"Bodegas Alfaro: flamenco tavern of traditional Madrid\"}]},{\"@type\":\"WebSite\",\"@id\":\"https:\/\/allflamenco.net\/en\/#website\",\"url\":\"https:\/\/allflamenco.net\/en\/\",\"name\":\"ALL FLAMENCO\",\"description\":\"El canal para los amantes del flamenco\",\"publisher\":{\"@id\":\"https:\/\/allflamenco.net\/en\/#organization\"},\"potentialAction\":[{\"@type\":\"SearchAction\",\"target\":{\"@type\":\"EntryPoint\",\"urlTemplate\":\"https:\/\/allflamenco.net\/en\/?s={search_term_string}\"},\"query-input\":{\"@type\":\"PropertyValueSpecification\",\"valueRequired\":true,\"valueName\":\"search_term_string\"}}],\"inLanguage\":\"en-US\"},{\"@type\":\"Organization\",\"@id\":\"https:\/\/allflamenco.net\/en\/#organization\",\"name\":\"ALL FLAMENCO\",\"alternateName\":\"AF\",\"url\":\"https:\/\/allflamenco.net\/en\/\",\"logo\":{\"@type\":\"ImageObject\",\"inLanguage\":\"en-US\",\"@id\":\"https:\/\/allflamenco.net\/en\/#\/schema\/logo\/image\/\",\"url\":\"https:\/\/allflamenco.net\/wp-content\/uploads\/2023\/09\/logo-allflamenco.jpg\",\"contentUrl\":\"https:\/\/allflamenco.net\/wp-content\/uploads\/2023\/09\/logo-allflamenco.jpg\",\"width\":696,\"height\":696,\"caption\":\"ALL FLAMENCO\"},\"image\":{\"@id\":\"https:\/\/allflamenco.net\/en\/#\/schema\/logo\/image\/\"},\"sameAs\":[\"https:\/\/www.facebook.com\/allflamenco\",\"https:\/\/x.com\/all_flamenco\",\"https:\/\/www.instagram.com\/allflamenco\",\"https:\/\/www.pinterest.es\/allflamenco\/\",\"https:\/\/www.youtube.com\/@ALLFLAMENCO\",\"https:\/\/www.tiktok.com\/@allflamenco\"]},{\"@type\":\"Person\",\"@id\":\"https:\/\/allflamenco.net\/en\/#\/schema\/person\/d719366e7dbfec3bf209ab328be58252\",\"name\":\"operations\",\"sameAs\":[\"http:\/\/new.allflamenco.net\"]}]}<\/script>\n<!-- \/ Yoast SEO plugin. -->","yoast_head_json":{"title":"Bodegas Alfaro: flamenco tavern of traditional Madrid - ALL FLAMENCO","description":"Great flamenco figures have made Bodegas Alfaro their favourite place in Lavapi\u00e9s for tapas.","robots":{"index":"index","follow":"follow","max-snippet":"max-snippet:-1","max-image-preview":"max-image-preview:large","max-video-preview":"max-video-preview:-1"},"canonical":"https:\/\/allflamenco.net\/en\/blog\/wineries-alfaro-flamenco-in-madrid\/","og_locale":"en_US","og_type":"article","og_title":"Bodegas Alfaro: flamenco tavern of traditional Madrid - ALL FLAMENCO","og_description":"Great flamenco figures have made Bodegas Alfaro their favourite place in Lavapi\u00e9s for tapas.","og_url":"https:\/\/allflamenco.net\/en\/blog\/wineries-alfaro-flamenco-in-madrid\/","og_site_name":"ALL FLAMENCO","article_publisher":"https:\/\/www.facebook.com\/allflamenco","article_published_time":"2023-08-11T18:25:44+00:00","article_modified_time":"2023-08-21T19:38:20+00:00","og_image":[{"width":1600,"height":1200,"url":"https:\/\/allflamenco.net\/wp-content\/uploads\/2023\/07\/Alfaro-exterior-e1689112506418.jpg","type":"image\/jpeg"}],"author":"operations","twitter_card":"summary_large_image","twitter_creator":"@all_flamenco","twitter_site":"@all_flamenco","twitter_misc":{"Written by":"operations","Est. reading time":"8 minutes"},"schema":{"@context":"https:\/\/schema.org","@graph":[{"@type":"Article","@id":"https:\/\/allflamenco.net\/en\/blog\/wineries-alfaro-flamenco-in-madrid\/#article","isPartOf":{"@id":"https:\/\/allflamenco.net\/en\/blog\/wineries-alfaro-flamenco-in-madrid\/"},"author":{"name":"operations","@id":"https:\/\/allflamenco.net\/en\/#\/schema\/person\/d719366e7dbfec3bf209ab328be58252"},"headline":"Bodegas Alfaro: flamenco tavern of traditional Madrid","datePublished":"2023-08-11T18:25:44+00:00","dateModified":"2023-08-21T19:38:20+00:00","mainEntityOfPage":{"@id":"https:\/\/allflamenco.net\/en\/blog\/wineries-alfaro-flamenco-in-madrid\/"},"wordCount":1576,"commentCount":0,"publisher":{"@id":"https:\/\/allflamenco.net\/en\/#organization"},"image":{"@id":"https:\/\/allflamenco.net\/en\/blog\/wineries-alfaro-flamenco-in-madrid\/#primaryimage"},"thumbnailUrl":"https:\/\/allflamenco.net\/wp-content\/uploads\/2023\/07\/Alfaro-exterior-e1689112506418.jpg","articleSection":["Flamenco Culture"],"inLanguage":"en-US","potentialAction":[{"@type":"CommentAction","name":"Comment","target":["https:\/\/allflamenco.net\/en\/blog\/wineries-alfaro-flamenco-in-madrid\/#respond"]}]},{"@type":"WebPage","@id":"https:\/\/allflamenco.net\/en\/blog\/wineries-alfaro-flamenco-in-madrid\/","url":"https:\/\/allflamenco.net\/en\/blog\/wineries-alfaro-flamenco-in-madrid\/","name":"Bodegas Alfaro: flamenco tavern of traditional Madrid - ALL FLAMENCO","isPartOf":{"@id":"https:\/\/allflamenco.net\/en\/#website"},"primaryImageOfPage":{"@id":"https:\/\/allflamenco.net\/en\/blog\/wineries-alfaro-flamenco-in-madrid\/#primaryimage"},"image":{"@id":"https:\/\/allflamenco.net\/en\/blog\/wineries-alfaro-flamenco-in-madrid\/#primaryimage"},"thumbnailUrl":"https:\/\/allflamenco.net\/wp-content\/uploads\/2023\/07\/Alfaro-exterior-e1689112506418.jpg","datePublished":"2023-08-11T18:25:44+00:00","dateModified":"2023-08-21T19:38:20+00:00","description":"Great flamenco figures have made Bodegas Alfaro their favourite place in Lavapi\u00e9s for tapas.","breadcrumb":{"@id":"https:\/\/allflamenco.net\/en\/blog\/wineries-alfaro-flamenco-in-madrid\/#breadcrumb"},"inLanguage":"en-US","potentialAction":[{"@type":"ReadAction","target":["https:\/\/allflamenco.net\/en\/blog\/wineries-alfaro-flamenco-in-madrid\/"]}]},{"@type":"ImageObject","inLanguage":"en-US","@id":"https:\/\/allflamenco.net\/en\/blog\/wineries-alfaro-flamenco-in-madrid\/#primaryimage","url":"https:\/\/allflamenco.net\/wp-content\/uploads\/2023\/07\/Alfaro-exterior-e1689112506418.jpg","contentUrl":"https:\/\/allflamenco.net\/wp-content\/uploads\/2023\/07\/Alfaro-exterior-e1689112506418.jpg","width":1600,"height":1200,"caption":"Bodegas Alfaro"},{"@type":"BreadcrumbList","@id":"https:\/\/allflamenco.net\/en\/blog\/wineries-alfaro-flamenco-in-madrid\/#breadcrumb","itemListElement":[{"@type":"ListItem","position":1,"name":"Home","item":"https:\/\/allflamenco.net\/en\/"},{"@type":"ListItem","position":2,"name":"Bodegas Alfaro: flamenco tavern of traditional Madrid"}]},{"@type":"WebSite","@id":"https:\/\/allflamenco.net\/en\/#website","url":"https:\/\/allflamenco.net\/en\/","name":"ALL FLAMENCO","description":"El canal para los amantes del flamenco","publisher":{"@id":"https:\/\/allflamenco.net\/en\/#organization"},"potentialAction":[{"@type":"SearchAction","target":{"@type":"EntryPoint","urlTemplate":"https:\/\/allflamenco.net\/en\/?s={search_term_string}"},"query-input":{"@type":"PropertyValueSpecification","valueRequired":true,"valueName":"search_term_string"}}],"inLanguage":"en-US"},{"@type":"Organization","@id":"https:\/\/allflamenco.net\/en\/#organization","name":"ALL FLAMENCO","alternateName":"AF","url":"https:\/\/allflamenco.net\/en\/","logo":{"@type":"ImageObject","inLanguage":"en-US","@id":"https:\/\/allflamenco.net\/en\/#\/schema\/logo\/image\/","url":"https:\/\/allflamenco.net\/wp-content\/uploads\/2023\/09\/logo-allflamenco.jpg","contentUrl":"https:\/\/allflamenco.net\/wp-content\/uploads\/2023\/09\/logo-allflamenco.jpg","width":696,"height":696,"caption":"ALL FLAMENCO"},"image":{"@id":"https:\/\/allflamenco.net\/en\/#\/schema\/logo\/image\/"},"sameAs":["https:\/\/www.facebook.com\/allflamenco","https:\/\/x.com\/all_flamenco","https:\/\/www.instagram.com\/allflamenco","https:\/\/www.pinterest.es\/allflamenco\/","https:\/\/www.youtube.com\/@ALLFLAMENCO","https:\/\/www.tiktok.com\/@allflamenco"]},{"@type":"Person","@id":"https:\/\/allflamenco.net\/en\/#\/schema\/person\/d719366e7dbfec3bf209ab328be58252","name":"operations","sameAs":["http:\/\/new.allflamenco.net"]}]}},"_links":{"self":[{"href":"https:\/\/allflamenco.net\/en\/wp-json\/wp\/v2\/posts\/387166","targetHints":{"allow":["GET"]}}],"collection":[{"href":"https:\/\/allflamenco.net\/en\/wp-json\/wp\/v2\/posts"}],"about":[{"href":"https:\/\/allflamenco.net\/en\/wp-json\/wp\/v2\/types\/post"}],"author":[{"embeddable":true,"href":"https:\/\/allflamenco.net\/en\/wp-json\/wp\/v2\/users\/1"}],"replies":[{"embeddable":true,"href":"https:\/\/allflamenco.net\/en\/wp-json\/wp\/v2\/comments?post=387166"}],"version-history":[{"count":9,"href":"https:\/\/allflamenco.net\/en\/wp-json\/wp\/v2\/posts\/387166\/revisions"}],"predecessor-version":[{"id":395510,"href":"https:\/\/allflamenco.net\/en\/wp-json\/wp\/v2\/posts\/387166\/revisions\/395510"}],"wp:featuredmedia":[{"embeddable":true,"href":"https:\/\/allflamenco.net\/en\/wp-json\/wp\/v2\/media\/385590"}],"wp:attachment":[{"href":"https:\/\/allflamenco.net\/en\/wp-json\/wp\/v2\/media?parent=387166"}],"wp:term":[{"taxonomy":"category","embeddable":true,"href":"https:\/\/allflamenco.net\/en\/wp-json\/wp\/v2\/categories?post=387166"},{"taxonomy":"post_tag","embeddable":true,"href":"https:\/\/allflamenco.net\/en\/wp-json\/wp\/v2\/tags?post=387166"}],"curies":[{"name":"wp","href":"https:\/\/api.w.org\/{rel}","templated":true}]}}